{"id":104721,"date":"2025-11-16T20:52:11","date_gmt":"2025-11-16T20:52:11","guid":{"rendered":"https:\/\/www.europesays.com\/pl\/104721\/"},"modified":"2025-11-16T20:52:11","modified_gmt":"2025-11-16T20:52:11","slug":"agnieszka-kaczorowska-i-marcin-rogacewicz-wrocili-do-tanca-z-gwiazdami-od-razu-poszli-za-kulisy","status":"publish","type":"post","link":"https:\/\/www.europesays.com\/pl\/104721\/","title":{"rendered":"Agnieszka Kaczorowska i Marcin Rogacewicz wr\u00f3cili do &#8222;Ta\u0144ca z gwiazdami&#8221;. Od razu poszli za kulisy"},"content":{"rendered":"<p class=\"Paragraph_desktopParagraph__U31Gm\">Tego, kto zdob\u0119dzie Kryszta\u0142ow\u0105 Kul\u0119 jesiennej edycji &#8222;Ta\u0144ca z gwiazdami&#8221;, dowiemy si\u0119 w niedzielny wiecz\u00f3r. O zwyci\u0119stwo walcz\u0105 trzy pary: Wiktoria Gorodecka i Kamil Kuroczko, Miko\u0142aj &#8222;Bagi&#8221; Bagi\u0144ski i Magdalena Tarnowska oraz Maurycy Popiel i Sara Janicka. Z okazji fina\u0142owego odcinka na parkiecie pojawi\u0142y si\u0119 r\u00f3wnie\u017c wszystkie pozosta\u0142e pary tej edycji.<\/p>\n<ul class=\"OchatFollowUps_wrapper__1ry7X\">\n<li class=\"OchatFollowUps_item__Dhyly OchatFollowUps_itemDesktop__R6aBv\">Kiedy odby\u0142 si\u0119 fina\u0142owy odcinek 'Ta\u0144ca z gwiazdami&#8217;?<\/li>\n<li class=\"OchatFollowUps_item__Dhyly OchatFollowUps_itemDesktop__R6aBv\">Jakie stylizacje mia\u0142a Agnieszka Kaczorowska i Marcin Rogacewicz?<\/li>\n<li class=\"OchatFollowUps_item__Dhyly OchatFollowUps_itemDesktop__R6aBv\">Kto walczy o Kryszta\u0142ow\u0105 Kul\u0119 w finale?<\/li>\n<li class=\"OchatFollowUps_item__Dhyly OchatFollowUps_itemDesktop__R6aBv\">Dlaczego pojawi\u0142y si\u0119 w\u0105tpliwo\u015bci dotycz\u0105ce powrotu Kaczorowskiej i Rogacewicza?<\/li>\n<\/ul>\n<p>Agnieszka Kaczorowska i Marcin Rogacewicz wr\u00f3cili do &#8222;Ta\u0144ca z gwiazdami&#8221;. <\/p>\n<p class=\"Paragraph_desktopParagraph__U31Gm\">Mimo wcze\u015bniejszych w\u0105tpliwo\u015bci dotycz\u0105cych udzia\u0142u Marcina Rogacewicza i Agnieszki Kaczorowskiej w finale, na kilka dni przed emisj\u0105 okaza\u0142o si\u0119, \u017ce para r\u00f3wnie\u017c powr\u00f3ci na parkiet \u2014 co potwierdzi\u0142a produkcja programu. Wraz z pozosta\u0142ymi uczestnikami zaprezentowali si\u0119 ju\u017c na samym pocz\u0105tku odcinka, podczas openingu. Schodz\u0105c z parkietu, od razu udali si\u0119 za kulisy.<\/p>\n<p class=\"Paragraph_desktopParagraph__U31Gm\">Nied\u0142ugo po tym wyst\u0119pie para zmieni\u0142a swoje stylizacje na zdecydowanie bardziej eleganckie, co wida\u0107 na uj\u0119ciach, na kt\u00f3rych stoj\u0105 wraz z pozosta\u0142ymi uczestnikami. Agnieszka Kaczorowska za\u0142o\u017cy\u0142a jasnor\u00f3\u017cow\u0105, bajeczn\u0105 sukni\u0119, natomiast Marcin Rogacewicz postawi\u0142 na klasyczny, ciemny garnitur.<\/p>\n<p><img decoding=\"async\" class=\"Image_image__0tuHp \" height=\"305\" width=\"572\" src=\"https:\/\/www.europesays.com\/pl\/wp-content\/uploads\/2025\/11\/MMGk9kpTURBXy84Y2RlM2ZjYzk0N2Q0MDRiZTI3YzFiOTExMTllYWJjNS5wbmeSlQLNAjwAwsOVAgDNAtDCw94AA6EwAaExAaEzw.jpeg\" alt=\"Marcin Rogacewicz i Agnieszka Kaczorowska w &quot;Ta\u0144cu z gwiazdami&quot;\" loading=\"lazy\" \/>Polsat<img decoding=\"async\" class=\"Image_image__0tuHp \" height=\"302\" width=\"572\" src=\"https:\/\/www.europesays.com\/pl\/wp-content\/uploads\/2025\/11\/G9Mk9kpTURBXy9mZThmN2QwMzQyNzlhYzc0YmE1M2MxMjNmYjQwYWY0NC5wbmeSlQLNAjwAwsOVAgDNAtDCw94AA6EwAaExAaEzw.jpeg\" alt=\"Fina\u0142 &quot;Ta\u0144ca z gwiazdami&quot;\" loading=\"lazy\" \/>Polsat<\/p>\n","protected":false},"excerpt":{"rendered":"Tego, kto zdob\u0119dzie Kryszta\u0142ow\u0105 Kul\u0119 jesiennej edycji &#8222;Ta\u0144ca z gwiazdami&#8221;, dowiemy si\u0119 w niedzielny wiecz\u00f3r. O zwyci\u0119stwo walcz\u0105&hellip;\n","protected":false},"author":2,"featured_media":104722,"comment_status":"","ping_status":"","sticky":false,"template":"","format":"standard","meta":{"footnotes":""},"categories":[22],"tags":[172,122,67,3462,53,52,68,51,55,42,38,40,39,41,123,47,196,1863,65,50],"class_list":{"0":"post-104721","1":"post","2":"type-post","3":"status-publish","4":"format-standard","5":"has-post-thumbnail","7":"category-rozrywka","8":"tag-agnieszka_kaczorowska","9":"tag-entertainment","10":"tag-intextvideo_splayer","11":"tag-marcin_rogacewicz","12":"tag-new_header","13":"tag-onet3","14":"tag-onet3d","15":"tag-onet3d_2i","16":"tag-phx","17":"tag-pl","18":"tag-poland","19":"tag-polish","20":"tag-polska","21":"tag-polski","22":"tag-rozrywka","23":"tag-screening_general","24":"tag-styl_zycia","25":"tag-taniec_z_gwiazdami_program_tv","26":"tag-update_me","27":"tag-v2021"},"share_on_mastodon":{"url":"https:\/\/pubeurope.com\/@pl\/115561362038600844","error":""},"_links":{"self":[{"href":"https:\/\/www.europesays.com\/pl\/wp-json\/wp\/v2\/posts\/104721","targetHints":{"allow":["GET"]}}],"collection":[{"href":"https:\/\/www.europesays.com\/pl\/wp-json\/wp\/v2\/posts"}],"about":[{"href":"https:\/\/www.europesays.com\/pl\/wp-json\/wp\/v2\/types\/post"}],"author":[{"embeddable":true,"href":"https:\/\/www.europesays.com\/pl\/wp-json\/wp\/v2\/users\/2"}],"replies":[{"embeddable":true,"href":"https:\/\/www.europesays.com\/pl\/wp-json\/wp\/v2\/comments?post=104721"}],"version-history":[{"count":0,"href":"https:\/\/www.europesays.com\/pl\/wp-json\/wp\/v2\/posts\/104721\/revisions"}],"wp:featuredmedia":[{"embeddable":true,"href":"https:\/\/www.europesays.com\/pl\/wp-json\/wp\/v2\/media\/104722"}],"wp:attachment":[{"href":"https:\/\/www.europesays.com\/pl\/wp-json\/wp\/v2\/media?parent=104721"}],"wp:term":[{"taxonomy":"category","embeddable":true,"href":"https:\/\/www.europesays.com\/pl\/wp-json\/wp\/v2\/categories?post=104721"},{"taxonomy":"post_tag","embeddable":true,"href":"https:\/\/www.europesays.com\/pl\/wp-json\/wp\/v2\/tags?post=104721"}],"curies":[{"name":"wp","href":"https:\/\/api.w.org\/{rel}","templated":true}]}}