{"id":104842,"date":"2025-11-16T22:56:10","date_gmt":"2025-11-16T22:56:10","guid":{"rendered":"https:\/\/www.europesays.com\/pl\/104842\/"},"modified":"2025-11-16T22:56:10","modified_gmt":"2025-11-16T22:56:10","slug":"wyniki-tanca-z-gwiazdami-zszokowaly-jurorow-miny-mowia-same-za-siebie","status":"publish","type":"post","link":"https:\/\/www.europesays.com\/pl\/104842\/","title":{"rendered":"Wyniki &#8222;Ta\u0144ca z gwiazdami&#8221; zszokowa\u0142y juror\u00f3w. Miny m\u00f3wi\u0105 same za siebie"},"content":{"rendered":"<p class=\"Paragraph_desktopParagraph__U31Gm\">&#8222;<a href=\"https:\/\/plejada.pl\/taniec-z-gwiazdami-program-tv\" id=\"c5d12e19-9c06-447d-ab30-5fc03567e7c2\" rel=\"nofollow noopener\" target=\"_blank\">Taniec z gwiazdami<\/a>&#8221; wywo\u0142uje wiele emocji. Nie chodzi wy\u0142\u0105cznie o to, jak ta\u0144cz\u0105 gwiazdy i ich partnerzy, ale te\u017c o spos\u00f3b oceniania ich przez juror\u00f3w, a tak\u017ce g\u0142osowanie widz\u00f3w, kt\u00f3rzy zwykle kieruj\u0105 si\u0119 bardziej sympati\u0105 do uczestnik\u00f3w ni\u017c ich talentem tanecznym. Jubileuszow\u0105 edycj\u0119 wygrali <a href=\"https:\/\/plejada.pl\/mikolaj-bagi-baginski\" id=\"a7f1665a-a52c-46f1-bd83-9821e454777e\" rel=\"nofollow noopener\" target=\"_blank\">Miko\u0142aj &#8222;Bagi&#8221; Bagi\u0144ski<\/a> i Magdalena Tarnowska, cho\u0107 mieli najmniej punkt\u00f3w od jury spo\u015br\u00f3d wszystkich finalist\u00f3w.<\/p>\n<ul class=\"OchatFollowUps_wrapper__1ry7X\">\n<li class=\"OchatFollowUps_item__Dhyly OchatFollowUps_itemDesktop__R6aBv\">Kto wygra\u0142 30. edycj\u0119 'Ta\u0144ca z gwiazdami&#8217;?<\/li>\n<li class=\"OchatFollowUps_item__Dhyly OchatFollowUps_itemDesktop__R6aBv\">Jakie by\u0142o trzecie miejsce w finale?<\/li>\n<li class=\"OchatFollowUps_item__Dhyly OchatFollowUps_itemDesktop__R6aBv\">Ile punkt\u00f3w zdobyli Wiktoria Gorodecka i Kamil Kuroczko?<\/li>\n<li class=\"OchatFollowUps_item__Dhyly OchatFollowUps_itemDesktop__R6aBv\">Jak na wyniki zareagowali jurorzy?<\/li>\n<\/ul>\n<p class=\"Paragraph_desktopParagraph__U31Gm\">W finale ka\u017cda z trzech fina\u0142owych par zata\u0144czy\u0142a po trzy ta\u0144ca. Pierwszy z nim wybrali dla nich jurorzy, drugi \u2014 konkurent, a trzecim by\u0142 freestyle, na kt\u00f3ry zawsze najbardziej czekaj\u0105 uczestnicy show Polsatu. Po ka\u017cdej z rund jury przyznawa\u0142o swoje punkty. <a href=\"https:\/\/plejada.pl\/wiktoria-gorodecka\" id=\"2e407a23-3ea3-4e6d-aa71-6d8132d7f70b\" rel=\"nofollow noopener\" target=\"_blank\">Wiktoria Gorodecka<\/a> i Kamil Kuroczko jako jedyni za ka\u017cdym razem zdobywali komplet, a w sumie 40 pkt trafi\u0142o do nich 10 razy z rz\u0119du.<\/p>\n<p class=\"Paragraph_desktopParagraph__U31Gm\">Kiedy przyszed\u0142 czas og\u0142oszenia wynik\u00f3w, kt\u00f3re by\u0142y sum\u0105 punkt\u00f3w od juror\u00f3w i g\u0142os\u00f3w widz\u00f3w, okaza\u0142o si\u0119, \u017ce Wiktoria i Kamil zaj\u0119li trzecie miejsce. W\u00f3wczas realizatorzy pokazali jury. Rafa\u0142 Maserak, Ewa Kasprzyk, Tomasz Wygoda i Iwona Pavlovi\u0107 nie kryli zdziwienia tym, co us\u0142yszeli. Wystarczy spojrze\u0107 na ich miny.<\/p>\n<p><img decoding=\"async\" class=\"Image_image__0tuHp \" height=\"536\" width=\"940\" src=\"https:\/\/www.europesays.com\/pl\/wp-content\/uploads\/2025\/11\/tV-k9kpTURBXy9mNmI5MWQwM2M0YjgzNWEwMWM1Y2U0ZmFiZTg1NWNlMS5wbmeSlQLNA6wAwsOVAgDNAkvCw94AA6EwAaExAaEzw.jpeg\" alt=\"Jury po og\u0142oszeniu werdyktu widz\u00f3w\" loading=\"lazy\" \/>Polsat<\/p>\n<p>Jury po og\u0142oszeniu werdyktu widz\u00f3w<\/p>\n<p class=\"Paragraph_desktopParagraph__U31Gm\">Drugie miejsce przypad\u0142o Maurycemu Popielowi i Sarze Janickiej. Ze zwyci\u0119stwa mogli cieszy\u0107 si\u0119 Bagi i Magdalena Tarnowska. Po og\u0142oszeniu werdyktu w sieci zawrza\u0142o. Cz\u0119\u015b\u0107 internaut\u00f3w nie zgadza si\u0119 z tak\u0105 kolejno\u015bci\u0105.<\/p>\n<p class=\"Paragraph_desktopParagraph__U31Gm\">&#8222;Osoba, kt\u00f3ra najlepiej ta\u0144czy 3. miejsce?!&#8221;, &#8222;To jaki\u015b \u017cart?&#8221;, &#8222;\u015amiech na sali! To jest niemo\u017cliwe&#8221;, &#8222;Niestety, taniec nie wygra\u0142&#8221;, &#8222;Masakra&#8221; \u2014 czytamy na Instagramie pod postem dotycz\u0105cym Wiktorii Gorodeckiej i Kamila Kuroczki.<\/p>\n<p class=\"Paragraph_desktopParagraph__U31Gm\">Dzi\u0119kujemy, \u017ce przeczyta\u0142a\u015b\/e\u015b nasz artyku\u0142 do ko\u0144ca. W serwisie Plejada.pl ka\u017cdego dnia piszemy o najwa\u017cniejszych wydarzeniach show-biznesowych. B\u0105d\u017a na bie\u017c\u0105co! <a rel=\"nofollow noopener\" href=\"https:\/\/news.google.com\/publications\/CAAiEF0PeAlb7W1llpV_mwV2rL4qFAgKIhBdD3gJW-1tZZaVf5sFdqy-?hl=pl&amp;gl=PL&amp;ceid=PL%3Apl\" id=\"adcd4f52-e893-4f0f-875c-dc2cff765d3d\" target=\"_blank\">Obserwuj<\/a> Plejad\u0119 w Wiadomo\u015bciach Google. Odwied\u017a nas tak\u017ce na <a rel=\"nofollow noopener\" href=\"https:\/\/www.facebook.com\/plejadapl\" id=\"2cab7f75-f957-499c-8711-77cd4990d6c6\" target=\"_blank\">Facebooku<\/a>, <a rel=\"nofollow noopener\" href=\"https:\/\/www.instagram.com\/plejadapl\/\" id=\"be465d46-3091-4cea-a067-88e64559e5f3\" target=\"_blank\">Instagramie<\/a>, <a rel=\"nofollow noopener\" href=\"https:\/\/www.youtube.com\/c\/plejada\" id=\"98f2917f-a301-4f77-ad89-769b2ca50ee1\" target=\"_blank\">YouTubie<\/a> oraz <a rel=\"nofollow noopener\" href=\"https:\/\/www.tiktok.com\/@plejada_pl\" id=\"bf37b934-1d4a-4cc2-a506-d9ab77bf2b92\" target=\"_blank\">TikToku<\/a>.<\/p>\n<p class=\"Paragraph_desktopParagraph__U31Gm\">Chcesz podzieli\u0107 si\u0119 ciekawym newsem lub zaproponowa\u0107 temat? Skontaktuj si\u0119 z nami, pisz\u0105c maila na adres: <a href=\"https:\/\/www.onet.pl\/styl-zycia\/plejada\/wyniki-tanca-z-gwiazdami-zszokowaly-jurorow-miny-mowia-same-za-siebie\/mailto:plejada@redakcjaonet.pl\" id=\"4b5a916d-972c-4d9f-9019-af3d966bc941\" rel=\"nofollow noopener\" target=\"_blank\">plejada@redakcjaon<\/a><a rel=\"nofollow noopener\" href=\"http:\/\/et.pl\" id=\"b1a622c3-c9a7-4cc3-a22e-98105e3447dc\" target=\"_blank\">et.pl<\/a>.<\/p>\n<p><script async src=\"\/\/www.instagram.com\/embed.js\"><\/script><script async src=\"\/\/www.tiktok.com\/embed.js\"><\/script><\/p>\n","protected":false},"excerpt":{"rendered":"&#8222;Taniec z gwiazdami&#8221; wywo\u0142uje wiele emocji. Nie chodzi wy\u0142\u0105cznie o to, jak ta\u0144cz\u0105 gwiazdy i ich partnerzy, ale&hellip;\n","protected":false},"author":2,"featured_media":104843,"comment_status":"","ping_status":"","sticky":false,"template":"","format":"standard","meta":{"footnotes":""},"categories":[5],"tags":[32,33,3912,36,37,27,67,3997,10275,261,34,35,28,31,53,25,52,68,51,55,42,38,40,39,41,1280,3557,47,1863,3559,29,30,65,50,26,4786],"class_list":{"0":"post-104842","1":"post","2":"type-post","3":"status-publish","4":"format-standard","5":"has-post-thumbnail","7":"category-naglowki","8":"tag-breaking-news","9":"tag-breakingnews","10":"tag-ewa_kasprzyk_aktorka","11":"tag-featured-news","12":"tag-featurednews","13":"tag-headlines","14":"tag-intextvideo_splayer","15":"tag-iwona_pavlovic","16":"tag-kamil_kuroczko","17":"tag-kultura","18":"tag-latest-news","19":"tag-latestnews","20":"tag-naglowki","21":"tag-najwazniejsze-artykuly","22":"tag-new_header","23":"tag-news","24":"tag-onet3","25":"tag-onet3d","26":"tag-onet3d_2i","27":"tag-phx","28":"tag-pl","29":"tag-poland","30":"tag-polish","31":"tag-polska","32":"tag-polski","33":"tag-programy_tv","34":"tag-rafal_maserak","35":"tag-screening_general","36":"tag-taniec_z_gwiazdami_program_tv","37":"tag-tomasz_wygoda","38":"tag-top-stories","39":"tag-topstories","40":"tag-update_me","41":"tag-v2021","42":"tag-wiadomosci","43":"tag-wiktoria_gorodecka"},"share_on_mastodon":{"url":"","error":"Validation failed: Text character limit of 500 exceeded"},"_links":{"self":[{"href":"https:\/\/www.europesays.com\/pl\/wp-json\/wp\/v2\/posts\/104842","targetHints":{"allow":["GET"]}}],"collection":[{"href":"https:\/\/www.europesays.com\/pl\/wp-json\/wp\/v2\/posts"}],"about":[{"href":"https:\/\/www.europesays.com\/pl\/wp-json\/wp\/v2\/types\/post"}],"author":[{"embeddable":true,"href":"https:\/\/www.europesays.com\/pl\/wp-json\/wp\/v2\/users\/2"}],"replies":[{"embeddable":true,"href":"https:\/\/www.europesays.com\/pl\/wp-json\/wp\/v2\/comments?post=104842"}],"version-history":[{"count":0,"href":"https:\/\/www.europesays.com\/pl\/wp-json\/wp\/v2\/posts\/104842\/revisions"}],"wp:featuredmedia":[{"embeddable":true,"href":"https:\/\/www.europesays.com\/pl\/wp-json\/wp\/v2\/media\/104843"}],"wp:attachment":[{"href":"https:\/\/www.europesays.com\/pl\/wp-json\/wp\/v2\/media?parent=104842"}],"wp:term":[{"taxonomy":"category","embeddable":true,"href":"https:\/\/www.europesays.com\/pl\/wp-json\/wp\/v2\/categories?post=104842"},{"taxonomy":"post_tag","embeddable":true,"href":"https:\/\/www.europesays.com\/pl\/wp-json\/wp\/v2\/tags?post=104842"}],"curies":[{"name":"wp","href":"https:\/\/api.w.org\/{rel}","templated":true}]}}