{"id":104914,"date":"2025-11-17T00:06:19","date_gmt":"2025-11-17T00:06:19","guid":{"rendered":"https:\/\/www.europesays.com\/pl\/104914\/"},"modified":"2025-11-17T00:06:19","modified_gmt":"2025-11-17T00:06:19","slug":"wystarczylo-ze-obcial-ceny-i-jest-numerem-jeden-polakow-uznali-ze-sporo-tanszy-i-mocniejszy-hyundai-to-lepsza-okazja-niz-toyota","status":"publish","type":"post","link":"https:\/\/www.europesays.com\/pl\/104914\/","title":{"rendered":"Wystarczy\u0142o, \u017ce obci\u0105\u0142 ceny i jest numerem jeden Polak\u00f3w. Uznali, \u017ce sporo ta\u0144szy i mocniejszy Hyundai to lepsza okazja ni\u017c Toyota"},"content":{"rendered":"<p>Hybrydowy Hyundai Tucson to numer jeden klient\u00f3w firmowych w Polsce<\/p>\n<p>SUV, kt\u00f3ry pod wzgl\u0119dem wymiar\u00f3w, komfortu wn\u0119trza i osi\u0105g\u00f3w przewy\u017csza Toyot\u0119 Corolla Cross to jedna z najciekawszych ofert w Polsce. Znacz\u0105ca zni\u017cka ceny ko\u0144cowej nie pozostawi\u0142a Polak\u00f3w oboj\u0119tnymi na rodzinne podej\u015bcie marki Hyundai do tego modelu, uwzgl\u0119dniaj\u0105ce ulepszony design, pakowno\u015b\u0107 i hybrydowy uk\u0142ad nap\u0119dowy. Po 10 miesi\u0105cach 2025 roku <a rel=\"noreferrer noopener nofollow\" target=\"_blank\" href=\"https:\/\/wrc.net.pl\/tag\/hyundai-tucson\/\">Hyundai Tucson<\/a>\u00a0 jest numerem jeden <a rel=\"noreferrer noopener nofollow\" target=\"_blank\" href=\"https:\/\/tiny.pl\/zr0k6vhk\">klient\u00f3w firmowych<\/a> w Polsce, je\u015bli chodzi o SUV-y.<\/p>\n<p>Model ten pozycjonowany jako solidna alternatywa dla os\u00f3b poszukuj\u0105cych ekologicznego, funkcjonalnego samochodu bez konieczno\u015bci pe\u0142nej elektryfikacji. Wersja Smart, cho\u0107 jest podstawow\u0105 wersj\u0105 w gamie hybrydowej, oferuje wi\u0119cej ni\u017c przyzwoite wyposa\u017cenie. Obejmuje ono na przyk\u0142ad:<br \/>\u2013 automatyczn\u0105 2-strefow\u0105 klimatyzacj\u0119,<br \/>\u2013 czujniki parkowania z przodu i z ty\u0142u,<br \/>\u2013 kamer\u0119 cofania,<br \/>\u2013 kilka asystent\u00f3w jazdy w tym asystenta monitorowania martwego pola (BCA),<br \/>\u2013 podgrzewan\u0105 kierownic\u0119 obszyt\u0105 sk\u00f3r\u0105,<br \/>\u2013 podgrzewane fotele,<br \/>\u2013 schowek pod pod\u0142og\u0105 baga\u017cnika,<br \/>\u2013 szyb\u0119 czo\u0142ow\u0105 atermiczn\u0105 z pow\u0142ok\u0105 akustyczn\u0105, tyln\u0105 szyb\u0119 podgrzewan\u0105,<br \/>\u2013 18\u2019calowe felgi aluminiowe.<\/p>\n<p>\n\t\t\tZobacz r\u00f3wnie\u017c\n\t\t<\/p>\n<p>Dzi\u0119ki temu model zachowuje wiele z atrakcyjno\u015bci Tucsona bez konieczno\u015bci si\u0119gania po du\u017co dro\u017csze wersje. Godne uwagi jest fakt, \u017ce hybrydowy Tucson nie zosta\u0142 pomy\u015blany jako wersja podstawowa, lecz jako kompleksowa opcja w obni\u017conej cenie. W rezultacie mo\u017ce bezpo\u015brednio konkurowa\u0107 z SUV-ami z ni\u017cszych segment\u00f3w, nie rezygnuj\u0105c przy tym z wizerunku ani przestrzeni. Zw\u0142aszcza \u017ce wyr\u00f3\u017cnia si\u0119 doskona\u0142ym zu\u017cyciem paliwa.<\/p>\n<p><a rel=\"noreferrer noopener\" target=\"_blank\" href=\"https:\/\/www.europesays.com\/pl\/wp-content\/uploads\/2025\/11\/media\"><img loading=\"lazy\" decoding=\"async\" class=\"size-full wp-image-495956 lazy-load\" src=\"https:\/\/www.europesays.com\/pl\/wp-content\/uploads\/2025\/11\/media\" alt=\"Nowy Hyundai Tucson\" width=\"2048\" height=\"1366\"   data-vox=\"https:\/\/www.europesays.com\/pl\/wp-content\/uploads\/2025\/11\/media\"\/><\/a>Nowy Hyundai Tucson jest doskona\u0142y do biura i na Mazury, foto: materia\u0142y prasowe producenta<br \/>\nHybrydowy jak Toyota Tucson to wyj\u0105tkowa oferta: oszcz\u0119dna, mocna i funkcjonalna<\/p>\n<p>Mechanika wybrana dla wspomnianej oferty \u0142\u0105czy silnik benzynowy z elektrycznym, zapewniaj\u0105c zr\u00f3wnowa\u017con\u0105 moc i wydajn\u0105 jazd\u0119. Samodo\u0142adowuj\u0105cy si\u0119 uk\u0142ad hybrydowy umo\u017cliwia jazd\u0119 w trybie elektrycznym przy niskich pr\u0119dko\u015bciach i zmniejsza zu\u017cycie paliwa w ruchu miejskim, bez konieczno\u015bci korzystania z gniazdka ani infrastruktury \u0142adowania.<\/p>\n<p>Model dost\u0119pny w wersjach na rok 2025 i 2026 charakteryzuje si\u0119 eleganckim wygl\u0105dem, przestronnym wn\u0119trzem i baga\u017cnikiem oraz imponuj\u0105c\u0105 moc\u0105 215 KM lub 230 KM. Nie jest tajemnic\u0105, \u017ce\u00a0Tucson\u00a0wyr\u00f3\u017cnia si\u0119 komfortem jazdy i wyciszeniem, szczeg\u00f3lnie w warunkach miejskich i podmiejskich. Reakcja uk\u0142adu hybrydowego doskonale sprawdza si\u0119 podczas spokojnej jazdy, z p\u0142ynnymi przej\u015bciami mi\u0119dzy trybami i automatycznym zarz\u0105dzaniem, kt\u00f3re priorytetowo traktuj\u0105 efektywno\u015b\u0107 energetyczn\u0105. To bez rezygnacji z osi\u0105g\u00f3w i modnego designu.<\/p>\n<p>Przestrze\u0144 wewn\u0105trz, zar\u00f3wno na tylnych siedzeniach, jak i w baga\u017cniku, przewy\u017csza \u015bredni\u0105 w tym segmencie. Ta w\u0142a\u015bnie przestronno\u015b\u0107 sprawia, \u017ce \u200b\u200bjest to bardzo interesuj\u0105ca opcja dla rodzin i na firmowy samoch\u00f3d. Dodatkowo, wysoka pozycja za kierownic\u0105, konstrukcja nadwozia i aktywne systemy wspomagania zapewniaj\u0105 dobr\u0105 widoczno\u015b\u0107 i bezpiecze\u0144stwo u\u017cytkowania.<\/p>\n<p>Podsumowuj\u0105c,\u00a0<a rel=\"noreferrer noopener nofollow\" target=\"_blank\" href=\"https:\/\/www.hyundai.com\/pl\/pl\/modele\/nowy-tucson-hybrid.html\">Hyundai Tucson Hybrid<\/a> Smart, kt\u00f3ry dzi\u0119ki obni\u017cce zaczyna si\u0119 od 155 900 z\u0142 lub 161 900 z\u0142, nie tylko poprawia stosunek jako\u015bci do ceny w por\u00f3wnaniu z modelami takimi jak Corolla Cross, ale tak\u017ce umacnia pozycj\u0119 jednego z najbardziej zr\u00f3wnowa\u017conych hybrydowych SUV-\u00f3w na rynku. Po\u017c\u0105dana etykieta ECO, funkcjonalne wyposa\u017cenie i dostosowana cena sprawiaj\u0105, \u017ce ta wersja jest jedn\u0105 z najbardziej konkurencyjnych na obecnym rynku. Klienci mog\u0105 wybiera\u0107 teraz ka\u017cd\u0105 z wersji z rocznik\u00f3w modelowych 2025 i 2026 ze spor\u0105 korzy\u015bci\u0105 finansow\u0105. Niezale\u017cnie od rodzaju mechaniki. <a rel=\"noreferrer noopener nofollow\" target=\"_blank\" href=\"https:\/\/wrc.net.pl\/tag\/hyundai\/\">Po\u0142udniowokorea\u0144ski producent<\/a> dorzuca 5-letni\u0105 gwarancj\u0119 bez limitu kilometr\u00f3w i 8-letni\u0105 na bateri\u0119 wysokiego napi\u0119cia dla wersji HEV.<\/p>\n<p><a rel=\"noreferrer noopener\" target=\"_blank\" href=\"https:\/\/www.europesays.com\/pl\/wp-content\/uploads\/2025\/11\/1763337978_46_media\"><img loading=\"lazy\" decoding=\"async\" class=\"size-full wp-image-495958 lazy-load\" src=\"https:\/\/www.europesays.com\/pl\/wp-content\/uploads\/2025\/11\/1763337978_46_media\" alt=\"hyundai-Tucson widok kokpitu MY2026\" width=\"2500\" height=\"1667\"   data-vox=\"https:\/\/www.europesays.com\/pl\/wp-content\/uploads\/2025\/11\/1763337978_46_media\"\/><\/a>Hyundai Tucson widok kokpitu, foto: materia\u0142y prasowe producenta<br \/>\n<a rel=\"noreferrer noopener\" target=\"_blank\" href=\"https:\/\/www.europesays.com\/pl\/wp-content\/uploads\/2025\/11\/1763337979_989_media\"><img loading=\"lazy\" decoding=\"async\" class=\"wp-image-475695 size-full lazy-load\" src=\"https:\/\/www.europesays.com\/pl\/wp-content\/uploads\/2025\/11\/1763337979_989_media\" alt=\"Hyundai Tucson N-Line korea\u0144ski SUV\" width=\"2000\" height=\"1000\"   data-vox=\"https:\/\/www.europesays.com\/pl\/wp-content\/uploads\/2025\/11\/1763337979_989_media\"\/><\/a>Tucson w 2025 roku jest og\u00f3\u0142em na czwartej pozycji w\u015br\u00f3d SUV-\u00f3w, fot. materia\u0142y prasowe<br \/>\n<a rel=\"noreferrer noopener\" target=\"_blank\" href=\"https:\/\/www.europesays.com\/pl\/wp-content\/uploads\/2025\/11\/1763337979_298_media\"><img loading=\"lazy\" decoding=\"async\" class=\"wp-image-495955 size-full lazy-load\" src=\"https:\/\/www.europesays.com\/pl\/wp-content\/uploads\/2025\/11\/1763337979_298_media\" alt=\"Korea\u0144ski SUV Tucson widok baga\u017cnika\" width=\"2500\" height=\"1667\"   data-vox=\"https:\/\/www.europesays.com\/pl\/wp-content\/uploads\/2025\/11\/1763337979_298_media\"\/><\/a>Hyundai Tucson widok baga\u017cnika o pojemno\u015bci od 616 litr\u00f3w do 1795 litr\u00f3w<\/p>\n","protected":false},"excerpt":{"rendered":"Hybrydowy Hyundai Tucson to numer jeden klient\u00f3w firmowych w Polsce SUV, kt\u00f3ry pod wzgl\u0119dem wymiar\u00f3w, komfortu wn\u0119trza i&hellip;\n","protected":false},"author":2,"featured_media":104915,"comment_status":"","ping_status":"","sticky":false,"template":"","format":"standard","meta":{"footnotes":""},"categories":[16],"tags":[113,112,5658,23373,42,38,40,39,41,2261],"class_list":{"0":"post-104914","1":"post","2":"type-post","3":"status-publish","4":"format-standard","5":"has-post-thumbnail","7":"category-biznes","8":"tag-biznes","9":"tag-business","10":"tag-hyundai","11":"tag-hyundai-tucson","12":"tag-pl","13":"tag-poland","14":"tag-polish","15":"tag-polska","16":"tag-polski","17":"tag-suv"},"share_on_mastodon":{"url":"https:\/\/pubeurope.com\/@pl\/115562124731914815","error":""},"_links":{"self":[{"href":"https:\/\/www.europesays.com\/pl\/wp-json\/wp\/v2\/posts\/104914","targetHints":{"allow":["GET"]}}],"collection":[{"href":"https:\/\/www.europesays.com\/pl\/wp-json\/wp\/v2\/posts"}],"about":[{"href":"https:\/\/www.europesays.com\/pl\/wp-json\/wp\/v2\/types\/post"}],"author":[{"embeddable":true,"href":"https:\/\/www.europesays.com\/pl\/wp-json\/wp\/v2\/users\/2"}],"replies":[{"embeddable":true,"href":"https:\/\/www.europesays.com\/pl\/wp-json\/wp\/v2\/comments?post=104914"}],"version-history":[{"count":0,"href":"https:\/\/www.europesays.com\/pl\/wp-json\/wp\/v2\/posts\/104914\/revisions"}],"wp:featuredmedia":[{"embeddable":true,"href":"https:\/\/www.europesays.com\/pl\/wp-json\/wp\/v2\/media\/104915"}],"wp:attachment":[{"href":"https:\/\/www.europesays.com\/pl\/wp-json\/wp\/v2\/media?parent=104914"}],"wp:term":[{"taxonomy":"category","embeddable":true,"href":"https:\/\/www.europesays.com\/pl\/wp-json\/wp\/v2\/categories?post=104914"},{"taxonomy":"post_tag","embeddable":true,"href":"https:\/\/www.europesays.com\/pl\/wp-json\/wp\/v2\/tags?post=104914"}],"curies":[{"name":"wp","href":"https:\/\/api.w.org\/{rel}","templated":true}]}}