{"id":105026,"date":"2025-11-17T05:46:10","date_gmt":"2025-11-17T05:46:10","guid":{"rendered":"https:\/\/www.europesays.com\/pl\/105026\/"},"modified":"2025-11-17T05:46:10","modified_gmt":"2025-11-17T05:46:10","slug":"wyciek-gazu-w-krakowie-mieszkancy-informuja-o-wysokim-slupie-ognia","status":"publish","type":"post","link":"https:\/\/www.europesays.com\/pl\/105026\/","title":{"rendered":"Wyciek gazu w Krakowie. Mieszka\u0144cy informuj\u0105 o wysokim s\u0142upie ognia"},"content":{"rendered":"<p>Pogotowie gazowe zabezpiecza wyciek gazu na ulicy Konopnickiej na Osiedlu Podwawelskim w Krakowie. Mieszka\u0144cy informuj\u0105 o wysokim s\u0142upie ognia, ale jak dowiedzia\u0142 si\u0119 reporter RMF FM Maciej So\u0142tys, nikomu nic si\u0119 nie sta\u0142o. Informacj\u0119 otrzymali\u015bmy na Gor\u0105c\u0105 Lini\u0119 RMF FM.<\/p>\n<p>                         &#13;<br \/>\n        &#13;<\/p>\n<p>                                        &#13;<br \/>\n                        &#13;<br \/>\n                            <img decoding=\"async\" src=\"https:\/\/www.europesays.com\/pl\/wp-content\/uploads\/2025\/11\/000LXLE1B2ESSNVF-C123-F4.jpg\" title=\"Wyciek gazu w Krakowie. S\u0142up ognia na 20 metr\u00f3w\" alt=\"Wyciek gazu w Krakowie \/Gor\u0105ca Linia RMF FM\" class=\"img-responsive\"\/>&#13;<\/p>\n<p>                            &#13;<\/p>\n<p>      &#13;<br \/>\n                            Wyciek gazu w Krakowie&#13;<br \/>\n                                    \/Gor\u0105ca Linia RMF FM  &#13;\n                                    <\/p>\n<p>&#13;<\/p>\n<p>Na Osiedlu Podwawelskim w\u00a0Krakowie dosz\u0142o do wycieku gazu.\u00a0<\/p>\n<p>Pogotowie gazowe poszukuje obecnie zaworu, by zakr\u0119ci\u0107 gaz, kt\u00f3ry ulatnia si\u0119 z\u00a0ruroci\u0105gu.\u00a0<\/p>\n<p>Jak m\u00f3wi\u0105 stra\u017cacy, po odci\u0119ciu dop\u0142ywu po\u017car powinien sam si\u0119 ugasi\u0107.\u00a0<\/p>\n<p>\n                                        Wyciek gazu na Konopnickiej w Krakowie<br \/>\n                        Gor\u0105ca Linia RMF FM            <\/p>\n<p>Na terenie ogr\u00f3dk\u00f3w dzia\u0142kowych wida\u0107 ogromny s\u0142up ognia, kt\u00f3ry ma oko\u0142o 20 metr\u00f3w. Po\u017car jest te\u017c bardzo g\u0142o\u015bny.<\/p>\n<p>Na miejscu pracuje r\u00f3wnie\u017c sze\u015b\u0107 zast\u0119p\u00f3w stra\u017cy po\u017carnej i\u00a0policja, kt\u00f3ra odci\u0119\u0142a teren.<\/p>\n<p>Jak dowiedzia\u0142 si\u0119 reporter RMF FM Maciej So\u0142tys, nikomu nic si\u0119 nie sta\u0142o.<\/p>\n","protected":false},"excerpt":{"rendered":"Pogotowie gazowe zabezpiecza wyciek gazu na ulicy Konopnickiej na Osiedlu Podwawelskim w Krakowie. Mieszka\u0144cy informuj\u0105 o wysokim s\u0142upie&hellip;\n","protected":false},"author":2,"featured_media":105027,"comment_status":"","ping_status":"","sticky":false,"template":"","format":"standard","meta":{"footnotes":""},"categories":[5],"tags":[32,33,36,37,27,34,35,28,31,25,42,38,40,39,41,29,30,26],"class_list":{"0":"post-105026","1":"post","2":"type-post","3":"status-publish","4":"format-standard","5":"has-post-thumbnail","7":"category-naglowki","8":"tag-breaking-news","9":"tag-breakingnews","10":"tag-featured-news","11":"tag-featurednews","12":"tag-headlines","13":"tag-latest-news","14":"tag-latestnews","15":"tag-naglowki","16":"tag-najwazniejsze-artykuly","17":"tag-news","18":"tag-pl","19":"tag-poland","20":"tag-polish","21":"tag-polska","22":"tag-polski","23":"tag-top-stories","24":"tag-topstories","25":"tag-wiadomosci"},"share_on_mastodon":{"url":"https:\/\/pubeurope.com\/@pl\/115563461906422849","error":""},"_links":{"self":[{"href":"https:\/\/www.europesays.com\/pl\/wp-json\/wp\/v2\/posts\/105026","targetHints":{"allow":["GET"]}}],"collection":[{"href":"https:\/\/www.europesays.com\/pl\/wp-json\/wp\/v2\/posts"}],"about":[{"href":"https:\/\/www.europesays.com\/pl\/wp-json\/wp\/v2\/types\/post"}],"author":[{"embeddable":true,"href":"https:\/\/www.europesays.com\/pl\/wp-json\/wp\/v2\/users\/2"}],"replies":[{"embeddable":true,"href":"https:\/\/www.europesays.com\/pl\/wp-json\/wp\/v2\/comments?post=105026"}],"version-history":[{"count":0,"href":"https:\/\/www.europesays.com\/pl\/wp-json\/wp\/v2\/posts\/105026\/revisions"}],"wp:featuredmedia":[{"embeddable":true,"href":"https:\/\/www.europesays.com\/pl\/wp-json\/wp\/v2\/media\/105027"}],"wp:attachment":[{"href":"https:\/\/www.europesays.com\/pl\/wp-json\/wp\/v2\/media?parent=105026"}],"wp:term":[{"taxonomy":"category","embeddable":true,"href":"https:\/\/www.europesays.com\/pl\/wp-json\/wp\/v2\/categories?post=105026"},{"taxonomy":"post_tag","embeddable":true,"href":"https:\/\/www.europesays.com\/pl\/wp-json\/wp\/v2\/tags?post=105026"}],"curies":[{"name":"wp","href":"https:\/\/api.w.org\/{rel}","templated":true}]}}