{"id":105088,"date":"2025-11-17T06:48:34","date_gmt":"2025-11-17T06:48:34","guid":{"rendered":"https:\/\/www.europesays.com\/pl\/105088\/"},"modified":"2025-11-17T06:48:34","modified_gmt":"2025-11-17T06:48:34","slug":"dobre-wiadomosci-dla-warszawiakow-koniec-utrudnien-w-metrze","status":"publish","type":"post","link":"https:\/\/www.europesays.com\/pl\/105088\/","title":{"rendered":"Dobre wiadomo\u015bci dla warszawiak\u00f3w. Koniec utrudnie\u0144 w metrze"},"content":{"rendered":"<p class=\"ods-c-paragraph \">Od czwartku podziemna kolejka nie kursuje mi\u0119dzy stacjami Wilanowska i S\u0142odowiec. Poci\u0105gi kursuj\u0105 na dw\u00f3ch odcinkach M\u0142ociny \u2014 S\u0142odowiec oraz Kabaty \u2014 Wilanowska. Uruchomiona zosta\u0142a komunikacja zast\u0119pcza autobusowa i tramwajowa.<\/p>\n<p> Kiedy poci\u0105gi metra M1 zaczn\u0105 kursowa\u0107 na ca\u0142ej trasie? <\/p>\n<p> Jakie utrudnienia wyst\u0119powa\u0142y w metrze przed ko\u0144cem prac? <\/p>\n<p> Jakie \u015brodki transportu zast\u0119pczego zosta\u0142y uruchomione? <\/p>\n<p> Na jakich stacjach zamontowane zostan\u0105 nowoczesne urz\u0105dzenia? <\/p>\n<p class=\"ods-c-paragraph \">Autobusy linii ZM1 kursuj\u0105 z przystanku Metro Wilanowska w alei Niepodleg\u0142o\u015bci i jad\u0105 wzd\u0142u\u017c trasy linii M1 do p\u0119tli przy stacji S\u0142odowiec.<\/p>\n<p class=\"ods-c-paragraph \">Autobusy zatrzymaj\u0105 si\u0119 na przystankach w pobli\u017cu stacji metra: Wierzbno, Rac\u0142awicka, Pole Mokotowskie, Politechnika, Centrum, \u015awi\u0119tokrzyska, Ratusz Arsena\u0142, Dworzec Gda\u0144ski, Plac Wilsona, Marymont.<\/p>\n<p class=\"ods-c-paragraph \">Podobnie do ZM1 zaplanowana zosta\u0142a trasa tramwaj\u00f3w linii 61, kt\u00f3re odje\u017cd\u017caj\u0105 z p\u0119tli Wy\u015bcigi i jad\u0105 do p\u0119tli Winnica.<\/p>\n<p class=\"ods-c-paragraph \">Drug\u0105 tramwajow\u0105 lini\u0105 zast\u0119pcz\u0105 w czasie prac na stacjach metra jest 76, kt\u00f3ra kursuje z Miasteczka Wilan\u00f3w do centrum (podobnie jak linii 16), a nast\u0119pnie do p\u0119tli Tarchomin Ko\u015bcielny.<\/p>\n<p class=\"ods-c-paragraph \">Trasy obydwu linii b\u0119d\u0105 przebiega\u0142y w pobli\u017cu stacji metra linii M1: Wilanowska (linia 61), Politechnika, Centrum, \u015awi\u0119tokrzyska, Ratusz Arsena\u0142, Dworzec Gda\u0144ski, Plac Wilsona, Marymont i S\u0142odowiec.<\/p>\n<p class=\"ods-c-paragraph \">Podczas trwania utrudnie\u0144 na stacjach Centrum, \u015awi\u0119tokrzyska, Ratusz-Arsena\u0142 i Dworzec Gda\u0144ski zamontowane zostan\u0105 nowoczesne urz\u0105dzenia. Dodatkowo, w tym samym czasie, ZTM wymieni rozdzielnic\u0119 pr\u0105du sta\u0142ego na stacji Politechnika.<\/p>\n","protected":false},"excerpt":{"rendered":"Od czwartku podziemna kolejka nie kursuje mi\u0119dzy stacjami Wilanowska i S\u0142odowiec. Poci\u0105gi kursuj\u0105 na dw\u00f3ch odcinkach M\u0142ociny \u2014&hellip;\n","protected":false},"author":2,"featured_media":100711,"comment_status":"","ping_status":"","sticky":false,"template":"","format":"standard","meta":{"footnotes":""},"categories":[12],"tags":[32,33,36,37,27,34,35,11857,28,31,48,25,46,42,38,40,39,41,47,29,30,435,26],"class_list":{"0":"post-105088","1":"post","2":"type-post","3":"status-publish","4":"format-standard","5":"has-post-thumbnail","7":"category-polska","8":"tag-breaking-news","9":"tag-breakingnews","10":"tag-featured-news","11":"tag-featurednews","12":"tag-headlines","13":"tag-latest-news","14":"tag-latestnews","15":"tag-metro","16":"tag-naglowki","17":"tag-najwazniejsze-artykuly","18":"tag-nat_styl","19":"tag-news","20":"tag-omp","21":"tag-pl","22":"tag-poland","23":"tag-polish","24":"tag-polska","25":"tag-polski","26":"tag-screening_general","27":"tag-top-stories","28":"tag-topstories","29":"tag-warszawa","30":"tag-wiadomosci"},"share_on_mastodon":{"url":"https:\/\/pubeurope.com\/@pl\/115563705522193210","error":""},"_links":{"self":[{"href":"https:\/\/www.europesays.com\/pl\/wp-json\/wp\/v2\/posts\/105088","targetHints":{"allow":["GET"]}}],"collection":[{"href":"https:\/\/www.europesays.com\/pl\/wp-json\/wp\/v2\/posts"}],"about":[{"href":"https:\/\/www.europesays.com\/pl\/wp-json\/wp\/v2\/types\/post"}],"author":[{"embeddable":true,"href":"https:\/\/www.europesays.com\/pl\/wp-json\/wp\/v2\/users\/2"}],"replies":[{"embeddable":true,"href":"https:\/\/www.europesays.com\/pl\/wp-json\/wp\/v2\/comments?post=105088"}],"version-history":[{"count":0,"href":"https:\/\/www.europesays.com\/pl\/wp-json\/wp\/v2\/posts\/105088\/revisions"}],"wp:featuredmedia":[{"embeddable":true,"href":"https:\/\/www.europesays.com\/pl\/wp-json\/wp\/v2\/media\/100711"}],"wp:attachment":[{"href":"https:\/\/www.europesays.com\/pl\/wp-json\/wp\/v2\/media?parent=105088"}],"wp:term":[{"taxonomy":"category","embeddable":true,"href":"https:\/\/www.europesays.com\/pl\/wp-json\/wp\/v2\/categories?post=105088"},{"taxonomy":"post_tag","embeddable":true,"href":"https:\/\/www.europesays.com\/pl\/wp-json\/wp\/v2\/tags?post=105088"}],"curies":[{"name":"wp","href":"https:\/\/api.w.org\/{rel}","templated":true}]}}