{"id":105123,"date":"2025-11-17T07:17:28","date_gmt":"2025-11-17T07:17:28","guid":{"rendered":"https:\/\/www.europesays.com\/pl\/105123\/"},"modified":"2025-11-17T07:17:28","modified_gmt":"2025-11-17T07:17:28","slug":"10-najglosniejszych-momentow-tanca-z-gwiazdami-nie-zaczelo-sie-od-ewy-minge","status":"publish","type":"post","link":"https:\/\/www.europesays.com\/pl\/105123\/","title":{"rendered":"10 najg\u0142o\u015bniejszych moment\u00f3w &#8222;Ta\u0144ca z gwiazdami&#8221;. Nie zacz\u0119\u0142o si\u0119 od Ewy Minge"},"content":{"rendered":"<p>W ramach 17. edycji <a href=\"https:\/\/plejada.pl\/taniec-z-gwiazdami-program-tv\" id=\"8cab32d8-e0cd-404a-b674-2a080445d95d\" rel=\"nofollow noopener\" target=\"_blank\">&#8222;Ta\u0144ca z gwiazdami&#8221;<\/a> na parkiecie programu pojawi\u0142a si\u0119 plejada znanych twarzy: Ewa Minge, Maja Bohosiewicz, Tomasz Karolak, Katarzyna Zillmann, Wiktoria Gorodecka, Barbara Bursztynowicz, Maurycy Popiel, Lanberry, Aleksander Sikora, Marcin Rogacewicz, Miko\u0142aj Bagi\u0144ski. W programie mia\u0142 wyst\u0105pi\u0107 r\u00f3wnie\u017c Micha\u0142 Czernecki, kt\u00f3ry ostatecznie z powodu kontuzji zrezygnowa\u0142 z show. Ka\u017cdy z uczestnik\u00f3w wni\u00f3s\u0142 do programu w\u0142asn\u0105 histori\u0119, a ich taneczne zmagania by\u0142y uwa\u017cnie oceniane przez jury i widz\u00f3w.<\/p>\n<p>&#8222;Taniec z gwiazdami&#8221; to nie tylko rywalizacja, ale tak\u017ce spektakularne widowisko. Z okazji jubileuszowej edycji producenci przygotowali szereg niespodzianek, w tym wyst\u0119py dodatkowych gwiazd, kt\u00f3re pojawia\u0142y si\u0119 na parkiecie zar\u00f3wno solo, jak i w duetach z uczestnikami.<\/p>\n<p>\u015arednia ogl\u0105dalno\u015b\u0107 programu utrzymuje si\u0119 na poziomie 1,75 mln widz\u00f3w, co potwierdza, \u017ce show wci\u0105\u017c cieszy si\u0119 ogromn\u0105 popularno\u015bci\u0105. Poni\u017cej opisane s\u0105 g\u0142o\u015bne sytuacje z bie\u017c\u0105cej edycji show, kt\u00f3re na bie\u017c\u0105co mogli \u015bledzi\u0107 fani formatu.<\/p>\n<p> Galeria zdj\u0119\u0107    Micha\u0142 Czernecki    <img src=\"https:\/\/www.europesays.com\/pl\/wp-content\/uploads\/2025\/11\/9fVk9lBaHR0cHM6Ly9vY2RuLmV1L3B1bHNjbXMvTURBXy9iNDRjOGI5MGVlNzEwYTQ5M2U4ZTIwYTkzN2ZhMDcxYS5qcGeRlQLNA.jpeg\" height=\"529\" width=\"940\" alt=\"Micha\u0142 Czernecki\" loading=\"lazy\" decoding=\"async\" class=\"ods-c-image__img ods-c-image__img--placeholder\"\/>     1\/10   <\/p>\n<p>Andras Szilagyi \/ MW Media<\/p>\n<p class=\"ods-c-gallery__item__description\">Pocz\u0105tkowo zgodnie z planem w 17. edycji &#8222;Ta\u0144ca z gwiazdami&#8221; wyst\u0105pi\u0107 mia\u0142o 12 par. W sierpniu okaza\u0142o si\u0119 jednak, \u017ce dla jednego z uczestnik\u00f3w programu \u2014 Micha\u0142a Czerneckiego \u2014 intensywne treningi taneczne s\u0105 szczeg\u00f3lnie niebezpieczne dla zdrowia. Aktor ostatecznie zrezygnowa\u0142 z udzia\u0142u w show.<\/p>\n<p>    Katarzyna Zillmann, Janja Lesar    <img src=\"https:\/\/www.europesays.com\/pl\/wp-content\/uploads\/2025\/11\/nOtk9lBaHR0cHM6Ly9vY2RuLmV1L3B1bHNjbXMvTURBXy80MDk4ZmFiZDM4Zjg1N2EzNjJmMjI2OTIzYmNiZTQwYy5qcGeRlQLNA.jpeg\" height=\"529\" width=\"940\" alt=\"Katarzyna Zillmann, Janja Lesar\" loading=\"lazy\" decoding=\"async\" class=\"ods-c-image__img ods-c-image__img--placeholder\"\/>     2\/10   <\/p>\n<p>MW Media<\/p>\n<p class=\"ods-c-gallery__item__description\">Wielkie poruszenie w opinii publicznej wywo\u0142a\u0142a wiadomo\u015b\u0107 o pierwszej damskiej parze, kt\u00f3ra wzi\u0119\u0142a udzia\u0142 w formacie. Ostatecznie Katarzyna Zillmann i Janja Lesar zjedna\u0142y sobie szerokie grono fan\u00f3w, ko\u0144cz\u0105c swoj\u0105 przygod\u0119 z show w odcinku p\u00f3\u0142fina\u0142owym.<\/p>\n<p>       Agnieszka Kaczorowska i Marcin Rogacewicz    <img src=\"https:\/\/www.europesays.com\/pl\/wp-content\/uploads\/2025\/09\/Gl0k9lBaHR0cHM6Ly9vY2RuLmV1L3B1bHNjbXMvTURBXy9iZWViNjY0N2UxZjE3MjM5MTRhNGY0YzA2YWE5ZTUzMi5qcGeRlQLNA.jpeg\" height=\"529\" width=\"940\" alt=\"Agnieszka Kaczorowska i Marcin Rogacewicz\" loading=\"lazy\" decoding=\"async\" class=\"ods-c-image__img ods-c-image__img--placeholder\"\/>     3\/10   <\/p>\n<p>MW Media<\/p>\n<p class=\"ods-c-gallery__item__description\">Cho\u0107 plotkom o ich romansie nie by\u0142o ko\u0144ca jeszcze przed premierowym odcinkiem jubileuszowej edycji &#8222;Ta\u0144ca z gwiazdami&#8221;, to poca\u0142unek Agnieszki Kaczorowskiej i Marcina Rogacewicza na wizji i tak sta\u0142 si\u0119 medialnym hitem.\n<\/p>\n<p>Wszystko sta\u0142o si\u0119 podczas zliczania punkt\u00f3w od juror\u00f3w po pierwszym wyst\u0119pie pary.\n<\/p>\n<p>&#8222;Musz\u0119 zada\u0107 to pytanie, bo od tygodni ca\u0142a Polska zastanawia si\u0119, czy wy jeste\u015bcie szcz\u0119\u015bliwie zakochani&#8221; \u2014 zapyta\u0142a Paulina Sykut-Je\u017cyna.<br \/>\nOdpowied\u017a by\u0142a jasna. Nami\u0119tny poca\u0142unek przed kamerami.<\/p>\n<p>    Ewa Minge, Micha\u0142 Bartkiewicz    <img src=\"https:\/\/www.europesays.com\/pl\/wp-content\/uploads\/2025\/09\/MLLk9lBaHR0cHM6Ly9vY2RuLmV1L3B1bHNjbXMvTURBXy9jZmIyOWE0MmM3NWNkN2M5ZjUxNDI3ODQ4YjZiNWUwNS5qcGeRlQLNB.jpeg\" height=\"628\" width=\"940\" alt=\"Ewa Minge, Micha\u0142 Bartkiewicz\" loading=\"lazy\" decoding=\"async\" class=\"ods-c-image__img ods-c-image__img--placeholder\"\/>     4\/10   <\/p>\n<p>Andras Szilagyi \/ MW Media<\/p>\n<p class=\"ods-c-gallery__item__description\">W drugim odcinku &#8222;Ta\u0144ca z gwiazdami&#8221; z formatem po\u017cegna\u0142a si\u0119 Ewa Minge i partneruj\u0105cy jej Micha\u0142 Bartkiewicz. Uwag\u0119 zwr\u00f3ci\u0142 nie tylko werdykt, ale i mowa po\u017cegnalna projektantki.\n<\/p>\n<p>&#8222;Ciesz\u0119 si\u0119, \u017ce to ja odpad\u0142am, bo trudno by by\u0142o mi wskaza\u0107 kogokolwiek z naszej jedenastki, kogo chcia\u0142abym po\u015bwi\u0119ci\u0107 w tym odcinku. (\u2026) Dzi\u0119kuj\u0119 ci, Rafa\u0142 Maserak, za to, \u017ce o\u015bmieszy\u0142e\u015b nas na koniec, robi\u0105c figur\u0119, kt\u00f3r\u0105 zrobi\u0142am. My\u015bl\u0119, \u017ce to jest klasa sama w sobie&#8221; \u2014 powiedzia\u0142a w\u00f3wczas Ewa Minge, nawi\u0105zuj\u0105c do powt\u00f3rzenia przez tancerza pozy, wykonanej w choreografii przez projektantk\u0119.\n<\/p>\n<p>Jak wyja\u015bni\u0142 p\u00f3\u017aniej juror w rozmowie z Jastrz\u0105b Postem, swoim zachowaniem nie mia\u0142 zamiaru sprawia\u0107 nikomu przykro\u015bci.<\/p>\n<p>       Ewa Kasprzyk    <img src=\"https:\/\/www.europesays.com\/pl\/wp-content\/uploads\/2025\/11\/NV2k9lBaHR0cHM6Ly9vY2RuLmV1L3B1bHNjbXMvTURBXy9kODIzMmJhY2FlYzU1OTg0MzM2OTk4ZDU1YTMzNDhkNS5qcGeRlQLNB.jpeg\" height=\"627\" width=\"940\" alt=\"Ewa Kasprzyk\" loading=\"lazy\" decoding=\"async\" class=\"ods-c-image__img ods-c-image__img--placeholder\"\/>     5\/10   <\/p>\n<p>Andras Szilagyi \/ MW Media<\/p>\n<p class=\"ods-c-gallery__item__description\">W drugim odcinku tej edycji programu g\u0142o\u015bno by\u0142o r\u00f3wnie\u017c o wypowiedzi Ewy Kasprzyk, kt\u00f3ra odnios\u0142a si\u0119 do s\u0142\u00f3w Miko\u0142aja &#8222;Bagiego&#8221; Bagi\u0144skiego o chodzeniu na terapi\u0119.\n<\/p>\n<p>&#8222;Ja, gdybym mia\u0142a i\u015b\u0107 na terapi\u0119 albo na drinka, to posz\u0142abym na drinka, bo taniej si\u0119 p\u0142acze&#8221; \u2014stwierdzi\u0142a aktorka.\n<\/p>\n<p>Nast\u0119pnie w rozmowie z Plejad\u0105 gwiazda wyja\u015bni\u0142a, \u017ce w swojej wypowiedzi kierowa\u0142a si\u0119 ironi\u0105 i sarkazmem.<\/p>\n<p>    Wiktoria Gorodecka, Kamil Kuroczko    <img src=\"https:\/\/www.europesays.com\/pl\/wp-content\/uploads\/2025\/11\/vngk9lBaHR0cHM6Ly9vY2RuLmV1L3B1bHNjbXMvTURBXy9kMDk1YTk1OWQ2MmRmNzYxNzJkOTVmMzE3OGY4YTFjYy5qcGeRlQLNA.jpeg\" height=\"529\" width=\"940\" alt=\"Wiktoria Gorodecka, Kamil Kuroczko\" loading=\"lazy\" decoding=\"async\" class=\"ods-c-image__img ods-c-image__img--placeholder\"\/>     6\/10   <\/p>\n<p>MW Media\/MW Media \/ MW Media<\/p>\n<p class=\"ods-c-gallery__item__description\">Wiktoria Gorodecka nale\u017cy do jednych z najlepiej ocenianych gwiazd w obecnej edycji programu. Aktorka ma r\u00f3wnie\u017c swoje zaplecze fan\u00f3w. W czwartym odcinku show wraz z Kamilem Kuroczko narazili si\u0119 jednak na krytyk\u0119, wywo\u0142uj\u0105c skrajne emocje zar\u00f3wno w\u015br\u00f3d juror\u00f3w, jak i pozosta\u0142ych widz\u00f3w. Para wykona\u0142a choreografi\u0119 ta\u0144ca wsp\u00f3\u0142czesnego, wykorzystuj\u0105c przy tym rekwizyt w postaci lalki, \u0142udz\u0105c\u0105 przypominaj\u0105cej niemowl\u0119.\n<\/p>\n<p>&#8222;Ten rekwizyt wzbudzi\u0142 we mnie nerw. Mi si\u0119 p\u0142aka\u0107 chce, bo to jest lalka, ale ona tak oddaje dziecko&#8230; a jednocze\u015bnie jest nie\u017cywe. Ja chyba pierwszy raz nie dam wam \u017cadnej oceny&#8230;.&#8221; \u2014 m\u00f3wi\u0142a Iwona Pavlovi\u0107. Podobne zdanie mia\u0142 Rafa\u0142 Maserak.<\/p>\n<p>       Maja Bohosiewicz, Albert Kosi\u0144ski    <img src=\"https:\/\/www.europesays.com\/pl\/wp-content\/uploads\/2025\/11\/fTVk9lBaHR0cHM6Ly9vY2RuLmV1L3B1bHNjbXMvTURBXy81ZDZmMjM0ZjBkYTQzMGIyZDRlZTIxNmE5NDFhY2U4OC5qcGeRlQLNA.jpeg\" height=\"529\" width=\"940\" alt=\"Maja Bohosiewicz, Albert Kosi\u0144ski\" loading=\"lazy\" decoding=\"async\" class=\"ods-c-image__img ods-c-image__img--placeholder\"\/>     7\/10   <\/p>\n<p>Andras Szilagyi \/ MW Media<\/p>\n<p class=\"ods-c-gallery__item__description\">Po pi\u0119ciu odcinkach tanecznej przygody z programem po\u017cegna\u0142a si\u0119 Maja Bohosiewicz. Celebrytka sama podj\u0119\u0142a decyzj\u0119 o odej\u015bciu z show. Powodem by\u0142a kontuzja.\n<\/p>\n<p>&#8222;Ponad tydzie\u0144 temu dozna\u0142am urazu \u017ceber i pomimo b\u00f3lu trenowa\u0142am dalej, bo taniec i ta przygoda dawa\u0142y mi tak ogromn\u0105 rado\u015b\u0107, satysfakcj\u0119&#8221; \u2014 m\u00f3wi\u0142a, nie kryj\u0105c emocji.\n<\/p>\n<p>Ostatecznie jednak ze wzgl\u0119d\u00f3w zdrowotnych Maja Bohosiewicz zrezygnowa\u0142a z konkursu.<\/p>\n<p>    Agnieszka Kaczorowska, Marcin Rogacewicz    <img src=\"https:\/\/www.europesays.com\/pl\/wp-content\/uploads\/2025\/11\/TjHk9lBaHR0cHM6Ly9vY2RuLmV1L3B1bHNjbXMvTURBXy9lNDE2ZmMxZjMzZjllY2VlNDg1MmQ5ODJhYzU5YjhlNS5wbmeRlQLNB.jpeg\" height=\"530\" width=\"940\" alt=\"Agnieszka Kaczorowska, Marcin Rogacewicz\" loading=\"lazy\" decoding=\"async\" class=\"ods-c-image__img ods-c-image__img--placeholder\"\/>     8\/10   <\/p>\n<p>Andras Szilagyi \/ MW Media<\/p>\n<p class=\"ods-c-gallery__item__description\">Kiedy  pod koniec si\u00f3dmego odcinka &#8222;Ta\u0144ca z gwiazdami&#8221; okaza\u0142o si\u0119, \u017ce Agnieszka Kaczorowska i Marcin Rogacewicz, \u017cegnaj\u0105 si\u0119 z formatem, tancerka chwyci\u0142a za mikrofon. Jej s\u0142ynna mowa odbi\u0142a si\u0119 echem w mediach:\n<\/p>\n<p>&#8222;Jestem z nas dumna, przetrwali\u015bmy. (\u2026) Mo\u017cemy schowa\u0107 si\u0119 wreszcie przed ca\u0142ym tym hejtem, kt\u00f3rego do\u015bwiadczali\u015bmy i kt\u00f3ry bardzo bola\u0142. Ludzie, b\u0105d\u017acie dla siebie dobrzy, \u017cyczliwi. M\u00f3wcie dobrze o innych, a nie \u017ale, zw\u0142aszcza \u017ce nie macie o nas zielonego poj\u0119cia&#8221; \u2014 powiedzia\u0142a Agnieszka Kaczorowska, kt\u00f3ra nast\u0119pnie zrezygnowa\u0142a ze swoim partnerem z tradycyjnego wyst\u0105pienia na \u017cywo w mediach spo\u0142eczno\u015bciowych programu.<\/p>\n<p>       Tomasz Karolak, Izabela Skierska    <img src=\"https:\/\/www.europesays.com\/pl\/wp-content\/uploads\/2025\/11\/Z6ek9lBaHR0cHM6Ly9vY2RuLmV1L3B1bHNjbXMvTURBXy84YmJhMTkzNDdjOWQ3NjM5NjY3YjIxMWJmMzZmODRjMi5qcGeRlQLNB.jpeg\" height=\"627\" width=\"940\" alt=\"Tomasz Karolak, Izabela Skierska\" loading=\"lazy\" decoding=\"async\" class=\"ods-c-image__img ods-c-image__img--placeholder\"\/>     9\/10   <\/p>\n<p>Andras Szilagyi \/ MW Media<\/p>\n<p class=\"ods-c-gallery__item__description\">W p\u00f3\u0142fina\u0142owym odcinku r\u00f3wnie\u017c nie brakowa\u0142o gor\u0105cych emocji. Dostarczyli ich m.in. Tomasz Karolak i Rafa\u0142 Maserak, kt\u00f3rzy na wizji wdali si\u0119 w sprzeczk\u0119.\n<\/p>\n<p>&#8222;Zawiesi\u0142em oko na twojej partnerce, ale to te\u017c jest sztuka, \u017ceby partnerk\u0119 wykreowa\u0107. Opening out, to jest opening out w nowej ods\u0142onie (&#8230;)&#8221; \u2014 powiedzia\u0142 juror po prezentacji rumby.\n<\/p>\n<p>Jego uwagi nie przypad\u0142y do gustu aktorowi, kt\u00f3ry zareagowa\u0142 w swoim charakterystycznym stylu.<br \/>\n&#8222;Gdy mia\u0142e\u015b sze\u015b\u0107 lat, ja ju\u017c czyta\u0142em ksi\u0105\u017cki&#8221; \u2014 odpar\u0142 Tomasz Karolak, co wywo\u0142a\u0142o salwy \u015bmiechu w\u015br\u00f3d publiczno\u015bci.\n<\/p>\n<p>Rafa\u0142 Maserak jednak nie pozosta\u0142 d\u0142u\u017cny i poprosi\u0142 Karolaka o zaprezentowanie wspomnianego kroku tanecznego.\n<\/p>\n<p>&#8222;To poka\u017c mi teraz ten krok opening&#8221; \u2014 powiedzia\u0142 z u\u015bmiechem.\n<\/p>\n<p>Aktor, nieco zaskoczony, przyzna\u0142, \u017ce nie potrafi wykona\u0107 tego ruchu. W odpowiedzi Rafa\u0142 Maserak zdecydowa\u0142 si\u0119 samemu wkroczy\u0107 na parkiet. W towarzystwie Izabeli Skierskiej zademonstrowa\u0142 poprawne wykonanie kroku, daj\u0105c wyra\u017anie do zrozumienia, jak powinien wygl\u0105da\u0107.<\/p>\n<p>    Marcin Rogacewicz, Agnieszka Kaczorowska    <img src=\"https:\/\/www.europesays.com\/pl\/wp-content\/uploads\/2025\/11\/MIck9lBaHR0cHM6Ly9vY2RuLmV1L3B1bHNjbXMvTURBXy8yNjA5ZjNhZmIzZjI0ZmM0MzNlZGRhOWZlNDJhZWU4NC5qcGeRlQLNB.jpeg\" height=\"627\" width=\"940\" alt=\"Marcin Rogacewicz, Agnieszka Kaczorowska\" loading=\"lazy\" decoding=\"async\" class=\"ods-c-image__img ods-c-image__img--placeholder\"\/>     10\/10   <\/p>\n<p>Andras Szilagyi \/ MW Media<\/p>\n<p class=\"ods-c-gallery__item__description\">Po czasie niepewno\u015bci okaza\u0142o si\u0119, \u017ce Agnieszka Kaczorowska i Marcin Rogacewicz wraz z innymi uczestnikami programu, pojawi\u0105 si\u0119 w fina\u0142owym odcinku show.\n<\/p>\n<p>Z jednego wpisu w sieci aktora wynika jednak, \u017ce atmosfera dla pary numerem siedem w programie jest niesprzyjaj\u0105ca. Ma ona mierzy\u0107 si\u0119 z hejtem ze strony innych gwiazd i tancerzy.\n<\/p>\n<p>&#8222;Jeste\u015bcie \u015bwiadkami nieprawdopodobnego \u2014 jawnego ju\u017c hejtu z imienia i nazwiska przeciwko nam, hejtu w\u015br\u00f3d uczestnik\u00f3w i tancerzy tej \u00bbwyj\u0105tkowej, jubileuszowej\u00ab edycji. Do tej pory nie mog\u0119 w to uwierzy\u0107, co zobaczy\u0142em i us\u0142ysza\u0142em! Poza tym, co zosta\u0142o wypowiedziane, mowa cia\u0142a m\u00f3wi ju\u017c wszystko. Brakuje mi s\u0142\u00f3w, by opisa\u0107 uczucie, kt\u00f3rego do\u015bwiadczy\u0142em, widz\u0105c, co robi\u0105 \u00bbkole\u017canki i koledzy\u00ab&#8221; \u2014 napisa\u0142 Marcin Rogacewicz w mediach spo\u0142eczno\u015bciowych.<\/p>\n<p>Dzi\u0119kujemy, \u017ce przeczyta\u0142a\u015b\/e\u015b nasz artyku\u0142 do ko\u0144ca. W serwisie Plejada.pl ka\u017cdego dnia piszemy o najwa\u017cniejszych wydarzeniach show-biznesowych. B\u0105d\u017a na bie\u017c\u0105co i obserwuj Plejad\u0119 w <a href=\"http:\/\/news.google.com\/publications\/CAAiEF0PeAlb7W1llpV_mwV2rL4qFAgKIhBdD3gJW-1tZZaVf5sFdqy-?hl=pl&amp;gl=PL&amp;ceid=PL%3Apl\" rel=\"nofollow noopener\" target=\"_blank\">Wiadomo\u015bciach Google<\/a>. Odwied\u017a nas tak\u017ce na <a href=\"http:\/\/facebook.com\/plejadapl\" rel=\"nofollow noopener\" target=\"_blank\">Facebooku<\/a> , <a href=\"http:\/\/instagram.com\/plejadapl\/\" rel=\"nofollow noopener\" target=\"_blank\">Instagramie<\/a>, <a href=\"http:\/\/youtube.com\/c\/plejada\" rel=\"nofollow noopener\" target=\"_blank\">YouTubie<\/a> i <a href=\"http:\/\/tiktok.com\/@plejada_pl\" rel=\"nofollow noopener\" target=\"_blank\">TikToku<\/a>. <\/p>\n<p>Chcesz podzieli\u0107 si\u0119 ciekawym newsem lub zaproponowa\u0107 temat? Skontaktuj si\u0119 z nami, pisz\u0105c maila na adres: plejada@redakcjaonet.pl.<\/p>\n<p>  <script async src=\"\/\/www.instagram.com\/embed.js\"><\/script><script async src=\"\/\/www.tiktok.com\/embed.js\"><\/script><\/p>\n","protected":false},"excerpt":{"rendered":"W ramach 17. edycji &#8222;Ta\u0144ca z gwiazdami&#8221; na parkiecie programu pojawi\u0142a si\u0119 plejada znanych twarzy: Ewa Minge, Maja&hellip;\n","protected":false},"author":2,"featured_media":105124,"comment_status":"","ping_status":"","sticky":false,"template":"","format":"standard","meta":{"footnotes":""},"categories":[5],"tags":[172,32,33,3564,36,37,27,3561,34,35,28,31,48,25,125,46,42,38,40,39,41,1280,3557,20738,47,1884,29,30,26],"class_list":{"0":"post-105123","1":"post","2":"type-post","3":"status-publish","4":"format-standard","5":"has-post-thumbnail","7":"category-naglowki","8":"tag-agnieszka_kaczorowska","9":"tag-breaking-news","10":"tag-breakingnews","11":"tag-ewa_minge","12":"tag-featured-news","13":"tag-featurednews","14":"tag-headlines","15":"tag-katarzyna_zillmann","16":"tag-latest-news","17":"tag-latestnews","18":"tag-naglowki","19":"tag-najwazniejsze-artykuly","20":"tag-nat_styl","21":"tag-news","22":"tag-newsy","23":"tag-omp","24":"tag-pl","25":"tag-poland","26":"tag-polish","27":"tag-polska","28":"tag-polski","29":"tag-programy_tv","30":"tag-rafal_maserak","31":"tag-rewquiz_tst0","32":"tag-screening_general","33":"tag-taniec_z_gwiazdami","34":"tag-top-stories","35":"tag-topstories","36":"tag-wiadomosci"},"share_on_mastodon":{"url":"https:\/\/pubeurope.com\/@pl\/115563819499096732","error":""},"_links":{"self":[{"href":"https:\/\/www.europesays.com\/pl\/wp-json\/wp\/v2\/posts\/105123","targetHints":{"allow":["GET"]}}],"collection":[{"href":"https:\/\/www.europesays.com\/pl\/wp-json\/wp\/v2\/posts"}],"about":[{"href":"https:\/\/www.europesays.com\/pl\/wp-json\/wp\/v2\/types\/post"}],"author":[{"embeddable":true,"href":"https:\/\/www.europesays.com\/pl\/wp-json\/wp\/v2\/users\/2"}],"replies":[{"embeddable":true,"href":"https:\/\/www.europesays.com\/pl\/wp-json\/wp\/v2\/comments?post=105123"}],"version-history":[{"count":0,"href":"https:\/\/www.europesays.com\/pl\/wp-json\/wp\/v2\/posts\/105123\/revisions"}],"wp:featuredmedia":[{"embeddable":true,"href":"https:\/\/www.europesays.com\/pl\/wp-json\/wp\/v2\/media\/105124"}],"wp:attachment":[{"href":"https:\/\/www.europesays.com\/pl\/wp-json\/wp\/v2\/media?parent=105123"}],"wp:term":[{"taxonomy":"category","embeddable":true,"href":"https:\/\/www.europesays.com\/pl\/wp-json\/wp\/v2\/categories?post=105123"},{"taxonomy":"post_tag","embeddable":true,"href":"https:\/\/www.europesays.com\/pl\/wp-json\/wp\/v2\/tags?post=105123"}],"curies":[{"name":"wp","href":"https:\/\/api.w.org\/{rel}","templated":true}]}}