{"id":105133,"date":"2025-11-17T07:24:10","date_gmt":"2025-11-17T07:24:10","guid":{"rendered":"https:\/\/www.europesays.com\/pl\/105133\/"},"modified":"2025-11-17T07:24:10","modified_gmt":"2025-11-17T07:24:10","slug":"final-tanca-z-gwiazdami-podzielil-widzow-wygraly-zasiegi-a-nie-taniec-2","status":"publish","type":"post","link":"https:\/\/www.europesays.com\/pl\/105133\/","title":{"rendered":"Fina\u0142 &#8222;Ta\u0144ca z gwiazdami&#8221; podzieli\u0142 widz\u00f3w. &#8222;Wygra\u0142y zasi\u0119gi, a nie taniec&#8221;"},"content":{"rendered":"<p class=\"ods-c-paragraph \">O zwyci\u0119stwo w jubileuszowym finale &#8222;Ta\u0144ca z gwiazdami&#8221; walczy\u0142y trzy pary: Maurycy Popiel i Sara Janicka, Wiktoria Gorodecka i Kamil Kuroczko oraz Miko\u0142aj &#8222;Bagi&#8221; Bagi\u0144ski i Magdalena Tarnowska. Ka\u017cdy duet przygotowa\u0142 trzy widowiskowe ta\u0144ce, a ostateczny werdykt pozostawiono publiczno\u015bci.<\/p>\n<p class=\"ods-c-paragraph \">G\u0142osami widz\u00f3w zwyci\u0119\u017cy\u0142 Bagi, kt\u00f3ry wraz ze swoj\u0105 partnerk\u0105 si\u0119gn\u0105\u0142 po Kryszta\u0142ow\u0105 Kul\u0119 oraz nagrody pieni\u0119\u017cne (200 tys. z\u0142 dla gwiazdy i 100 tys. z\u0142 dla tancerza). Wzruszony influencer og\u0142osi\u0142 tu\u017c po finale, \u017ce <a href=\"https:\/\/plejada.pl\/newsy\/taniec-z-gwiazdami-poruszajace-przemowienie-bagiego-oto-co-zrobi-z-wygrana\/c00ewfj\" id=\"ad5df5e2-fdf2-4107-a223-5a60bd083ba6\" rel=\"nofollow noopener\" target=\"_blank\">ca\u0142o\u015b\u0107 swojej wygranej przeka\u017ce na cele charytatywne<\/a>, wspieraj\u0105c fundacj\u0119 pomagaj\u0105c\u0105 osobom z zespo\u0142em Downa.<\/p>\n<p>Dalszy ci\u0105g artyku\u0142u pod materia\u0142em wideo<\/p>\n<p> Kto wygra\u0142 jubileuszowy fina\u0142 'Ta\u0144ca z gwiazdami&#8217;? <\/p>\n<p> Ile wynosi\u0142y nagrody dla zwyci\u0119zc\u00f3w? <\/p>\n<p> Z jakimi parami walczyli zwyci\u0119zcy? <\/p>\n<p> Jakie by\u0142y g\u0142\u00f3wne zarzuty wobec wyniku fina\u0142u? <\/p>\n<p>  Fina\u0142 &#8222;Ta\u0144ca z gwiazdami&#8221; wywo\u0142a\u0142 fal\u0119 komentarzy. Widzowie s\u0105 podzieleni<\/p>\n<p class=\"ods-c-paragraph \">Cho\u0107 zwyci\u0119zcy nie kryli rado\u015bci, tak\u017ce widzowie w du\u017cej mierze gratulowali im sukcesu. Pod postami programu w mediach spo\u0142eczno\u015bciowych pojawi\u0142o si\u0119 mn\u00f3stwo ciep\u0142ych s\u0142\u00f3w i wyraz\u00f3w uznania. Internauci doceniali ogromny post\u0119p <a href=\"https:\/\/plejada.pl\/mikolaj-bagi-baginski\" id=\"e8222f3b-2a6d-42e4-8beb-75031297e584\" rel=\"nofollow noopener\" target=\"_blank\">Miko\u0142aja Bagi\u0144skiego<\/a>, jego determinacj\u0119 i pozytywn\u0105 energi\u0119, z jak\u0105 podchodzi\u0142 do ka\u017cdego wyst\u0119pu.<\/p>\n<blockquote class=\"ods-o-quota\">\n<p class=\"ods-o-quota__paragraph\">Brawo. Pi\u0119kne zwyci\u0119stwo<\/p>\n<\/blockquote>\n<blockquote class=\"ods-o-quota\">\n<p class=\"ods-o-quota__paragraph\">Wasza wygrana to co\u015b wi\u0119cej ni\u017c tylko wynik. To dow\u00f3d na to, \u017ce szczero\u015b\u0107, dobro\u0107 i prawdziwe emocje zawsze maj\u0105 swoj\u0105 moc<\/p>\n<\/blockquote>\n<blockquote class=\"ods-o-quota\">\n<p class=\"ods-o-quota__paragraph\">\u015awietnie. Ca\u0142ym sercem za wami! Progres po\u015bwi\u0119cenie i si\u0142a walki<\/p>\n<\/blockquote>\n<blockquote class=\"ods-o-quota\"><\/blockquote>\n<blockquote class=\"ods-o-quota\"><\/blockquote>\n<p class=\"ods-c-paragraph \">\u2014 pisali fani.<\/p>\n<p class=\"ods-c-paragraph \">Nie brakowa\u0142o jednak g\u0142os\u00f3w krytyki. Cz\u0119\u015b\u0107 widz\u00f3w otwarcie podkre\u015bla\u0142a, \u017ce o wyniku zadecydowa\u0142y nie taneczne umiej\u0119tno\u015bci, lecz ogromna popularno\u015b\u0107 Bagiego w mediach spo\u0142eczno\u015bciowych.<\/p>\n<p class=\"ods-c-paragraph \">&#8222;Miny juror\u00f3w m\u00f3wi\u0142y za siebie&#8221;; &#8222;Kolejno\u015b\u0107 na podium powinna by\u0107 totalnie od ko\u0144ca&#8221;; &#8222;Wiktoria powinna wygra\u0107. Nie zapraszam do dyskusji&#8221;; &#8222;Niebywa\u0142y skandal. Nie zas\u0142ugiwali na fina\u0142, a co dopiero m\u00f3wi\u0107 o jego wygraniu&#8221;; &#8222;Wygra\u0142y zasi\u0119gi, a nie taniec&#8221;; &#8222;Chyba najbardziej niezas\u0142u\u017cona wygrana w historii programu&#8221;; &#8222;Tu wygra\u0142y zasi\u0119gi&#8230;&#8221; \u2014 czytamy w komentarzach.<\/p>\n<p><img decoding=\"async\" src=\"https:\/\/www.europesays.com\/pl\/wp-content\/uploads\/2025\/11\/yPAk9lBaHR0cHM6Ly9vY2RuLmV1L3B1bHNjbXMvTURBXy8wOTUzY2FkMzA4YTdlNTA0MGQwZDVhMTRkNTQyM2MxYi5qcGeRlQLNA.jpeg\" height=\"529\" width=\"940\" alt=\"Miko\u0142aj &quot;Bagi&quot; Bagi\u0144ski i Magdalena Tarnowska\" loading=\"lazy\" class=\"ods-c-image__img ods-c-image__img--vertical\"\/><\/p>\n<p>Miko\u0142aj &#8222;Bagi&#8221; Bagi\u0144ski i Magdalena TarnowskaMW Media<\/p>\n<p class=\"ods-c-paragraph \">Dzi\u0119kujemy, \u017ce przeczyta\u0142a\u015b\/e\u015b nasz artyku\u0142 do ko\u0144ca.\u202fW serwisie Plejada.pl ka\u017cdego dnia piszemy o najwa\u017cniejszych wydarzeniach show-biznesowych.\u202fB\u0105d\u017a na bie\u017c\u0105co!\u202f<a rel=\"nofollow noopener\" href=\"https:\/\/news.google.com\/publications\/CAAiEF0PeAlb7W1llpV_mwV2rL4qFAgKIhBdD3gJW-1tZZaVf5sFdqy-?hl=pl&amp;gl=PL&amp;ceid=PL%3Apl\" id=\"b449c52f-cdb9-4839-ac79-e46d0520052b\" target=\"_blank\">Obserwuj<\/a>\u202fPlejad\u0119 w Wiadomo\u015bciach Google. Odwied\u017a nas tak\u017ce na\u202f<a rel=\"nofollow noopener\" href=\"https:\/\/www.facebook.com\/plejadapl\" id=\"b260daa4-b75e-4baf-b3c2-25b5dc54b21f\" target=\"_blank\">Facebooku<\/a>,\u202f<a rel=\"nofollow noopener\" href=\"https:\/\/www.instagram.com\/plejadapl\/\" id=\"95678818-21a4-4a2d-a862-477042f30a3e\" target=\"_blank\">Instagramie<\/a>,\u202f<a rel=\"nofollow noopener\" href=\"https:\/\/www.youtube.com\/c\/plejada\" id=\"da9535a8-85cd-434e-9475-cf1e503fb482\" target=\"_blank\">YouTubie<\/a>\u202foraz\u202f<a rel=\"nofollow noopener\" href=\"https:\/\/www.tiktok.com\/@plejada_pl\" id=\"1053b295-bac3-43ca-82a2-e7aed3c7794a\" target=\"_blank\">TikToku<\/a>.<\/p>\n<p class=\"ods-c-paragraph \">Chcesz podzieli\u0107 si\u0119 ciekawym newsem lub zaproponowa\u0107 temat? Skontaktuj si\u0119 z nami, pisz\u0105c maila na adres:\u202f<a rel=\"nofollow noopener\" href=\"https:\/\/plejada.pl\/newsy\/final-tanca-z-gwiazdami-podzielil-widzow-wygraly-zasiegi-a-nie-taniec\/mailto:plejada@redakcjaonet.pl\" id=\"53534d04-5d8e-484a-b4da-00382dafbd92\" target=\"_blank\">plejada@redakcjaonet.pl<\/a>.<\/p>\n<p><script async src=\"\/\/www.instagram.com\/embed.js\"><\/script><script async src=\"\/\/www.tiktok.com\/embed.js\"><\/script><\/p>\n","protected":false},"excerpt":{"rendered":"O zwyci\u0119stwo w jubileuszowym finale &#8222;Ta\u0144ca z gwiazdami&#8221; walczy\u0142y trzy pary: Maurycy Popiel i Sara Janicka, Wiktoria Gorodecka&hellip;\n","protected":false},"author":2,"featured_media":105134,"comment_status":"","ping_status":"","sticky":false,"template":"","format":"standard","meta":{"footnotes":""},"categories":[5],"tags":[32,33,36,37,27,34,35,12897,28,31,48,25,125,46,42,38,40,39,41,20749,47,1884,29,30,26],"class_list":{"0":"post-105133","1":"post","2":"type-post","3":"status-publish","4":"format-standard","5":"has-post-thumbnail","7":"category-naglowki","8":"tag-breaking-news","9":"tag-breakingnews","10":"tag-featured-news","11":"tag-featurednews","12":"tag-headlines","13":"tag-latest-news","14":"tag-latestnews","15":"tag-mikolaj_bagi_baginski","16":"tag-naglowki","17":"tag-najwazniejsze-artykuly","18":"tag-nat_styl","19":"tag-news","20":"tag-newsy","21":"tag-omp","22":"tag-pl","23":"tag-poland","24":"tag-polish","25":"tag-polska","26":"tag-polski","27":"tag-rewquiz_tst2","28":"tag-screening_general","29":"tag-taniec_z_gwiazdami","30":"tag-top-stories","31":"tag-topstories","32":"tag-wiadomosci"},"share_on_mastodon":{"url":"https:\/\/pubeurope.com\/@pl\/115563847069790731","error":""},"_links":{"self":[{"href":"https:\/\/www.europesays.com\/pl\/wp-json\/wp\/v2\/posts\/105133","targetHints":{"allow":["GET"]}}],"collection":[{"href":"https:\/\/www.europesays.com\/pl\/wp-json\/wp\/v2\/posts"}],"about":[{"href":"https:\/\/www.europesays.com\/pl\/wp-json\/wp\/v2\/types\/post"}],"author":[{"embeddable":true,"href":"https:\/\/www.europesays.com\/pl\/wp-json\/wp\/v2\/users\/2"}],"replies":[{"embeddable":true,"href":"https:\/\/www.europesays.com\/pl\/wp-json\/wp\/v2\/comments?post=105133"}],"version-history":[{"count":0,"href":"https:\/\/www.europesays.com\/pl\/wp-json\/wp\/v2\/posts\/105133\/revisions"}],"wp:featuredmedia":[{"embeddable":true,"href":"https:\/\/www.europesays.com\/pl\/wp-json\/wp\/v2\/media\/105134"}],"wp:attachment":[{"href":"https:\/\/www.europesays.com\/pl\/wp-json\/wp\/v2\/media?parent=105133"}],"wp:term":[{"taxonomy":"category","embeddable":true,"href":"https:\/\/www.europesays.com\/pl\/wp-json\/wp\/v2\/categories?post=105133"},{"taxonomy":"post_tag","embeddable":true,"href":"https:\/\/www.europesays.com\/pl\/wp-json\/wp\/v2\/tags?post=105133"}],"curies":[{"name":"wp","href":"https:\/\/api.w.org\/{rel}","templated":true}]}}