{"id":105143,"date":"2025-11-17T07:31:17","date_gmt":"2025-11-17T07:31:17","guid":{"rendered":"https:\/\/www.europesays.com\/pl\/105143\/"},"modified":"2025-11-17T07:31:17","modified_gmt":"2025-11-17T07:31:17","slug":"marek-migalski-zmaga-sie-z-nowotworem-zapieprzajcie-na-badania","status":"publish","type":"post","link":"https:\/\/www.europesays.com\/pl\/105143\/","title":{"rendered":"Marek Migalski zmaga si\u0119 z nowotworem. &#8222;Zapieprzajcie na badania&#8221;"},"content":{"rendered":"\n<p>                          Migalski opublikowa\u0142 w\u00a0mediach spo\u0142eczno\u015bciowych zdj\u0119cie ze\u00a0szpitala, a\u00a0tak\u017ce obszerny opis swojej sytuacji. &#8222;Mam raka jelita grubego. Pojutrze czeka mnie operacja usuni\u0119cia du\u017cej cz\u0119\u015bci esicy. Ten wpis jest po\u00a0to, \u017ceby\u015bcie unikn\u0119li mojego losu&#8221; <\/p>\n<p>&#13;<br \/>\n\u2013 zaznacza komentator. &#13;\n<\/p>\n<p>&#13;<br \/>\ninstagram&#8221;Wszystko zacz\u0119\u0142o si\u0119 kilka tygodni temu, gdy poszed\u0142em na\u00a0kolonoskopi\u0119. Nic mnie nie\u00a0bola\u0142o, ale\u00a0postanowi\u0142em zbada\u0107 si\u0119 just in\u00a0case. Mia\u0142em nadziej\u0119, \u017ce\u00a0po\u00a0badaniu us\u0142ysz\u0119, i\u017c\u00a0mam pi\u0119kne, czyste wn\u0119trze i\u00a0\u017ce widzimy si\u0119 za\u00a0dziesi\u0119\u0107 lat \u2013\u00a0wszak prawie nie\u00a0jem mi\u0119sa, jestem aktywny sportowo, zajadam si\u0119 warzywami i\u00a0owocami. Niestety, lekarz od\u00a0razu zauwa\u017cy\u0142, i\u017c\u00a0mam zmiany onkologiczne i\u00a0\u017ce prawdopodobnie potrzebna b\u0119dzie operacja. Nie\u00a0myli\u0142 si\u0119. Doda\u0142, \u017ce\u00a0gdybym przyszed\u0142 do\u00a0niego pi\u0119\u0107 lat wcze\u015bniej, po\u00a0prostu w\u00a0czasie kolonoskopii usun\u0105\u0142by mi polipa i\u00a0by\u0142oby po\u00a0sprawie. Zapyta\u0142em co\u00a0by\u00a0si\u0119 sta\u0142o, gdybym przyszed\u0142 za\u00a0pi\u0119\u0107 lat. Powiedzia\u0142, \u017ce\u00a0prawdopodobnie do\u00a0takiego spotkania ju\u017c by\u00a0nie dosz\u0142o&#8221; \u2013\u00a0wskazuje. &#13;\n<\/p>\n<p>&#13;<br \/>\nMark Migalski poinformowa\u0142, \u017ce\u00a0jest to\u00a0nowotw\u00f3r z\u0142o\u015bliwy, ale\u00a0&#8222;o\u00a0niskiej emisyjno\u015bci (low grade) i\u00a0wykryty na\u00a0do\u015b\u0107 wczesnym etapie. Jest wi\u0119c szansa, \u017ce\u00a0po\u00a0operacji, rehabilitacji i\u00a0chemii, za\u00a0kilka miesi\u0119cy wr\u00f3c\u0119 do\u00a0dawnego trybu \u017cycia i\u00a0b\u0119d\u0119 jedynie monitorowa\u0142, czy\u00a0nie mam w\u00a0swoim jak\u017ce bogatym wn\u0119trzu jakiego\u015b nowego ogniska rakowego&#8221;. &#13;\n<\/p>\n<p>Apel o\u00a0badanie si\u0119<br \/>\n&#8222;Pisz\u0119 to, by\u00a0zaapelowa\u0107 do\u00a0tych, kt\u00f3rzy mnie znaj\u0105 i\u00a0mi ufaj\u0105: zapieprzajcie na\u00a0badania! Wy\u00a0i\u00a0Wasi bliscy. Zr\u00f3bcie sobie kolonoskopi\u0119, gastroskopi\u0119, markery, TK. Walczcie o\u00a0siebie, p\u00f3ki nie\u00a0jest za\u00a0p\u00f3\u017ano. Walczcie dla\u00a0siebie i\u00a0dla Waszych bliskich. Cz\u0119\u015b\u0107 tych bada\u0144 jest darmowa, za\u00a0reszt\u0119 warto zap\u0142aci\u0107. \u017bycie jest tego warte. Nie\u00a0zwlekajcie zatem i\u00a0\u015bwi\u0105teczno-noworoczne postanowienia niech tym razem dotycz\u0105 prze\u015bwietlenia si\u0119 pod\u00a0kontem nowotworowym (i nie\u00a0tylko). To\u00a0mo\u017ce by\u0107 najlepsza decyzja w\u00a0Waszym \u017cyciu&#8221; \u2013\u00a0apeluje. <\/p>\n<p>&#13;<br \/>\n&#8222;Ja za\u00a0kilka dni b\u0119d\u0119 wiedzia\u0142 czy\u00a0zd\u0105\u017cy\u0142em w\u00a0ostatnim momencie. Mam nadziej\u0119, \u017ce\u00a0tak. Trzymajcie si\u0119 i\u00a0(oby) do\u00a0rych\u0142ego zobaczenia!&#8221; \u2013\u00a0zako\u0144czy\u0142 sw\u00f3j wpis. &#13;\n<\/p>\n<p>&#13;<br \/>\nCzytaj te\u017c:<br \/><a href=\"https:\/\/dorzeczy.pl\/kraj\/774600\/migalski-sie-doigral-uczelnia-reaguje-na-haniebne-wpisy.html\" rel=\"follow nofollow noopener\" data-schema=\"DORZECZY\" data-image=\"https:\/\/img.dorzeczy.pl\/_thumb\/6f\/a5\/11381347f91f42c8f73139c88ee8.jpeg\" target=\"_blank\">Migalski si\u0119 doigra\u0142? Uczelnia reaguje na\u00a0haniebne wpisy<\/a>Czytaj te\u017c:<br \/><a href=\"https:\/\/dorzeczy.pl\/opinie\/733596\/wybory-prezydenckie-migalski-o-wariancie-rumunskim.html\" rel=\"follow nofollow noopener\" data-schema=\"DORZECZY\" data-image=\"https:\/\/img.dorzeczy.pl\/_thumb\/d8\/f9\/fa47ea3909d3235c02a3a5af7266.jpeg\" target=\"_blank\">Migalski o\u00a0&#8222;wariancie rumu\u0144skim&#8221;. &#8222;Przysz\u0142o mi do\u00a0g\u0142owy&#8221;<\/a> &#13;<\/p>\n","protected":false},"excerpt":{"rendered":"Migalski opublikowa\u0142 w\u00a0mediach spo\u0142eczno\u015bciowych zdj\u0119cie ze\u00a0szpitala, a\u00a0tak\u017ce obszerny opis swojej sytuacji. &#8222;Mam raka jelita grubego. Pojutrze czeka mnie&hellip;\n","protected":false},"author":2,"featured_media":105144,"comment_status":"","ping_status":"","sticky":false,"template":"","format":"standard","meta":{"footnotes":""},"categories":[5],"tags":[32,33,98,36,37,27,49,34,35,23387,28,31,25,2095,103,1265,42,38,40,39,41,2096,29,30,26,253],"class_list":{"0":"post-105143","1":"post","2":"type-post","3":"status-publish","4":"format-standard","5":"has-post-thumbnail","7":"category-naglowki","8":"tag-breaking-news","9":"tag-breakingnews","10":"tag-dorzeczy","11":"tag-featured-news","12":"tag-featurednews","13":"tag-headlines","14":"tag-kraj","15":"tag-latest-news","16":"tag-latestnews","17":"tag-migalski","18":"tag-naglowki","19":"tag-najwazniejsze-artykuly","20":"tag-news","21":"tag-nowotwor","22":"tag-obserwator-mediow","23":"tag-operacja","24":"tag-pl","25":"tag-poland","26":"tag-polish","27":"tag-polska","28":"tag-polski","29":"tag-rak","30":"tag-top-stories","31":"tag-topstories","32":"tag-wiadomosci","33":"tag-zdrowie"},"share_on_mastodon":{"url":"https:\/\/pubeurope.com\/@pl\/115563874648524749","error":""},"_links":{"self":[{"href":"https:\/\/www.europesays.com\/pl\/wp-json\/wp\/v2\/posts\/105143","targetHints":{"allow":["GET"]}}],"collection":[{"href":"https:\/\/www.europesays.com\/pl\/wp-json\/wp\/v2\/posts"}],"about":[{"href":"https:\/\/www.europesays.com\/pl\/wp-json\/wp\/v2\/types\/post"}],"author":[{"embeddable":true,"href":"https:\/\/www.europesays.com\/pl\/wp-json\/wp\/v2\/users\/2"}],"replies":[{"embeddable":true,"href":"https:\/\/www.europesays.com\/pl\/wp-json\/wp\/v2\/comments?post=105143"}],"version-history":[{"count":0,"href":"https:\/\/www.europesays.com\/pl\/wp-json\/wp\/v2\/posts\/105143\/revisions"}],"wp:featuredmedia":[{"embeddable":true,"href":"https:\/\/www.europesays.com\/pl\/wp-json\/wp\/v2\/media\/105144"}],"wp:attachment":[{"href":"https:\/\/www.europesays.com\/pl\/wp-json\/wp\/v2\/media?parent=105143"}],"wp:term":[{"taxonomy":"category","embeddable":true,"href":"https:\/\/www.europesays.com\/pl\/wp-json\/wp\/v2\/categories?post=105143"},{"taxonomy":"post_tag","embeddable":true,"href":"https:\/\/www.europesays.com\/pl\/wp-json\/wp\/v2\/tags?post=105143"}],"curies":[{"name":"wp","href":"https:\/\/api.w.org\/{rel}","templated":true}]}}