{"id":105179,"date":"2025-11-17T08:07:19","date_gmt":"2025-11-17T08:07:19","guid":{"rendered":"https:\/\/www.europesays.com\/pl\/105179\/"},"modified":"2025-11-17T08:07:19","modified_gmt":"2025-11-17T08:07:19","slug":"10-najglosniejszych-momentow-tanca-z-gwiazdami-nie-zaczelo-sie-od-ewy-minge-2","status":"publish","type":"post","link":"https:\/\/www.europesays.com\/pl\/105179\/","title":{"rendered":"10 najg\u0142o\u015bniejszych moment\u00f3w &#8222;Ta\u0144ca z gwiazdami&#8221;. Nie zacz\u0119\u0142o si\u0119 od Ewy Minge"},"content":{"rendered":"<p class=\"Paragraph_desktopParagraph__U31Gm\">Po czasie niepewno\u015bci okaza\u0142o si\u0119, \u017ce Agnieszka Kaczorowska i Marcin Rogacewicz wraz z innymi uczestnikami programu, pojawi\u0105 si\u0119 w fina\u0142owym odcinku show.\n<\/p>\n<p>Z jednego wpisu w sieci aktora wynika jednak, \u017ce atmosfera dla pary numerem siedem w programie jest niesprzyjaj\u0105ca. Ma ona mierzy\u0107 si\u0119 z hejtem ze strony innych gwiazd i tancerzy.\n<\/p>\n<p>&#8222;Jeste\u015bcie \u015bwiadkami nieprawdopodobnego \u2014 jawnego ju\u017c hejtu z imienia i nazwiska przeciwko nam, hejtu w\u015br\u00f3d uczestnik\u00f3w i tancerzy tej \u00bbwyj\u0105tkowej, jubileuszowej\u00ab edycji. Do tej pory nie mog\u0119 w to uwierzy\u0107, co zobaczy\u0142em i us\u0142ysza\u0142em! Poza tym, co zosta\u0142o wypowiedziane, mowa cia\u0142a m\u00f3wi ju\u017c wszystko. Brakuje mi s\u0142\u00f3w, by opisa\u0107 uczucie, kt\u00f3rego do\u015bwiadczy\u0142em, widz\u0105c, co robi\u0105 \u00bbkole\u017canki i koledzy\u00ab&#8221; \u2014 napisa\u0142 Marcin Rogacewicz w mediach spo\u0142eczno\u015bciowych.<\/p>\n<p>Dzi\u0119kujemy, \u017ce przeczyta\u0142a\u015b\/e\u015b nasz artyku\u0142 do ko\u0144ca. W serwisie Plejada.pl ka\u017cdego dnia piszemy o najwa\u017cniejszych wydarzeniach show-biznesowych. B\u0105d\u017a na bie\u017c\u0105co i obserwuj Plejad\u0119 w <a rel=\"nofollow noopener\" href=\"http:\/\/news.google.com\/publications\/CAAiEF0PeAlb7W1llpV_mwV2rL4qFAgKIhBdD3gJW-1tZZaVf5sFdqy-?hl=pl&amp;gl=PL&amp;ceid=PL%3Apl\" target=\"_blank\">Wiadomo\u015bciach Google<\/a>. Odwied\u017a nas tak\u017ce na <a rel=\"nofollow noopener\" href=\"http:\/\/facebook.com\/plejadapl\" target=\"_blank\">Facebooku<\/a> , <a rel=\"nofollow noopener\" href=\"http:\/\/instagram.com\/plejadapl\/\" target=\"_blank\">Instagramie<\/a>, <a rel=\"nofollow noopener\" href=\"http:\/\/youtube.com\/c\/plejada\" target=\"_blank\">YouTubie<\/a> i <a rel=\"nofollow noopener\" href=\"http:\/\/tiktok.com\/@plejada_pl\" target=\"_blank\">TikToku<\/a>. <\/p>\n<p>Chcesz podzieli\u0107 si\u0119 ciekawym newsem lub zaproponowa\u0107 temat? Skontaktuj si\u0119 z nami, pisz\u0105c maila na adres: plejada@redakcjaonet.pl.<\/p>\n<p><script async src=\"\/\/www.instagram.com\/embed.js\"><\/script><script async src=\"\/\/www.tiktok.com\/embed.js\"><\/script><\/p>\n","protected":false},"excerpt":{"rendered":"Po czasie niepewno\u015bci okaza\u0142o si\u0119, \u017ce Agnieszka Kaczorowska i Marcin Rogacewicz wraz z innymi uczestnikami programu, pojawi\u0105 si\u0119&hellip;\n","protected":false},"author":2,"featured_media":101865,"comment_status":"","ping_status":"","sticky":false,"template":"","format":"standard","meta":{"footnotes":""},"categories":[5],"tags":[172,32,33,12306,2728,1846,36,37,27,67,3561,261,34,35,28,31,53,25,52,68,51,55,42,38,40,39,41,1280,3557,47,1863,29,30,50,26],"class_list":{"0":"post-105179","1":"post","2":"type-post","3":"status-publish","4":"format-standard","5":"has-post-thumbnail","7":"category-naglowki","8":"tag-agnieszka_kaczorowska","9":"tag-breaking-news","10":"tag-breakingnews","11":"tag-connect_me","12":"tag-evergreen","13":"tag-ewa_minge_projektantka","14":"tag-featured-news","15":"tag-featurednews","16":"tag-headlines","17":"tag-intextvideo_splayer","18":"tag-katarzyna_zillmann","19":"tag-kultura","20":"tag-latest-news","21":"tag-latestnews","22":"tag-naglowki","23":"tag-najwazniejsze-artykuly","24":"tag-new_header","25":"tag-news","26":"tag-onet3","27":"tag-onet3d","28":"tag-onet3d_2i","29":"tag-phx","30":"tag-pl","31":"tag-poland","32":"tag-polish","33":"tag-polska","34":"tag-polski","35":"tag-programy_tv","36":"tag-rafal_maserak","37":"tag-screening_general","38":"tag-taniec_z_gwiazdami_program_tv","39":"tag-top-stories","40":"tag-topstories","41":"tag-v2021","42":"tag-wiadomosci"},"share_on_mastodon":{"url":"","error":"Validation failed: Text character limit of 500 exceeded"},"_links":{"self":[{"href":"https:\/\/www.europesays.com\/pl\/wp-json\/wp\/v2\/posts\/105179","targetHints":{"allow":["GET"]}}],"collection":[{"href":"https:\/\/www.europesays.com\/pl\/wp-json\/wp\/v2\/posts"}],"about":[{"href":"https:\/\/www.europesays.com\/pl\/wp-json\/wp\/v2\/types\/post"}],"author":[{"embeddable":true,"href":"https:\/\/www.europesays.com\/pl\/wp-json\/wp\/v2\/users\/2"}],"replies":[{"embeddable":true,"href":"https:\/\/www.europesays.com\/pl\/wp-json\/wp\/v2\/comments?post=105179"}],"version-history":[{"count":0,"href":"https:\/\/www.europesays.com\/pl\/wp-json\/wp\/v2\/posts\/105179\/revisions"}],"wp:featuredmedia":[{"embeddable":true,"href":"https:\/\/www.europesays.com\/pl\/wp-json\/wp\/v2\/media\/101865"}],"wp:attachment":[{"href":"https:\/\/www.europesays.com\/pl\/wp-json\/wp\/v2\/media?parent=105179"}],"wp:term":[{"taxonomy":"category","embeddable":true,"href":"https:\/\/www.europesays.com\/pl\/wp-json\/wp\/v2\/categories?post=105179"},{"taxonomy":"post_tag","embeddable":true,"href":"https:\/\/www.europesays.com\/pl\/wp-json\/wp\/v2\/tags?post=105179"}],"curies":[{"name":"wp","href":"https:\/\/api.w.org\/{rel}","templated":true}]}}