{"id":105254,"date":"2025-11-17T08:58:11","date_gmt":"2025-11-17T08:58:11","guid":{"rendered":"https:\/\/www.europesays.com\/pl\/105254\/"},"modified":"2025-11-17T08:58:11","modified_gmt":"2025-11-17T08:58:11","slug":"tak-widzowie-tanca-z-gwiazdami-reagowali-na-slowa-jurorow-tego-sie-nie-da-sluchac-2","status":"publish","type":"post","link":"https:\/\/www.europesays.com\/pl\/105254\/","title":{"rendered":"Tak widzowie &#8222;Ta\u0144ca z gwiazdami&#8221; reagowali na s\u0142owa juror\u00f3w. &#8222;Tego si\u0119 nie da s\u0142ucha\u0107&#8221;"},"content":{"rendered":"<p class=\"Paragraph_desktopParagraph__U31Gm\">Jury programu <a href=\"https:\/\/plejada.pl\/taniec-z-gwiazdami-program-tv\" id=\"e719a903-8d70-4901-9cad-68e806df0176\" rel=\"nofollow noopener\" target=\"_blank\">&#8222;Taniec z gwiazdami&#8221;<\/a> od lat odgrywa kluczow\u0105 rol\u0119 w ocenie uczestnik\u00f3w, kszta\u0142tuj\u0105c wyniki jednego z najpopularniejszych show w Polsce. W jego sk\u0142adzie znajduj\u0105 si\u0119 Rafa\u0142 Maserak, Tomasz Wygoda, Ewa Kasprzyk i Iwona Pavlovi\u0107. Ka\u017cdy z juror\u00f3w ma swoje indywidualne podej\u015bcie do oceny, co niejednokrotnie budzi emocje zar\u00f3wno w\u015br\u00f3d publiczno\u015bci, jak i widz\u00f3w przed telewizorami. Ich barwne wypowiedzi sta\u0142y si\u0119 znakiem rozpoznawczym programu, cho\u0107 nie zawsze spotykaj\u0105 si\u0119 z entuzjazmem odbiorc\u00f3w.<\/p>\n<ul class=\"OchatFollowUps_wrapper__1ry7X\">\n<li class=\"OchatFollowUps_item__Dhyly OchatFollowUps_itemDesktop__R6aBv\">Jakie by\u0142y reakcje widz\u00f3w na s\u0142owa juror\u00f3w?<\/li>\n<li class=\"OchatFollowUps_item__Dhyly OchatFollowUps_itemDesktop__R6aBv\">Kto z juror\u00f3w wypowiedzia\u0142 si\u0119 o Wiktorii Gorodeckiej?<\/li>\n<li class=\"OchatFollowUps_item__Dhyly OchatFollowUps_itemDesktop__R6aBv\">Czego zarzucaj\u0105 jurorom widzowie programu?<\/li>\n<li class=\"OchatFollowUps_item__Dhyly OchatFollowUps_itemDesktop__R6aBv\">Jakie metafory u\u017cyli jurorzy w swoich ocenach?<\/li>\n<\/ul>\n<p class=\"Paragraph_desktopParagraph__U31Gm\">Podczas ostatniego odcinka szczeg\u00f3lne emocje wzbudzi\u0142 wyst\u0119p Wiktorii Gorodeckiej. Jej drugi taniec wywo\u0142a\u0142 owacje w studiu, a jury nie szcz\u0119dzi\u0142o pochwa\u0142, si\u0119gaj\u0105c po g\u00f3rnolotne metafory.<\/p>\n<blockquote>\n<p class=\"Paragraph_desktopParagraph__U31Gm\">Wzbijasz si\u0119 na szczyty Himalaj\u00f3w i pokazujesz sztuk\u0119 przez du\u017ce &#8222;S&#8221;. Jestem lepszym cz\u0142owiekiem, kiedy ci\u0119 ogl\u0105dam<\/p>\n<\/blockquote>\n<p class=\"Paragraph_desktopParagraph__U31Gm\">\u2014 wyzna\u0142a Ewa Kasprzyk.<\/p>\n<p class=\"Paragraph_desktopParagraph__U31Gm\">Tomasz Wygoda poszed\u0142 o krok dalej, por\u00f3wnuj\u0105c Gorodeck\u0105 do deszczu, kt\u00f3rego wszyscy potrzebuj\u0105.<\/p>\n<blockquote>\n<p class=\"Paragraph_desktopParagraph__U31Gm\">Jeste\u015b deszczem, kt\u00f3rego potrzebujemy! Od jutra, jak zobaczycie kogo\u015b, kto ma zaci\u015bni\u0119te pi\u0119\u015bci, to powiedzcie: &#8222;Widzia\u0142e\u015b Wiktori\u0119?&#8221;<\/p>\n<\/blockquote>\n<p class=\"Paragraph_desktopParagraph__U31Gm\">\u2014 powiedzia\u0142.<\/p>\n<p class=\"Paragraph_desktopParagraph__U31Gm\">Cho\u0107 jury nie szcz\u0119dzi\u0142o pochwa\u0142, reakcje widz\u00f3w na ich komentarze by\u0142y znacznie mniej entuzjastyczne. Na oficjalnych profilach programu w mediach spo\u0142eczno\u015bciowych pojawi\u0142o si\u0119 wiele krytycznych uwag pod adresem juror\u00f3w. Widzowie zarzucaj\u0105 im przesad\u0119 i brak profesjonalizmu w ocenach.<\/p>\n<p class=\"Paragraph_desktopParagraph__U31Gm\">&#8222;Prosz\u0119, zmie\u0144cie to jury, po co to gadanie? Tego si\u0119 ju\u017c nie da s\u0142ucha\u0107?&#8221;; &#8222;Nie da si\u0119 tego gadania s\u0142ucha\u0107&#8221;; &#8222;Wy tam jeszcze pami\u0119tacie, \u017ce jeste\u015bcie w programie rozrywkowym i oceniacie ta\u0144ce?&#8221;; &#8222;To jakie\u015b wariactwo&#8221;; &#8222;Jury powinno by\u0107 bezstronne&#8221;; &#8222;\u00bbJeste\u015b najwi\u0119ksz\u0105 gwiazd\u0105 z tych ta\u0144cz\u0105cych\u00ab. Troch\u0119 s\u0142abo, kiedy takie s\u0142owa wychodz\u0105 z ust jury&#8221; \u2014 czytamy.<\/p>\n<p><img decoding=\"async\" class=\"Image_image__0tuHp \" height=\"587\" width=\"880\" src=\"https:\/\/www.europesays.com\/pl\/wp-content\/uploads\/2025\/11\/j2Tk9kpTURBXy9kNmVmYzg2ODUwY2Q0Yjg2OGZhN2RhNjgwOWQzOWU0NS5qcGeSlQLNA6wAwsOVAgDNAkvCw94AA6EwAaExAaEzw.jpeg\" alt=\"Jurorzy &quot;Ta\u0144ca z gwiazdami&quot;\" loading=\"lazy\" \/>Andras Szilagyi \/ MW Media<\/p>\n<p>Jurorzy &#8222;Ta\u0144ca z gwiazdami&#8221;<\/p>\n<p class=\"Paragraph_desktopParagraph__U31Gm\">Dzi\u0119kujemy, \u017ce przeczyta\u0142a\u015b\/e\u015b nasz artyku\u0142 do ko\u0144ca. W serwisie Plejada.pl ka\u017cdego dnia piszemy o najwa\u017cniejszych wydarzeniach show-biznesowych. B\u0105d\u017a na bie\u017c\u0105co! <a rel=\"nofollow noopener\" href=\"https:\/\/news.google.com\/publications\/CAAiEF0PeAlb7W1llpV_mwV2rL4qFAgKIhBdD3gJW-1tZZaVf5sFdqy-?hl=pl&amp;gl=PL&amp;ceid=PL%3Apl\" id=\"efd2d397-1f6f-49f8-9ca4-483545813bef\" target=\"_blank\">Obserwuj<\/a> Plejad\u0119 w Wiadomo\u015bciach Google. Odwied\u017a nas tak\u017ce na <a rel=\"nofollow noopener\" href=\"https:\/\/www.facebook.com\/plejadapl\" id=\"1220c172-60ad-4514-8010-23733eb7d5db\" target=\"_blank\">Facebooku<\/a>, <a rel=\"nofollow noopener\" href=\"https:\/\/www.instagram.com\/plejadapl\/\" id=\"853d4916-899b-4990-9d91-dfc4195e8ff5\" target=\"_blank\">Instagramie<\/a>, <a rel=\"nofollow noopener\" href=\"https:\/\/www.youtube.com\/c\/plejada\" id=\"104867cd-567e-4e4c-88cf-b4830212892e\" target=\"_blank\">YouTube<\/a> oraz <a rel=\"nofollow noopener\" href=\"https:\/\/www.tiktok.com\/@plejada_pl\" id=\"f7550da4-70fb-41e8-b11b-0c97f059619d\" target=\"_blank\">TikToku<\/a>.<\/p>\n<p class=\"Paragraph_desktopParagraph__U31Gm\">Chcesz podzieli\u0107 si\u0119 ciekawym newsem lub zaproponowa\u0107 temat? Skontaktuj si\u0119 z nami, pisz\u0105c e-maila na adres: <a href=\"https:\/\/www.onet.pl\/styl-zycia\/plejada\/tak-widzowie-tanca-z-gwiazdami-reagowali-na-slowa-jurorow-tego-sie-nie-da-sluchac\/mailto:plejada@redakcjaonet.pl\" id=\"cd7f716b-28ec-4367-bb8f-a7ed98bc7e81\" rel=\"nofollow noopener\" target=\"_blank\">plejada@redakcjaonet.pl<\/a>.<\/p>\n<p><script async src=\"\/\/www.instagram.com\/embed.js\"><\/script><script async src=\"\/\/www.tiktok.com\/embed.js\"><\/script><\/p>\n","protected":false},"excerpt":{"rendered":"Jury programu &#8222;Taniec z gwiazdami&#8221; od lat odgrywa kluczow\u0105 rol\u0119 w ocenie uczestnik\u00f3w, kszta\u0142tuj\u0105c wyniki jednego z najpopularniejszych&hellip;\n","protected":false},"author":2,"featured_media":105255,"comment_status":"","ping_status":"","sticky":false,"template":"","format":"standard","meta":{"footnotes":""},"categories":[22],"tags":[122,3912,67,3997,261,53,52,68,51,55,42,38,40,255,39,41,3557,123,47,1884,1863,3559,65,50],"class_list":{"0":"post-105254","1":"post","2":"type-post","3":"status-publish","4":"format-standard","5":"has-post-thumbnail","7":"category-rozrywka","8":"tag-entertainment","9":"tag-ewa_kasprzyk_aktorka","10":"tag-intextvideo_splayer","11":"tag-iwona_pavlovic","12":"tag-kultura","13":"tag-new_header","14":"tag-onet3","15":"tag-onet3d","16":"tag-onet3d_2i","17":"tag-phx","18":"tag-pl","19":"tag-poland","20":"tag-polish","21":"tag-polsat_telewizja_stacje_firma_fundacja","22":"tag-polska","23":"tag-polski","24":"tag-rafal_maserak","25":"tag-rozrywka","26":"tag-screening_general","27":"tag-taniec_z_gwiazdami","28":"tag-taniec_z_gwiazdami_program_tv","29":"tag-tomasz_wygoda","30":"tag-update_me","31":"tag-v2021"},"share_on_mastodon":{"url":"https:\/\/pubeurope.com\/@pl\/115564216692854044","error":""},"_links":{"self":[{"href":"https:\/\/www.europesays.com\/pl\/wp-json\/wp\/v2\/posts\/105254","targetHints":{"allow":["GET"]}}],"collection":[{"href":"https:\/\/www.europesays.com\/pl\/wp-json\/wp\/v2\/posts"}],"about":[{"href":"https:\/\/www.europesays.com\/pl\/wp-json\/wp\/v2\/types\/post"}],"author":[{"embeddable":true,"href":"https:\/\/www.europesays.com\/pl\/wp-json\/wp\/v2\/users\/2"}],"replies":[{"embeddable":true,"href":"https:\/\/www.europesays.com\/pl\/wp-json\/wp\/v2\/comments?post=105254"}],"version-history":[{"count":0,"href":"https:\/\/www.europesays.com\/pl\/wp-json\/wp\/v2\/posts\/105254\/revisions"}],"wp:featuredmedia":[{"embeddable":true,"href":"https:\/\/www.europesays.com\/pl\/wp-json\/wp\/v2\/media\/105255"}],"wp:attachment":[{"href":"https:\/\/www.europesays.com\/pl\/wp-json\/wp\/v2\/media?parent=105254"}],"wp:term":[{"taxonomy":"category","embeddable":true,"href":"https:\/\/www.europesays.com\/pl\/wp-json\/wp\/v2\/categories?post=105254"},{"taxonomy":"post_tag","embeddable":true,"href":"https:\/\/www.europesays.com\/pl\/wp-json\/wp\/v2\/tags?post=105254"}],"curies":[{"name":"wp","href":"https:\/\/api.w.org\/{rel}","templated":true}]}}