{"id":105270,"date":"2025-11-17T09:10:14","date_gmt":"2025-11-17T09:10:14","guid":{"rendered":"https:\/\/www.europesays.com\/pl\/105270\/"},"modified":"2025-11-17T09:10:14","modified_gmt":"2025-11-17T09:10:14","slug":"koreanskie-czolgi-w-polsce-bylem-na-ich-testach-zolnierze-mowia-o-przepasci","status":"publish","type":"post","link":"https:\/\/www.europesays.com\/pl\/105270\/","title":{"rendered":"Korea\u0144skie czo\u0142gi w Polsce. By\u0142em na ich testach. \u017bo\u0142nierze m\u00f3wi\u0105 o &#8222;przepa\u015bci&#8221;"},"content":{"rendered":"<p data-section=\"detail-body\">Potrzeba zakupu nowych czo\u0142g\u00f3w sta\u0142a si\u0119 pilna po wybuchu wojny w Ukrainie w lutym 2022 roku. Polska, w ramach pomocy wojskowej, przekaza\u0142a sojusznikowi ponad 300 w\u0142asnych woz\u00f3w \u2013 wi\u0119kszo\u015b\u0107 z nich stanowi\u0142y T-72M oraz PT-91 Twardy, kt\u00f3re m.in. pochodzi\u0142y z jednostek Wojska Polskiego rozsianych na terenie kraju. Nie mo\u017cna wykluczy\u0107, \u017ce cz\u0119\u015b\u0107 Twardych zosta\u0142a zabrana tak\u017ce z brygady w Braniewie.<\/p>\n<p class=\"article-p\" data-section=\"detail-body\">Braniewska brygada jest jednym z trzech odbiorc\u00f3w pierwszej partii zakupionych przez MON czo\u0142g\u00f3w. W sierpniu 2022 roku zam\u00f3wiono 180 woz\u00f3w, kt\u00f3rych dostawy maj\u0105 zako\u0144czy\u0107 si\u0119 do ko\u0144ca bie\u017c\u0105cego roku. Kosztowa\u0142y blisko 3,4 mld dol. Poza Czarnymi Panterami zam\u00f3wiony pakiet obejmowa\u0142 cz\u0119\u015bci zamienne, amunicj\u0119 oraz wsparcie szkoleniowe. Spo\u015br\u00f3d nich 58 ma trafi\u0107 do Braniewa i pozwoli\u0107 na przezbrojenie jednego z trzech batalion\u00f3w czo\u0142g\u00f3w \u2013 jak wskazuje prosta arytmetyka, docelowo brygada powinna otrzyma\u0107 a\u017c 174 nowoczesnych woz\u00f3w tego typu.<\/p>\n<p class=\"article-p\" data-section=\"detail-body\">Nie powinno to zaskakiwa\u0107, gdy\u017c poprzednie kierownictwo resortu (s\u0142usznie) uzna\u0142o, \u017ce nale\u017cy wzmocni\u0107 potencja\u0142 jednostek w p\u00f3\u0142nocno-wschodniej cz\u0119\u015bci kraju. Pierwsze z nich dostarczono w listopadzie 2024 roku i niemal natychmiast zapocz\u0105tkowano szkolenie \u017co\u0142nierzy. Co warto wskaza\u0107, mowa o do\u015bwiadczonej kadrze, kt\u00f3ra ma za sob\u0105 do\u015bwiadczenia z czo\u0142gami PT-91 Twardy, a tak\u017ce m\u0142odych \u017co\u0142nierzach, kt\u00f3rzy od niedawna znajduj\u0105 si\u0119 w szeregach polskiej armii.<\/p>\n<p>        Tak strzelaj\u0105 Czarne Pantery. Wys\u0142annik &#8222;Faktu&#8221; sprawdzi\u0142 to osobi\u015bcie<\/p>\n<p class=\"article-p\" data-section=\"detail-body\">Ka\u017cda za\u0142oga sk\u0142ada si\u0119 z trzech os\u00f3b. Ich szkolenie obejmuje trzy etapy, z czego najbardziej wymagaj\u0105cym jest pobyt na poligonie po\u0142\u0105czony ze strzelaniem z g\u0142\u00f3wnego uzbrojenia \u2013 120 mm armaty pozwalaj\u0105cej na niszczenie cel\u00f3w odleg\u0142ych o ponad 4000 metr\u00f3w. Dzi\u0119ki uprzejmo\u015bci 9. Braniewskiej Brygady Kawalerii Pancernej oraz 16. Pomorskiej Dywizji Zmechanizowanej mia\u0142em przyjemno\u015b\u0107 obserwowania \u0107wicze\u0144 i strzela\u0144 na poligonie w Bemowie Piskim w wojew\u00f3dztwie warmi\u0144sko-mazurskim.<\/p>\n<p class=\"article-p\" data-section=\"detail-body\">Listopadowe strzelania by\u0142y pierwszymi dla nowych za\u0142\u00f3g oraz samych czo\u0142g\u00f3w. Korea\u0144ski producent sukcesywnie dostarcza nowe wozy drog\u0105 morsk\u0105, kt\u00f3re po odbiorze trafiaj\u0105 do jednostki. Z tego te\u017c wzgl\u0119du nie by\u0142o zaskoczeniem, \u017ce poza polskimi \u017co\u0142nierzami na poligonie byli tak\u017ce przedstawiciele korea\u0144skiej firmy Hyundai Rotem. Zgodnie z procedur\u0105, pierwszy strza\u0142 z armaty odbywa si\u0119 zdalnie \u2013 wewn\u0105trz pojazdu nie ma nikogo, a sam wystrza\u0142 inicjowany jest ze specjalnego spustu znajduj\u0105cego si\u0119 poza wozem. Dopiero po sprawdzeniu czy wszystko odby\u0142o si\u0119 poprawnie i sama armata dzia\u0142a bezproblemowo, poszczeg\u00f3lne za\u0142ogi \u0142adowa\u0142y po trzy naboje i wykonywa\u0142y strzelanie zaliczeniowe. Tarcze, podczas naszej wizyty, oddalone by\u0142y o oko\u0142o 2000 metr\u00f3w \u2013 jak si\u0119 okaza\u0142o, wszystkie pojazdy wraz za\u0142ogami przesz\u0142y egzamin na ocen\u0119 bardzo dobr\u0105. Nie powinno to zaskakiwa\u0107, gdy\u017c braniewska brygada szkoli si\u0119 bardzo intensywnie w Polsce oraz poza granicami kraju.<\/p>\n<p class=\"article-p\" data-section=\"detail-body\">Czytaj te\u017c: <a href=\"https:\/\/www.fakt.pl\/polityka\/polska-flota-czeka-na-wzmocnienie-koreanczycy-kusza-prezentami-i-wsparciem-dla\/tgxwqds\" id=\"bc376321-dc09-4dc9-aa1b-b366d59861f4\" rel=\"nofollow noopener\" target=\"_blank\">Korea Po\u0142udniowa kusi Polsk\u0119. W prezencie oferuj\u0105 u\u017cywan\u0105 fregat\u0119<\/a><\/p>\n<p>        Co potrafi K2 Black Panther?<\/p>\n<p class=\"article-p\" data-section=\"detail-body\">Poza samymi strzelaniami pobyt na poligonie to tak\u017ce okazja do sprawdzenia innych mo\u017cliwo\u015bci woz\u00f3w, w tym jazdy po grz\u0105skim i rozmok\u0142ym terenie. W tym przypadku kierowcy czo\u0142g\u00f3w wskazuj\u0105 na doskona\u0142e w\u0142a\u015bciwo\u015bci trakcyjnie korea\u0144skich pojazd\u00f3w, kt\u00f3rym du\u017c\u0105 dynamik\u0119 zapewniaj\u0105 pot\u0119\u017cne silniki wysokopr\u0119\u017cne o mocy 1500 KM oraz hydropneumatyczne zawieszenie. Podczas jednego z wcze\u015bniejszych kurs\u00f3w mia\u0142em okazj\u0119 przeby\u0107 poligonowe bezdro\u017ca w K2 \u2013 wra\u017cenia by\u0142y piorunuj\u0105ce. Czo\u0142gi zdoby\u0142y sympati\u0119 tak\u017ce dzi\u0119ki nowoczesnym systemom pok\u0142adowych, kt\u00f3re potrafi\u0105 szybko zdiagnozowa\u0107 ewentualne usterki. Dzi\u0119ki temu, \u017ce s\u0105 obj\u0119te gwarancj\u0105, ich usuwanie spada na barki Korea\u0144czyk\u00f3w.<\/p>\n<p class=\"article-p\" data-section=\"detail-body\">Rok eksploatacji K2 Black Panther w Braniewie to ju\u017c wystarczaj\u0105cy okres czasu na pierwsze wnioski. Jak podkre\u015blaj\u0105 \u017co\u0142nierze, szczeg\u00f3lnie ci, kt\u00f3rzy wcze\u015bniej korzystali z PT-91 Twardy, nowe wozy stanowi\u0105 przepa\u015b\u0107 pod ka\u017cdym wzgl\u0119dem. W\u015br\u00f3d kluczowych plus\u00f3w wymienia si\u0119 mocny silnik oraz zawieszenie, kt\u00f3re pozwalaj\u0105 na dynamiczn\u0105 jazd\u0119 w ka\u017cdych warunkach. Bardzo chwalona jest armata czo\u0142gowa, kt\u00f3ra jest bardzo celna.<\/p>\n<p class=\"article-p\" data-section=\"detail-body\">Dotychczas Ministerstwo Obrony Narodowej zam\u00f3wi\u0142o 360 czo\u0142g\u00f3w K2 Black Panther. Do ko\u0144ca roku w Polsce ma by\u0107 180 z nich. Druga partia, licz\u0105ca 180 sztuk, zosta\u0142a zam\u00f3wiona w lecie bie\u017c\u0105cego roku \u2013 ich dostawy rozpoczn\u0105 si\u0119 w 2026 roku, cz\u0119\u015b\u0107 z nich zostanie ju\u017c wyprodukowana w Polsce. B\u0119d\u0105 reprezentowa\u0107 now\u0105 wersj\u0119, kt\u00f3ra jest w pe\u0142ni dostosowana do krajowych wymaga\u0144. Dotychczas resort obrony nie poinformowa\u0142, gdzie kolejne wozy. Docelowo liczba K2 Black Panther w Wojsku Polskim mo\u017ce osi\u0105gn\u0105\u0107 1000 sztuk. Ma to by\u0107 podstawowy czo\u0142g wojsk l\u0105dowych, kt\u00f3ry b\u0119dzie uzupe\u0142niany przez Abramsy (366) oraz Leopardy (240).<\/p>\n<p class=\"article-p\" data-section=\"detail-body\"><a href=\"https:\/\/www.fakt.pl\/polityka\/javeliny-sieja-postrach-na-froncie-polska-chce-kupic-ich-tysiace-ekspert-wskazuje\/j8mmk01\" id=\"ab84efcb-4544-4fd0-bdf2-dc12096eed4d\" rel=\"nofollow noopener\" target=\"_blank\">Polska kupi tysi\u0105ce takich pocisk\u00f3w. Ekspert zwraca uwag\u0119 na niepokoj\u0105cy problem<\/a><\/p>\n","protected":false},"excerpt":{"rendered":"Potrzeba zakupu nowych czo\u0142g\u00f3w sta\u0142a si\u0119 pilna po wybuchu wojny w Ukrainie w lutym 2022 roku. Polska, w&hellip;\n","protected":false},"author":2,"featured_media":105271,"comment_status":"","ping_status":"","sticky":false,"template":"","format":"standard","meta":{"footnotes":""},"categories":[5],"tags":[32,33,36,37,27,34,35,28,31,25,42,38,40,39,41,29,30,26],"class_list":{"0":"post-105270","1":"post","2":"type-post","3":"status-publish","4":"format-standard","5":"has-post-thumbnail","7":"category-naglowki","8":"tag-breaking-news","9":"tag-breakingnews","10":"tag-featured-news","11":"tag-featurednews","12":"tag-headlines","13":"tag-latest-news","14":"tag-latestnews","15":"tag-naglowki","16":"tag-najwazniejsze-artykuly","17":"tag-news","18":"tag-pl","19":"tag-poland","20":"tag-polish","21":"tag-polska","22":"tag-polski","23":"tag-top-stories","24":"tag-topstories","25":"tag-wiadomosci"},"share_on_mastodon":{"url":"https:\/\/pubeurope.com\/@pl\/115564263836465226","error":""},"_links":{"self":[{"href":"https:\/\/www.europesays.com\/pl\/wp-json\/wp\/v2\/posts\/105270","targetHints":{"allow":["GET"]}}],"collection":[{"href":"https:\/\/www.europesays.com\/pl\/wp-json\/wp\/v2\/posts"}],"about":[{"href":"https:\/\/www.europesays.com\/pl\/wp-json\/wp\/v2\/types\/post"}],"author":[{"embeddable":true,"href":"https:\/\/www.europesays.com\/pl\/wp-json\/wp\/v2\/users\/2"}],"replies":[{"embeddable":true,"href":"https:\/\/www.europesays.com\/pl\/wp-json\/wp\/v2\/comments?post=105270"}],"version-history":[{"count":0,"href":"https:\/\/www.europesays.com\/pl\/wp-json\/wp\/v2\/posts\/105270\/revisions"}],"wp:featuredmedia":[{"embeddable":true,"href":"https:\/\/www.europesays.com\/pl\/wp-json\/wp\/v2\/media\/105271"}],"wp:attachment":[{"href":"https:\/\/www.europesays.com\/pl\/wp-json\/wp\/v2\/media?parent=105270"}],"wp:term":[{"taxonomy":"category","embeddable":true,"href":"https:\/\/www.europesays.com\/pl\/wp-json\/wp\/v2\/categories?post=105270"},{"taxonomy":"post_tag","embeddable":true,"href":"https:\/\/www.europesays.com\/pl\/wp-json\/wp\/v2\/tags?post=105270"}],"curies":[{"name":"wp","href":"https:\/\/api.w.org\/{rel}","templated":true}]}}