{"id":105365,"date":"2025-11-17T10:18:11","date_gmt":"2025-11-17T10:18:11","guid":{"rendered":"https:\/\/www.europesays.com\/pl\/105365\/"},"modified":"2025-11-17T10:18:11","modified_gmt":"2025-11-17T10:18:11","slug":"microsoft-przyznaje-windows-nie-ma-sie-najlepiej-mamy-duzo-roboty","status":"publish","type":"post","link":"https:\/\/www.europesays.com\/pl\/105365\/","title":{"rendered":"Microsoft przyznaje: Windows nie ma si\u0119 najlepiej. &#8222;Mamy du\u017co roboty&#8221;"},"content":{"rendered":"<p>\n                                Windows pod ostrza\u0142em\n            <\/p>\n<p>Kiedy lider platformy musi t\u0142umaczy\u0107 si\u0119 publicznie to wiadomo, \u017ce co\u015b posz\u0142o nie tak. Davuluri w po\u015bcie na X przyzna\u0142, \u017ce jego zesp\u00f3\u0142 &#8222;bierze pod uwag\u0119 mas\u0119 komentarzy negatywnych&#8221; i widzi rosn\u0105ce niezadowolenie dotycz\u0105ce wydajno\u015bci, niezawodno\u015bci i \u0142atwo\u015bci obs\u0142ugi. To odpowied\u017a na krytyk\u0119 Gergelya Orosza (autora popularnego The newslettera technologicznego Pragmatic Engineer) , kt\u00f3ry wprost stwierdzi\u0142, \u017ce Windows sta\u0142 si\u0119 koszmarem dla deweloper\u00f3w.<\/p>\n<p>    Dalsza cz\u0119\u015b\u0107 tekstu pod wideo<\/p>\n<p>Problem wcale nie jest nowy. Od lat u\u017cytkownicy narzekaj\u0105 na niekonsekwentne okienka dialogowego i brak sp\u00f3jno\u015bci interfejsu, kt\u00f3re sprawiaj\u0105, \u017ce system wygl\u0105da jak posk\u0142adany z przypadkowych cz\u0119\u015bci. Microsoft przez dekad\u0119 nie potrafi\u0142 tego naprawi\u0107, a reputacja Windowsa coraz bardziej przypomina mem o wiecznie niedoko\u0144czonym projekcie.<\/p>\n<p>        <img loading=\"lazy\" decoding=\"async\" src=\"https:\/\/www.europesays.com\/pl\/wp-content\/uploads\/2025\/11\/1763225233_593_B32963402.414688363;dc_trk_aid=607216972;dc_trk_cid=228291445;ord=[timestamp];dc_lat=;dc_rdid=;tag_f.gif\" attributionsrc=\"\" border=\"0\" height=\"1\" width=\"1\" alt=\"Advertisement\"\/><\/p>\n<p>Na domiar z\u0142ego firma wprowadzi\u0142a strategi\u0119 &#8222;Continuous Innovation&#8221;. Brzmi nowocze\u015bnie, ale w praktyce oznacza nieko\u0144cz\u0105ce si\u0119 aktualizacje co miesi\u0105c \u2013 pe\u0142ne nowych b\u0142\u0119d\u00f3w i &#8222;niespodzianek&#8221;. Zamiast jednego du\u017cego, przewidywalnego cyklu wydawniczego jak u Apple czy Google, u\u017cytkownicy dostaj\u0105 ci\u0105g\u0142y chaos.<\/p>\n<p>Efekt? System zmienia si\u0119 tak szybko, \u017ce funkcje trafiaj\u0105 do produkcji po kilku tygodniach test\u00f3w. Nic dziwnego, \u017ce co miesi\u0105c pojawiaj\u0105 si\u0119 nowe bugi, a frustracja ro\u015bnie. Windows przypomina dzi\u015b perpetuum mobile problem\u00f3w, kt\u00f3re Microsoft sam sobie funduje.<\/p>\n<p>Davuluri zapewnia, \u017ce firma &#8222;s\u0142ucha&#8221; i nie zamierza ignorowa\u0107 krytyki. AI nadal b\u0119dzie wciskane wsz\u0119dzie, ale obok tego maj\u0105 pojawi\u0107 si\u0119 poprawki dla tzw. power user\u00f3w i deweloper\u00f3w. Pytanie tylko, czy u\u017cytkownicy dadz\u0105 si\u0119 jeszcze raz nabra\u0107 na obietnice \u2013 czy raczej uznaj\u0105, \u017ce Windows to system wiecznie w fazie beta.<\/p>\n","protected":false},"excerpt":{"rendered":"Windows pod ostrza\u0142em Kiedy lider platformy musi t\u0142umaczy\u0107 si\u0119 publicznie to wiadomo, \u017ce co\u015b posz\u0142o nie tak. Davuluri&hellip;\n","protected":false},"author":2,"featured_media":105366,"comment_status":"","ping_status":"","sticky":false,"template":"","format":"standard","meta":{"footnotes":""},"categories":[20],"tags":[5277,1308,120,118,119,42,38,40,39,41,116,114,115,23404,121,117,878,3273],"class_list":{"0":"post-105365","1":"post","2":"type-post","3":"status-publish","4":"format-standard","5":"has-post-thumbnail","7":"category-nauka-i-technika","8":"tag-aplikacje","9":"tag-microsoft","10":"tag-nauka","11":"tag-nauka-i-technika","12":"tag-naukatechnika","13":"tag-pl","14":"tag-poland","15":"tag-polish","16":"tag-polska","17":"tag-polski","18":"tag-science","19":"tag-science-and-technology","20":"tag-sciencetechnology","21":"tag-systemy-operacyjne","22":"tag-technika","23":"tag-technology","24":"tag-windows","25":"tag-windows-11"},"share_on_mastodon":{"url":"https:\/\/pubeurope.com\/@pl\/115564531165699214","error":""},"_links":{"self":[{"href":"https:\/\/www.europesays.com\/pl\/wp-json\/wp\/v2\/posts\/105365","targetHints":{"allow":["GET"]}}],"collection":[{"href":"https:\/\/www.europesays.com\/pl\/wp-json\/wp\/v2\/posts"}],"about":[{"href":"https:\/\/www.europesays.com\/pl\/wp-json\/wp\/v2\/types\/post"}],"author":[{"embeddable":true,"href":"https:\/\/www.europesays.com\/pl\/wp-json\/wp\/v2\/users\/2"}],"replies":[{"embeddable":true,"href":"https:\/\/www.europesays.com\/pl\/wp-json\/wp\/v2\/comments?post=105365"}],"version-history":[{"count":0,"href":"https:\/\/www.europesays.com\/pl\/wp-json\/wp\/v2\/posts\/105365\/revisions"}],"wp:featuredmedia":[{"embeddable":true,"href":"https:\/\/www.europesays.com\/pl\/wp-json\/wp\/v2\/media\/105366"}],"wp:attachment":[{"href":"https:\/\/www.europesays.com\/pl\/wp-json\/wp\/v2\/media?parent=105365"}],"wp:term":[{"taxonomy":"category","embeddable":true,"href":"https:\/\/www.europesays.com\/pl\/wp-json\/wp\/v2\/categories?post=105365"},{"taxonomy":"post_tag","embeddable":true,"href":"https:\/\/www.europesays.com\/pl\/wp-json\/wp\/v2\/tags?post=105365"}],"curies":[{"name":"wp","href":"https:\/\/api.w.org\/{rel}","templated":true}]}}