{"id":105430,"date":"2025-11-17T11:01:08","date_gmt":"2025-11-17T11:01:08","guid":{"rendered":"https:\/\/www.europesays.com\/pl\/105430\/"},"modified":"2025-11-17T11:01:08","modified_gmt":"2025-11-17T11:01:08","slug":"500-zl-dla-kazdego-polaka-byly-prezes-gpw-wzywa-do-podatkowej-rewolucji","status":"publish","type":"post","link":"https:\/\/www.europesays.com\/pl\/105430\/","title":{"rendered":"500 z\u0142 dla ka\u017cdego Polaka. By\u0142y prezes GPW wzywa do podatkowej rewolucji"},"content":{"rendered":"<p> 500 z\u0142 dochodu podstawowego? By\u0142y szef GPW ujawni\u0142 pomys\u0142<\/p>\n<p class=\"art_paragraph\">&#8211; Te <a href=\"https:\/\/www.edziecko.pl\/500-plus#anchorLink\" rel=\"nofollow noopener\" target=\"_blank\">500<\/a> z\u0142 miesi\u0119cznie to jest podatek ujemny. Uwa\u017cam, \u017ce to lepszy spos\u00f3b na zwi\u0119kszenie progresji w ca\u0142ym systemie podatkowo-sk\u0142adkowym ni\u017c kwota wolna od podatku czy ulgi &#8211; skomentowa\u0142 w rozmowie z <a href=\"https:\/\/www.money.pl\/podatki\/kierowal-polska-gielda-teraz-wzywa-do-rewolucji-w-podatkach-wywiad-7219359136758656a.html\" class=\"art_link\" rel=\"nofollow noopener\" target=\"_blank\">money.pl<\/a> Marek Dietl, by\u0142y prezes Gie\u0142dy Papier\u00f3w Warto\u015bciowych. Nawi\u0105za\u0142 w ten spos\u00f3b do propozycji <a href=\"https:\/\/next.gazeta.pl\/pis#anchorLink\" rel=\"nofollow noopener\" target=\"_blank\">PiS<\/a> dotycz\u0105cej wprowadzenia dochodu podstawowego dla ka\u017cdego doros\u0142ego Polaka w wysoko\u015bci 500 z\u0142 miesi\u0119cznie (bez wzgl\u0119du na doch\u00f3d lub jego brak). W ocenie Dietla progresja podatkowa jest &#8222;sprawiedliwa&#8221; i sprzyja sp\u00f3jno\u015bci spo\u0142ecznej.<\/p>\n<p class=\"art_paragraph\">By\u0142y szef <a href=\"https:\/\/next.gazeta.pl\/gpw#anchorLink\" rel=\"nofollow noopener\" target=\"_blank\">GPW<\/a> powiedzia\u0142 r\u00f3wnie\u017c, jak dzia\u0142a\u0142aby jego propozycja w praktyce. &#8211; Ka\u017cdy otrzymuje co miesi\u0105c przelew w wysoko\u015bci 500 z\u0142otych, w tym osoby doros\u0142e, kt\u00f3re nie uzyskuj\u0105 \u017cadnego dochodu. To nie s\u0105 \u015brodki, kt\u00f3re same w sobie pozwala\u0142yby na prze\u017cycie, jak w koncepcji dochodu podstawowego. Ale by\u0142oby to warto\u015bciowe uzupe\u0142nienie bud\u017cet\u00f3w w por\u00f3wnaniu do dzisiejszej sytuacji. Ka\u017cdy, kto uzyskuje dochody, p\u0142aci\u0142by progresywne podatki &#8211; wyja\u015bni\u0142. Doda\u0142, \u017ce w jego propozycji zyskuj\u0105 wszyscy o\u00a0dochodach si\u0119gaj\u0105cych oko\u0142o 50 tys. z\u0142 rocznie. Tymczasem kwota wolna od podatku wynosi obecnie 30 tys. z\u0142.<\/p>\n<p>\n    Zobacz wideo Jaros\u0142aw Kaczy\u0144ski otworzy\u0142 konferencj\u0119 programow\u0105 Prawa i Sprawiedliwo\u015bci\n  <\/p>\n<p> Eksperci:\u00a0Dobrze sytuowane rodziny nie powinny korzysta\u0107 z publicznego wsparcia<\/p>\n<p class=\"art_paragraph\">Dyskusja na temat wprowadzenia dochodu podstawowego w Polsce o\u017cy\u0142a na nowo po tym, jak serwis <a href=\"https:\/\/www.money.pl\/gospodarka\/goracy-polityczny-weekend-bon-na-100-tys-zl-nowy-rodzaj-kredytow-ludzie-pis-sypia-pomyslami-7213998484515488a.html\" class=\"art_link\" rel=\"nofollow noopener\" target=\"_blank\">money.pl<\/a> ujawni\u0142 w pa\u017adzierniku tajny dokument PiS. Wed\u0142ug wci\u0105\u017c niepotwierdzonych <a href=\"https:\/\/wiadomosci.gazeta.pl\/horoskop#anchorLink\" rel=\"nofollow noopener\" target=\"_blank\">informacji<\/a>, Prawo i Sprawiedliwo\u015b\u0107 ma zaproponowa\u0107 dodatkowy miesi\u0119czny doch\u00f3d w wysoko\u015bci 500 z\u0142 dla wszystkich Polak\u00f3w (bez wzgl\u0119du na stan zatrudnienia), co kosztowa\u0142oby bud\u017cet 160 mld z\u0142 rocznie, a tak\u017ce likwidacj\u0119 kwoty wolnej od podatku, co zapewni\u0142oby bud\u017cetowi kwot\u0119 70 mld z\u0142. PiS ma te\u017c zaoferowa\u0107 m.in. progresj\u0119 oraz waloryzacj\u0119 800 plus. Te i inne pomys\u0142y maj\u0105 by\u0107 elementem programu pod wybory parlamentarne w 2027 r.<\/p>\n<p class=\"art_paragraph\">Og\u00f3lnopolski zwi\u0105zek pracodawc\u00f3w Business Centre Club ostrzega\u0142 niedawno, \u017ce projekt bud\u017cetu na 2026 r. jest &#8222;bardzo napi\u0119ty&#8221;. Wskaza\u0142, \u017ce w zwi\u0105zku z procedur\u0105 nadmiernego deficytu i konieczno\u015bci szukania oszcz\u0119dno\u015bci konieczne b\u0119d\u0105 zmiany m.in. w programie 800 plus. BCC zauwa\u017cy\u0142, \u017ce w 2025 r. \u015bwiadczenie poch\u0142on\u0119\u0142o kwot\u0119 63 mld z\u0142.<\/p>\n<p class=\"art_paragraph\">&#8222;Program nie realizuje zak\u0142adanego celu demograficznego, a jego rola w ograniczaniu ub\u00f3stwa wi\u0105\u017ce si\u0119 z nadmiernym, wr\u0119cz ekstrawaganckim kosztem wyp\u0142at r\u00f3wnie\u017c dla rodzin o wysokich dochodach. Konieczne jest wprowadzenie kryterium dochodowego, zamiast proponowanych przez rz\u0105d ogranicze\u0144 skierowanych jedynie wobec cudzoziemc\u00f3w. Dobrze sytuowane rodziny nie powinny korzysta\u0107 z publicznego wsparcia finansowanego m.in. z podatk\u00f3w os\u00f3b o niskich dochodach&#8221; &#8211; <a href=\"https:\/\/www.facebook.com\/businesscentreclub\/photos\/%EF%B8%8Fprojekt-bud%C5%BCetu-pa%C5%84stwa-na-2026-rok-jest-bardzo-napi%C4%99ty-i-wydaje-si%C4%99-ma%C5%82o-odpor\/1335554231903456\/\" class=\"art_link\" rel=\"nofollow noopener\" target=\"_blank\">podkre\u015bli\u0142 ekspert BCC<\/a>.<\/p>\n","protected":false},"excerpt":{"rendered":"500 z\u0142 dochodu podstawowego? By\u0142y szef GPW ujawni\u0142 pomys\u0142 &#8211; Te 500 z\u0142 miesi\u0119cznie to jest podatek ujemny.&hellip;\n","protected":false},"author":2,"featured_media":105431,"comment_status":"","ping_status":"","sticky":false,"template":"","format":"standard","meta":{"footnotes":""},"categories":[16],"tags":[113,112,42,38,40,39,41],"class_list":{"0":"post-105430","1":"post","2":"type-post","3":"status-publish","4":"format-standard","5":"has-post-thumbnail","7":"category-biznes","8":"tag-biznes","9":"tag-business","10":"tag-pl","11":"tag-poland","12":"tag-polish","13":"tag-polska","14":"tag-polski"},"share_on_mastodon":{"url":"https:\/\/pubeurope.com\/@pl\/115564700292589212","error":""},"_links":{"self":[{"href":"https:\/\/www.europesays.com\/pl\/wp-json\/wp\/v2\/posts\/105430","targetHints":{"allow":["GET"]}}],"collection":[{"href":"https:\/\/www.europesays.com\/pl\/wp-json\/wp\/v2\/posts"}],"about":[{"href":"https:\/\/www.europesays.com\/pl\/wp-json\/wp\/v2\/types\/post"}],"author":[{"embeddable":true,"href":"https:\/\/www.europesays.com\/pl\/wp-json\/wp\/v2\/users\/2"}],"replies":[{"embeddable":true,"href":"https:\/\/www.europesays.com\/pl\/wp-json\/wp\/v2\/comments?post=105430"}],"version-history":[{"count":0,"href":"https:\/\/www.europesays.com\/pl\/wp-json\/wp\/v2\/posts\/105430\/revisions"}],"wp:featuredmedia":[{"embeddable":true,"href":"https:\/\/www.europesays.com\/pl\/wp-json\/wp\/v2\/media\/105431"}],"wp:attachment":[{"href":"https:\/\/www.europesays.com\/pl\/wp-json\/wp\/v2\/media?parent=105430"}],"wp:term":[{"taxonomy":"category","embeddable":true,"href":"https:\/\/www.europesays.com\/pl\/wp-json\/wp\/v2\/categories?post=105430"},{"taxonomy":"post_tag","embeddable":true,"href":"https:\/\/www.europesays.com\/pl\/wp-json\/wp\/v2\/tags?post=105430"}],"curies":[{"name":"wp","href":"https:\/\/api.w.org\/{rel}","templated":true}]}}