{"id":105493,"date":"2025-11-17T11:41:13","date_gmt":"2025-11-17T11:41:13","guid":{"rendered":"https:\/\/www.europesays.com\/pl\/105493\/"},"modified":"2025-11-17T11:41:13","modified_gmt":"2025-11-17T11:41:13","slug":"aleksander-sikora-reaguje-na-wpis-marcina-rogacewicza-kazdy-ma-inna-rzeczywistosc","status":"publish","type":"post","link":"https:\/\/www.europesays.com\/pl\/105493\/","title":{"rendered":"Aleksander Sikora reaguje na wpis Marcina Rogacewicza. &#8222;Ka\u017cdy ma inn\u0105 rzeczywisto\u015b\u0107&#8221;"},"content":{"rendered":"<p class=\"ods-c-paragraph \">W ostatnim czasie szerokim echem <a href=\"https:\/\/plejada.pl\/newsy\/powazne-oskarzenia-marcina-rogacewicza-w-strone-tancerzy-i-gwiazd-hejt-z-imienia-i\/kesq69z\" id=\"92422818-8a3c-4f0f-98ca-d3877533ed78\" rel=\"nofollow noopener\" target=\"_blank\">odbi\u0142 si\u0119 wpis Marcina Rogacewicza<\/a>, opublikowany na kilka dni przed fina\u0142em &#8222;Ta\u0144ca z gwiazdami&#8221;. Aktor zarzuci\u0142 w nim innym uczestnikom programu, \u017ce do\u015bwiadczy\u0142 z ich strony ogromnego hejtu.<\/p>\n<blockquote class=\"ods-o-quota\">\n<p class=\"ods-o-quota__paragraph\">Jeste\u015bcie \u015bwiadkami nieprawdopodobnego \u2014 jawnego ju\u017c hejtu z imienia i nazwiska przeciwko nam, hejtu w\u015br\u00f3d uczestnik\u00f3w i tancerzy tej &#8222;wyj\u0105tkowej, jubileuszowej&#8221; edycji<\/p>\n<\/blockquote>\n<p class=\"ods-c-paragraph \">&#8222;Do tej pory nie mog\u0119 w to uwierzy\u0107, co zobaczy\u0142em i us\u0142ysza\u0142em! Poza tym, co zosta\u0142o wypowiedziane, mowa cia\u0142a m\u00f3wi ju\u017c wszystko. Brakuje mi s\u0142\u00f3w, by opisa\u0107 uczucie, kt\u00f3rego do\u015bwiadczy\u0142em, widz\u0105c, co robi\u0105 \u00bbkole\u017canki i koledzy\u00ab&#8221; \u2014 napisa\u0142.<\/p>\n<p>Dalszy ci\u0105g artyku\u0142u pod materia\u0142em wideo<\/p>\n<p> Jak Aleksander Sikora odni\u00f3s\u0142 si\u0119 do hejtu? <\/p>\n<p> Co powiedzia\u0142 Aleksander Sikora o Marcina Rogacewicza? <\/p>\n<p> Jakie pozytywne odczucia ma Sikora wobec innych uczestnik\u00f3w? <\/p>\n<p> Co \u017cyczy Aleksander Sikora Marcina Rogacewicza? <\/p>\n<p>  Aleksander Sikora reaguje na wpis Marcina Rogacewicza. &#8222;Ka\u017cdy ma inn\u0105 rzeczywisto\u015b\u0107&#8221;   <\/p>\n<p class=\"ods-c-paragraph \">W finale &#8222;Ta\u0144ca z gwiazdami&#8221; zaprezentowali si\u0119 nie tylko uczestnicy walcz\u0105cy o Kryszta\u0142ow\u0105 Kul\u0119, ale r\u00f3wnie\u017c ci, kt\u00f3rzy odpadli w poprzednich odcinkach. Po emisji programu nie zabrak\u0142o wywiad\u00f3w \u2014 w rozmowie z Pomponikiem Aleksander Sikora odni\u00f3s\u0142 si\u0119 do wpisu Marcina Rogacewicza oraz do swojej relacji z nim podczas pr\u00f3b do odcinka.<\/p>\n<blockquote class=\"ods-o-quota\">\n<p class=\"ods-o-quota__paragraph\">Ka\u017cdy ma swoj\u0105 wra\u017cliwo\u015b\u0107, my nie mamy sobie absolutnie nic do zarzucenia<\/p>\n<\/blockquote>\n<p class=\"ods-c-paragraph \">&#8222;Zawsze od nich otrzymywali\u015bmy bardzo du\u017co uprzejmo\u015bci, bardzo du\u017co serdecznego s\u0142owa, bardzo du\u017co wsparcia, wi\u0119c nie chc\u0119 tego komentowa\u0107, poniewa\u017c ka\u017cdy ma inn\u0105 rzeczywisto\u015b\u0107, ka\u017cdy ma swoj\u0105 wra\u017cliwo\u015b\u0107&#8221; \u2014 m\u00f3wi\u0142.<\/p>\n<p class=\"ods-c-paragraph \">Aleksander Sikora stwierdzi\u0142, \u017ce wci\u0105\u017c darzy sympati\u0105 Marcina Rogacewicza i Agnieszk\u0119 Kaczorowsk\u0105.<\/p>\n<p class=\"ods-c-paragraph \">&#8222;Bardzo ich lubimy, bardzo ich szanujemy i nie chcemy na koniec szuka\u0107 jakich\u015b rzewnych albo nieprawdziwych historii, kt\u00f3re pogrzeba\u0142yby nasz\u0105 przygod\u0119, kt\u00f3r\u0105 budowali\u015bmy wsp\u00f3lnie&#8221; \u2014 stwierdzi\u0142. Pod koniec wypowiedzi prezenter powiedzia\u0142, \u017ce \u017cyczy im wszystkiego dobrego.<\/p>\n<p class=\"ods-c-paragraph \">&#8222;Chcemy, \u017ceby si\u0119 rozwijali, \u017ceby te\u017c przekazali wszystko to, co chc\u0105 pokaza\u0107, nad czym pracowali przez wiele miesi\u0119cy w swoim nowym spektaklu. Je\u015bli b\u0119d\u0105 tak uprzejmi, a sami si\u0119 pewnie o to b\u0119dziemy prosi\u0107, chcemy wpa\u015b\u0107 i chcemy ich wspiera\u0107 po prostu&#8221; \u2014 doda\u0142.<\/p>\n<p><img decoding=\"async\" src=\"https:\/\/www.europesays.com\/pl\/wp-content\/uploads\/2025\/11\/ZqJk9lBaHR0cHM6Ly9vY2RuLmV1L3B1bHNjbXMvTURBXy8yMTE0MWIzMGY5MWYyYjdlNDRiYzY1MTg0MjE1YjMyNy5qcGeRlQLNA.jpeg\" height=\"529\" width=\"940\" alt=\"Marcin Rogacewicz i Agnieszka Kaczorowska w &quot;Ta\u0144cu z gwiazdami&quot;\" loading=\"lazy\" class=\"ods-c-image__img ods-c-image__img--vertical\"\/><\/p>\n<p>Marcin Rogacewicz i Agnieszka Kaczorowska w &#8222;Ta\u0144cu z gwiazdami&#8221;MW Media<\/p>\n<p> <img decoding=\"async\" src=\"https:\/\/www.europesays.com\/pl\/wp-content\/uploads\/2025\/11\/XiIk9lBaHR0cHM6Ly9vY2RuLmV1L3B1bHNjbXMvTURBXy83NmI0NzEwYTExZjNkYTU5MWM0NjM2ODJiM2Y4YmU4Yi5qcGeRlQLNA.jpeg\" height=\"529\" width=\"940\" alt=\"Daria Syta, Aleksander Sikora\" loading=\"lazy\" class=\"ods-c-image__img ods-c-image__img--vertical\"\/><\/p>\n<p>Daria Syta, Aleksander SikoraPolsat\/AKPA<\/p>\n<p class=\"ods-c-paragraph \">Dzi\u0119kujemy, \u017ce przeczyta\u0142a\u015b\/e\u015b nasz artyku\u0142 do ko\u0144ca. W serwisie Plejada.pl ka\u017cdego dnia piszemy o najwa\u017cniejszych wydarzeniach show-biznesowych. B\u0105d\u017a na bie\u017c\u0105co! <a rel=\"nofollow noopener\" href=\"https:\/\/news.google.com\/publications\/CAAiEF0PeAlb7W1llpV_mwV2rL4qFAgKIhBdD3gJW-1tZZaVf5sFdqy-?hl=pl&amp;gl=PL&amp;ceid=PL%3Apl\" id=\"20ad4e0e-353f-4f31-aaf0-64d4fcb0c69b\" target=\"_blank\">Obserwuj<\/a> Plejad\u0119 w Wiadomo\u015bciach Google. Odwied\u017a nas tak\u017ce na <a rel=\"nofollow noopener\" href=\"https:\/\/www.facebook.com\/plejadapl\" id=\"e893e608-8c5b-4d6f-8bd6-676f3471f40c\" target=\"_blank\">Facebooku<\/a>, <a rel=\"nofollow noopener\" href=\"https:\/\/www.instagram.com\/plejadapl\/\" id=\"61ee1eb5-a90a-4770-b2b8-e96f97fb69c4\" target=\"_blank\">Instagramie<\/a>, <a rel=\"nofollow noopener\" href=\"https:\/\/www.youtube.com\/c\/plejada\" id=\"367e7221-c86d-46d6-9a47-470bdfa081d3\" target=\"_blank\">YouTubie<\/a> oraz <a rel=\"nofollow noopener\" href=\"https:\/\/www.tiktok.com\/@plejada_pl\" id=\"6d2a5c97-a5e1-4070-a2d3-87525b1c1e5d\" target=\"_blank\">TikToku<\/a>.<\/p>\n<p class=\"ods-c-paragraph \">Chcesz podzieli\u0107 si\u0119 ciekawym newsem lub zaproponowa\u0107 temat? Skontaktuj si\u0119 z nami, pisz\u0105c maila na adres: <a rel=\"nofollow noopener\" href=\"https:\/\/plejada.pl\/newsy\/aleksander-sikora-reaguje-na-wpis-marcina-rogacewicza-kazdy-ma-inna-rzeczywistosc\/mailto:plejada@redakcjaonet.pl\" id=\"e8bf3034-0b1a-44c2-abe7-43a13ea5230f\" target=\"_blank\">plejada@redakcjaon<\/a><a rel=\"nofollow noopener\" href=\"https:\/\/et.pl\/\" id=\"3c3beac7-a8cd-4529-936d-fae16e79d5f2\" target=\"_blank\">et.pl<\/a>.<\/p>\n<p><script async src=\"\/\/www.instagram.com\/embed.js\"><\/script><script async src=\"\/\/www.tiktok.com\/embed.js\"><\/script><\/p>\n","protected":false},"excerpt":{"rendered":"W ostatnim czasie szerokim echem odbi\u0142 si\u0119 wpis Marcina Rogacewicza, opublikowany na kilka dni przed fina\u0142em &#8222;Ta\u0144ca z&hellip;\n","protected":false},"author":2,"featured_media":105494,"comment_status":"","ping_status":"","sticky":false,"template":"","format":"standard","meta":{"footnotes":""},"categories":[22],"tags":[172,3563,122,3462,48,125,46,42,38,40,39,41,20729,123,47,1884],"class_list":{"0":"post-105493","1":"post","2":"type-post","3":"status-publish","4":"format-standard","5":"has-post-thumbnail","7":"category-rozrywka","8":"tag-agnieszka_kaczorowska","9":"tag-aleksander_sikora","10":"tag-entertainment","11":"tag-marcin_rogacewicz","12":"tag-nat_styl","13":"tag-newsy","14":"tag-omp","15":"tag-pl","16":"tag-poland","17":"tag-polish","18":"tag-polska","19":"tag-polski","20":"tag-rewquiz_tst1","21":"tag-rozrywka","22":"tag-screening_general","23":"tag-taniec_z_gwiazdami"},"share_on_mastodon":{"url":"https:\/\/pubeurope.com\/@pl\/115564857907560059","error":""},"_links":{"self":[{"href":"https:\/\/www.europesays.com\/pl\/wp-json\/wp\/v2\/posts\/105493","targetHints":{"allow":["GET"]}}],"collection":[{"href":"https:\/\/www.europesays.com\/pl\/wp-json\/wp\/v2\/posts"}],"about":[{"href":"https:\/\/www.europesays.com\/pl\/wp-json\/wp\/v2\/types\/post"}],"author":[{"embeddable":true,"href":"https:\/\/www.europesays.com\/pl\/wp-json\/wp\/v2\/users\/2"}],"replies":[{"embeddable":true,"href":"https:\/\/www.europesays.com\/pl\/wp-json\/wp\/v2\/comments?post=105493"}],"version-history":[{"count":0,"href":"https:\/\/www.europesays.com\/pl\/wp-json\/wp\/v2\/posts\/105493\/revisions"}],"wp:featuredmedia":[{"embeddable":true,"href":"https:\/\/www.europesays.com\/pl\/wp-json\/wp\/v2\/media\/105494"}],"wp:attachment":[{"href":"https:\/\/www.europesays.com\/pl\/wp-json\/wp\/v2\/media?parent=105493"}],"wp:term":[{"taxonomy":"category","embeddable":true,"href":"https:\/\/www.europesays.com\/pl\/wp-json\/wp\/v2\/categories?post=105493"},{"taxonomy":"post_tag","embeddable":true,"href":"https:\/\/www.europesays.com\/pl\/wp-json\/wp\/v2\/tags?post=105493"}],"curies":[{"name":"wp","href":"https:\/\/api.w.org\/{rel}","templated":true}]}}