{"id":105549,"date":"2025-11-17T12:25:08","date_gmt":"2025-11-17T12:25:08","guid":{"rendered":"https:\/\/www.europesays.com\/pl\/105549\/"},"modified":"2025-11-17T12:25:08","modified_gmt":"2025-11-17T12:25:08","slug":"swiatowy-gigant-zamyka-fabryke-co-z-pracownikami","status":"publish","type":"post","link":"https:\/\/www.europesays.com\/pl\/105549\/","title":{"rendered":"\u015awiatowy gigant zamyka fabryk\u0119. Co z pracownikami?"},"content":{"rendered":"<p>Jak podaje portal Just Food, pracownicy mieli dowiedzie\u0107 si\u0119 o\u00a0planach zamkni\u0119cia zak\u0142adu produkcyjnego Bl\u00e9dina we Francji na pocz\u0105tku listopada. Zak\u0142ad specjalizuje si\u0119 w\u00a0produkcji kaszek dla niemowl\u0105t marki Bl\u00e9dina oraz produkt\u00f3w Phosphatine, kt\u00f3re trafiaj\u0105 na rynki europejskie i\u00a0afryka\u0144skie.<\/p>\n<p>\u2013 Takie rozwi\u0105zanie pojawia si\u0119 ze wzgl\u0119du na sytuacj\u0119 na rynku. Od ponad dekady obserwuje si\u0119 powolny spadek aktywno\u015bci na strukturalnie kurcz\u0105cym si\u0119 rynku w\u00a0Europie i\u00a0w\u00a0z\u0142o\u017conej sytuacji rynkowej w\u00a0Afryce \u2013\u00a0wyja\u015bni\u0142 Danone w\u00a0o\u015bwiadczeniu dla portalu Just Food.<\/p>\n<p>Kr\u00f3l sa\u0142aty. Zaczyna\u0142 na\u00a0polu pradziadka. Doszed\u0142 od\u00a0miliard\u00f3w z\u0142 <\/p>\n<p><a href=\"https:\/\/finanse.wp.pl\/potezne-premie-swiateczne-tyle-dostana-kasjerzy-w-niemczech-7222460541229952a\" rel=\"noopener noreferrer nofollow\" target=\"_blank\">Pracownicy<\/a> obj\u0119ci planowanymi zwolnieniami b\u0119d\u0105 mogli liczy\u0107 na alternatywne miejsca pracy w\u00a0innych zak\u0142adach Danone we Francji, w\u00a0tym w\u00a0regionie Owernia-Rodan-Alpy. Dodatkowo sp\u00f3\u0142ka zaoferuje programy szkoleniowe pozwalaj\u0105ce zdoby\u0107 nowe kompetencje zawodowe.<\/p>\n<p>Gigant spo\u017cywczy przyznaje, \u017ce w\u00a0ostatnich latach pr\u00f3bowa\u0142 przekszta\u0142ca\u0107 i\u00a0modernizowa\u0107 zak\u0142ad Danone Bl\u00e9dina we Francji. Mia\u0142o to poprawi\u0107 jego efektywno\u015b\u0107, jednak ostatecznie sp\u00f3\u0142ka przyznaje, \u017ce &#8222;przysz\u0142o\u015b\u0107 ekonomiczna fabryki nie jest ju\u017c zagwarantowana&#8221;.<\/p>\n<p>Natomiast Danone zamierza dalej prowadzi\u0107 produkcj\u0119 kaszek dla niemowl\u0105t. Jak podkre\u015bla firma, produkcja prowadzona w\u00a0fabryce Bl\u00e9dina zostanie prawdopodobnie przeniesiona do zak\u0142adu Danone w\u00a0Opolu.<\/p>\n<p>W 2024 r. wydajno\u015b\u0107 mia\u0142a osi\u0105gn\u0105\u0107 jedynie po\u0142ow\u0119 poziomu z\u00a02019 r. W\u00a0o\u015bwiadczeniu firma wyja\u015bni\u0142a, \u017ce ta decyzja to &#8222;jedyny spos\u00f3b na utrzymanie konkurencyjno\u015bci i\u00a0sukcesu na rynkach niemieckoj\u0119zycznych w\u00a0d\u0142ugiej perspektywie&#8221;.<\/p>\n<p>Pomimo planowanych zamkni\u0119\u0107, sp\u00f3\u0142ka wci\u0105\u017c notuje dobre wyniki sprzeda\u017cowe. W\u00a0trzecim kwartale 2025 roku sprzeda\u017c osi\u0105gn\u0119\u0142a warto\u015b\u0107 6,876 mld euro, co oznacza wzrost o\u00a04,8 proc. w\u00a0uj\u0119ciu por\u00f3wnywalnym (LFL).<\/p>\n<p>\u0179r\u00f3d\u0142o: Just Food, WP Finanse<\/p>\n","protected":false},"excerpt":{"rendered":"Jak podaje portal Just Food, pracownicy mieli dowiedzie\u0107 si\u0119 o\u00a0planach zamkni\u0119cia zak\u0142adu produkcyjnego Bl\u00e9dina we Francji na pocz\u0105tku&hellip;\n","protected":false},"author":2,"featured_media":105550,"comment_status":"","ping_status":"","sticky":false,"template":"","format":"standard","meta":{"footnotes":""},"categories":[16],"tags":[113,112,42,38,40,39,41],"class_list":{"0":"post-105549","1":"post","2":"type-post","3":"status-publish","4":"format-standard","5":"has-post-thumbnail","7":"category-biznes","8":"tag-biznes","9":"tag-business","10":"tag-pl","11":"tag-poland","12":"tag-polish","13":"tag-polska","14":"tag-polski"},"share_on_mastodon":{"url":"https:\/\/pubeurope.com\/@pl\/115565030585866225","error":""},"_links":{"self":[{"href":"https:\/\/www.europesays.com\/pl\/wp-json\/wp\/v2\/posts\/105549","targetHints":{"allow":["GET"]}}],"collection":[{"href":"https:\/\/www.europesays.com\/pl\/wp-json\/wp\/v2\/posts"}],"about":[{"href":"https:\/\/www.europesays.com\/pl\/wp-json\/wp\/v2\/types\/post"}],"author":[{"embeddable":true,"href":"https:\/\/www.europesays.com\/pl\/wp-json\/wp\/v2\/users\/2"}],"replies":[{"embeddable":true,"href":"https:\/\/www.europesays.com\/pl\/wp-json\/wp\/v2\/comments?post=105549"}],"version-history":[{"count":0,"href":"https:\/\/www.europesays.com\/pl\/wp-json\/wp\/v2\/posts\/105549\/revisions"}],"wp:featuredmedia":[{"embeddable":true,"href":"https:\/\/www.europesays.com\/pl\/wp-json\/wp\/v2\/media\/105550"}],"wp:attachment":[{"href":"https:\/\/www.europesays.com\/pl\/wp-json\/wp\/v2\/media?parent=105549"}],"wp:term":[{"taxonomy":"category","embeddable":true,"href":"https:\/\/www.europesays.com\/pl\/wp-json\/wp\/v2\/categories?post=105549"},{"taxonomy":"post_tag","embeddable":true,"href":"https:\/\/www.europesays.com\/pl\/wp-json\/wp\/v2\/tags?post=105549"}],"curies":[{"name":"wp","href":"https:\/\/api.w.org\/{rel}","templated":true}]}}