{"id":105606,"date":"2025-11-17T13:10:08","date_gmt":"2025-11-17T13:10:08","guid":{"rendered":"https:\/\/www.europesays.com\/pl\/105606\/"},"modified":"2025-11-17T13:10:08","modified_gmt":"2025-11-17T13:10:08","slug":"zdjal-krzyz-ze-sciany-urzedu-sad-wydal-wyrok-w-sprawie-wojewody-onet-wiadomosci","status":"publish","type":"post","link":"https:\/\/www.europesays.com\/pl\/105606\/","title":{"rendered":"Zdj\u0105\u0142 krzy\u017c ze \u015bciany urz\u0119du. S\u0105d wyda\u0142 wyrok w sprawie wojewody &#8211; Onet Wiadomo\u015bci"},"content":{"rendered":"<ol>\n<li><a href=\"https:\/\/news.google.com\/rss\/articles\/CBMivgFBVV95cUxObTNadG9maFhuZkhqWlI3cDBUR1NQWUxiX25Neno0cXdEOHc5aWkwM0ZNajZ0WklCakd6Smd6bGdFS0Q1MDdIWVVaX3JGX0wyT21jZ1JySGtEZkNNdUtUNzlSaHBkWGZfMGRRRW55OFc1SWtYZ0FCV0EzUXBpMDF0SnZBM2xNblpadWhSWGpPb1NHaUl6cm1zLXBMS05TNGNCOU84ZkZULVY2YmFtQUYxcE1iX2ZBREpsemllUjdn?oc=5\" target=\"_blank\" rel=\"nofollow noopener\">Zdj\u0105\u0142 krzy\u017c ze \u015bciany urz\u0119du. S\u0105d wyda\u0142 wyrok w sprawie wojewody<\/a>&nbsp;&nbsp;Onet Wiadomo\u015bci<\/li>\n<li><a href=\"https:\/\/news.google.com\/rss\/articles\/CBMitgFBVV95cUxOeldlSXFhclRNR3dLWkhlaFgxWmp0Rlp5NEJjclcwS2xCMHFOeC1VUWNVaGdwYkVTWTVyNHZSampFdlV0N2Y2SV9HUFJwZnc1QlVmUE12OFNVekVHTE9SclJpZ1I4ZEZHb3VubDk2Z2prUzBWckRjSkNnNVoyUE1tZUZqTk5jOTVYT1dnbVA1YV9qS19aWEx2TF9CUks3YzR2bkh2SWRCOVVaeVNycnlEeUF0QnQ1UQ?oc=5\" target=\"_blank\" rel=\"nofollow noopener\">S\u0105d: Wojewoda mia\u0142 prawo zdj\u0105\u0107 krzy\u017c z reprezentacyjnej sali. Urz\u0105d to nie ko\u015bci\u00f3\u0142<\/a>&nbsp;&nbsp;Lublin.Wyborcza.pl<\/li>\n<li><a href=\"https:\/\/news.google.com\/rss\/articles\/CBMiqgFBVV95cUxPUlRobG9RU05rYmFORzlXYnIzd011UnFTY2h0UHZwWEl0S2t2Y0NxS3dsdmRaYTNXUmx5ZUpkMUJwTE9WTVJtWEpWdEZUTlNrOE5nc0VqRktnQllOaU4tamN1Sl9sbXhYOTlqaWl0MnU3VHFEbWNYV2N3ZXBfS2k4RVhYNHBobHBXSzlRN1Q4VGFNaVBXQ2hqdVE2YjFPWm1EWDZaUmtiSWdpdw?oc=5\" target=\"_blank\" rel=\"nofollow noopener\">Wojewoda poleci\u0142 zdj\u0105\u0107 krzy\u017c w sali urz\u0119du. Jest wyrok<\/a>&nbsp;&nbsp;RMF24<\/li>\n<li><a href=\"https:\/\/news.google.com\/rss\/articles\/CBMiowFBVV95cUxPcUc0c1k5d1I3VG51bEp0YWZ5TEVQUmJPd0pVbmZXaDRfeEtnRHo5dTh4Tk1GTGtyZHdwOUFZNmJycGJjS2l2OW9Ld0tteHZyNGNzM3JUcnVEVnNibXFrOXc3YXpENk5iZjc4VzljVVZrUEdNZGZaV01IV2x2WDhSb29maFRnOTB0UndMcEhiSlN0NEJlRFE5Qkdzd0I1cEd6NU93?oc=5\" target=\"_blank\" rel=\"nofollow noopener\">Wojewoda zdj\u0105\u0142 krzy\u017c ze \u015bciany. S\u0105d podj\u0105\u0142 decyzj\u0119<\/a>&nbsp;&nbsp;Fakt<\/li>\n<li><a href=\"https:\/\/news.google.com\/rss\/articles\/CBMirAFBVV95cUxQa1ZjZFhZUkFHT1ZVVnM2c3JSZkZOM1ZTcDdXNUtOV1FPRldhMUs2NzFzbGpGTFpyZDEwX05xcUNIS1hPNmkyX3c1ZXZDZ1ZsaU5zRFRHejZhVzhLTmRscXlmVDB6TFYxQ2RxYlM0M0RFSC1iRGxkY1lZSXE3TUJDYmlPR1hkUWYydFB2aWpQZk5zOU5SUDk5MGJUX0RTWEs5RWpxX2JkXzhBamhx?oc=5\" target=\"_blank\" rel=\"nofollow noopener\">Oskar\u017cyli go o obraz\u0119 uczu\u0107 religijnych. Jest wyrok ws. wojewody KO<\/a>&nbsp;&nbsp;WP Wiadomo\u015bci<\/li>\n<\/ol>\n","protected":false},"excerpt":{"rendered":"Zdj\u0105\u0142 krzy\u017c ze \u015bciany urz\u0119du. S\u0105d wyda\u0142 wyrok w sprawie wojewody&nbsp;&nbsp;Onet Wiadomo\u015bci S\u0105d: Wojewoda mia\u0142 prawo zdj\u0105\u0107 krzy\u017c&hellip;\n","protected":false},"author":2,"featured_media":105607,"comment_status":"","ping_status":"","sticky":false,"template":"","format":"standard","meta":{"footnotes":""},"categories":[5],"tags":[32,33,36,37,27,23447,17711,34,35,1081,28,31,48,25,46,42,38,40,39,41,47,29,30,19414,26,23446],"class_list":{"0":"post-105606","1":"post","2":"type-post","3":"status-publish","4":"format-standard","5":"has-post-thumbnail","7":"category-naglowki","8":"tag-breaking-news","9":"tag-breakingnews","10":"tag-featured-news","11":"tag-featurednews","12":"tag-headlines","13":"tag-krzysztof_komorski","14":"tag-krzyz","15":"tag-latest-news","16":"tag-latestnews","17":"tag-lublin","18":"tag-naglowki","19":"tag-najwazniejsze-artykuly","20":"tag-nat_styl","21":"tag-news","22":"tag-omp","23":"tag-pl","24":"tag-poland","25":"tag-polish","26":"tag-polska","27":"tag-polski","28":"tag-screening_general","29":"tag-top-stories","30":"tag-topstories","31":"tag-uniewinnienie","32":"tag-wiadomosci","33":"tag-wojewoda"},"share_on_mastodon":{"url":"https:\/\/pubeurope.com\/@pl\/115565207553822916","error":""},"_links":{"self":[{"href":"https:\/\/www.europesays.com\/pl\/wp-json\/wp\/v2\/posts\/105606","targetHints":{"allow":["GET"]}}],"collection":[{"href":"https:\/\/www.europesays.com\/pl\/wp-json\/wp\/v2\/posts"}],"about":[{"href":"https:\/\/www.europesays.com\/pl\/wp-json\/wp\/v2\/types\/post"}],"author":[{"embeddable":true,"href":"https:\/\/www.europesays.com\/pl\/wp-json\/wp\/v2\/users\/2"}],"replies":[{"embeddable":true,"href":"https:\/\/www.europesays.com\/pl\/wp-json\/wp\/v2\/comments?post=105606"}],"version-history":[{"count":0,"href":"https:\/\/www.europesays.com\/pl\/wp-json\/wp\/v2\/posts\/105606\/revisions"}],"wp:featuredmedia":[{"embeddable":true,"href":"https:\/\/www.europesays.com\/pl\/wp-json\/wp\/v2\/media\/105607"}],"wp:attachment":[{"href":"https:\/\/www.europesays.com\/pl\/wp-json\/wp\/v2\/media?parent=105606"}],"wp:term":[{"taxonomy":"category","embeddable":true,"href":"https:\/\/www.europesays.com\/pl\/wp-json\/wp\/v2\/categories?post=105606"},{"taxonomy":"post_tag","embeddable":true,"href":"https:\/\/www.europesays.com\/pl\/wp-json\/wp\/v2\/tags?post=105606"}],"curies":[{"name":"wp","href":"https:\/\/api.w.org\/{rel}","templated":true}]}}