{"id":105610,"date":"2025-11-17T13:12:11","date_gmt":"2025-11-17T13:12:11","guid":{"rendered":"https:\/\/www.europesays.com\/pl\/105610\/"},"modified":"2025-11-17T13:12:11","modified_gmt":"2025-11-17T13:12:11","slug":"kolakowska-zszokowala-mowiac-o-przemocy-teraz-sie-tlumaczy","status":"publish","type":"post","link":"https:\/\/www.europesays.com\/pl\/105610\/","title":{"rendered":"Ko\u0142akowska zszokowa\u0142a, m\u00f3wi\u0105c o przemocy. Teraz si\u0119 t\u0142umaczy"},"content":{"rendered":"\n<p>&#13;<br \/>\nW ostatnich dniach w\u00a0mediach pojawi\u0142y si\u0119 artyku\u0142y sugeruj\u0105ce, \u017ce\u00a0Viola Ko\u0142akowska do\u015bwiadcza\u0142a przemocy fizycznej, b\u0119d\u0105c w\u00a0zwi\u0105zku z\u00a0Tomaszem Karolakiem. Publikacje powsta\u0142y na\u00a0podstawie komentarza o\u00a0pozostawionego przez aktork\u0119 w\u00a0dyskusji o\u00a0przemocy domowej pod\u00a0recenzj\u0105 filmu pt. &#8222;Dom dobry&#8221;. Teraz <a href=\"https:\/\/dorzeczy.pl\/kraj\/167055\/kolakowska-znowu-szokuje-zapowiada-wywiad-z-mesjaszem.html\" rel=\"nofollow noopener\" target=\"_blank\">by\u0142a partnerka Karolaka<\/a> wyda\u0142a o\u015bwiadczenie, dementuj\u0105c nieprawdziwe informacje i\u00a0przypominaj\u0105c, \u017ce\u00a0przemoc to\u00a0nie tylko bicie. &#13;\n<\/p>\n<p>Ko\u0142akowska pisze o\u00a0przemocy. Oberwa\u0142o si\u0119 Karolakowi <\/p>\n<p>&#13;<br \/>\n&#8222;Kasiu\u2026 Jak ja to\u00a0dobrze znam z\u00a0domu przemocowego, gdzie by\u0142am bita do\u00a0krwi, molestowana i\u00a0p\u00f3\u017aniej z\u00a0przemocy psychicznej, narcystycznej, gdzie jako zaw\u0142aszczona, zale\u017cna od\u00a0partnera, ojca dzieci, nie\u00a0dosta\u0142am \u017cadnego wsparcia do\u00a0tej pory od\u00a0nikogo, kto m\u00f3g\u0142by mi pom\u00f3c wyj\u015b\u0107 z\u00a0tego, pomagaj\u0105c z\u00a0prac\u0105. Wszyscy go\u00a0oklaskuj\u0105 i\u00a0wspieraj\u0105, bo\u00a0potrafi \u015bwietnie gra\u0107 ofiar\u0119. Tylko \u017ce\u00a0ofiar\u0105 jestem ja, a\u00a0oni sobie \u015bwietnie radz\u0105 (&#8230;) \u2013\u00a0mo\u017cna by\u0142o przeczyta\u0107 we\u00a0wpisie Ko\u0142akowskiej pozostawionym na\u00a0profilu &#8222;Katarzyna Pola\u0144ska \u2013\u00a0Tw\u00f3j Dobrostan&#8221;. &#13;\n<\/p>\n<p>&#13;<br \/>\n&#8222;Przez lata utrzymywa\u0142 mnie na\u00a0smyczy, obiecuj\u0105c, \u017ce\u00a0zaraz wr\u00f3c\u0119 do\u00a0pracy, \u017ce\u00a0pomo\u017ce, \u017ce\u00a0projekty na\u00a0mnie czekaj\u0105 itd. P\u00f3\u017aniej m\u00f3wi\u0142, \u017ce\u00a0pomo\u017ce, pomimo wszystko, a\u00a0ostatecznie zosta\u0142am z\u00a0niczym. On stworzy\u0142 swoj\u0105 mark\u0119, bo\u00a0m\u00f3g\u0142 \u2013\u00a0kto\u015b mu wychowa\u0142 dzieci i\u00a0prowadzi\u0142 ca\u0142y dom. Reszta musia\u0142a si\u0119 dostosowa\u0107&#8221; \u2013\u00a0doda\u0142a aktorka. &#13;\n<\/p>\n<p>Aktorka wyda\u0142a o\u015bwiadczenie. &#8222;Nigdy nie\u00a0powiedzia\u0142am, \u017ce\u00a0by\u0142am bita przez partnera&#8221;<\/p>\n<p>&#13;<br \/>\nCho\u0107 w\u00a0przytoczonej wypowiedzi nie\u00a0pojawia si\u0119 informacja, \u017ce\u00a0partner aktorki mia\u0142by si\u0119 nad ni\u0105 zn\u0119ca\u0107 fizycznie, w\u00a0sieci pojawi\u0142y si\u0119 artyku\u0142y, kt\u00f3re to\u00a0sugerowa\u0142y, opatrzone dodatkowo jej zdj\u0119ciami z\u00a0Tomaszem Karolakiem. Ko\u0142akowska postanowi\u0142a wyda\u0107 o\u015bwiadczenie i\u00a0zdementowa\u0107 plotki. &#13;\n<\/p>\n<p>&#13;<br \/>\n&#8222;T\u0119 jedn\u0105 rzecz musz\u0119 skomentowa\u0107!!! Nigdy nie\u00a0powiedzia\u0142am, \u017ce\u00a0by\u0142am bita przez partnera!!! Przemoc psychiczna to\u00a0jedno, a\u00a0w\u00a0jej obszar wchodzi wiele aspekt\u00f3w toksycznego wsp\u00f3\u0142uzale\u017cnienia, a\u00a0fizyczna \u2013\u00a0to\u00a0drugie. Konsekwencje ka\u017cdej przemocy s\u0105 to\u017csame, ale\u00a0bardzo prosz\u0119 nie\u00a0dorabia\u0107 sobie manipulacyjnych interpretacji&#8221; \u2013\u00a0zacz\u0119\u0142a na\u00a0InstaStories. &#13;\n<\/p>\n<p>&#13;<br \/>\nWyja\u015bni\u0142a, \u017ce\u00a0&#8222;by\u0142a bita jako dziecko w\u00a0domu rodzinnym&#8221;, ale\u00a0sugestie, \u017ce\u00a0do\u015bwiadczy\u0142a przemocy fizycznej tak\u017ce ze\u00a0strony partnera, s\u0105 dla\u00a0niej &#8222;ogromnym nadu\u017cyciem&#8221; i\u00a0&#8222;manipulowaniem informacji dla\u00a0klikalno\u015bci&#8221;. &#13;\n<\/p>\n<p>&#13;<br \/>\n&#8222;Czy naprawd\u0119 w\u00a0czasach, kiedy mamy taki dost\u0119p do\u00a0edukacji, materia\u0142\u00f3w, podcast\u00f3w, terapeut\u00f3w, ludzie nadal uwa\u017caj\u0105, \u017ce\u00a0przemoc to\u00a0bicie i\u00a0tyle? \u017be\u00a0je\u015bli kto\u015b jest w\u00a0relacji przemocowej, toksycznej, zaw\u0142aszczaj\u0105cej, na\u00a0wiele r\u00f3\u017cnych sposob\u00f3w, gdzie powszechne w\u00a0\u017cyciu codziennym s\u0105: manipulacja, k\u0142amstwo, gaslighting (&#8230;). Warto si\u0119 doedukowa\u0107 g\u0142\u0119biej w\u00a0tych tematach, bo\u00a0s\u0105 rozleg\u0142e i\u00a0si\u0119gaj\u0105ce bardzo g\u0142\u0119boko, obrazuj\u0105c stan naszego spo\u0142ecze\u0144stwa, powiedzia\u0142abym: odcz\u0142owieczenia. Mo\u017cna powiedzie\u0107 o\u00a0mnie wiele, ale\u00a0(&#8230;) nie\u00a0znosz\u0119 manipulacji i\u00a0k\u0142amstwa, wi\u0119c prosz\u0119 mi tu niczego nie\u00a0wciska\u0107, bo\u00a0ja to\u00a0obna\u017c\u0119 od\u00a0razu&#8221; \u2013\u00a0podsumowa\u0142a. &#13;\n<\/p>\n<p>&#13;<br \/>\nCzytaj te\u017c:<br \/><a href=\"https:\/\/rozrywka.dorzeczy.pl\/film-i-telewizja\/804018\/dom-dobry-wojciecha-smarzowskiego-na-czele-box-office.html\" rel=\"follow nofollow noopener\" data-schema=\"DORZECZY\" data-image=\"https:\/\/img.dorzeczy.pl\/_thumb\/82\/d5\/51b350d1f24d4f7be43a91f9b5df.jpeg\" target=\"_blank\">\u015awietne otwarcie filmu Smarzowskiego. &#8222;Dom dobry&#8221; na\u00a0czele<\/a>Czytaj te\u017c:<br \/><a href=\"https:\/\/rozrywka.dorzeczy.pl\/show-biznes\/805821\/lil-masti-przegrala-w-sadzie-z-gimperem-kontrowersyjny-material.html\" rel=\"follow nofollow noopener\" data-schema=\"DORZECZY\" data-image=\"https:\/\/img.dorzeczy.pl\/_thumb\/a4\/b7\/160b484f822b5ec14de45b015d57.jpeg\" target=\"_blank\">Celebrytka jednak przegra\u0142a w\u00a0s\u0105dzie. &#8222;Wygra\u0142em w\u00a0walce o\u00a0wolno\u015b\u0107 s\u0142owa&#8221;<\/a>&#13;<\/p>\n","protected":false},"excerpt":{"rendered":"&#13; W ostatnich dniach w\u00a0mediach pojawi\u0142y si\u0119 artyku\u0142y sugeruj\u0105ce, \u017ce\u00a0Viola Ko\u0142akowska do\u015bwiadcza\u0142a przemocy fizycznej, b\u0119d\u0105c w\u00a0zwi\u0105zku z\u00a0Tomaszem Karolakiem.&hellip;\n","protected":false},"author":2,"featured_media":105611,"comment_status":"","ping_status":"","sticky":false,"template":"","format":"standard","meta":{"footnotes":""},"categories":[22],"tags":[98,122,291,16331,287,42,38,40,39,41,1665,23449,123,290,289,4928,23448],"class_list":{"0":"post-105610","1":"post","2":"type-post","3":"status-publish","4":"format-standard","5":"has-post-thumbnail","7":"category-rozrywka","8":"tag-dorzeczy","9":"tag-entertainment","10":"tag-historia","11":"tag-kariera","12":"tag-malgorzata-puzyr","13":"tag-pl","14":"tag-poland","15":"tag-polish","16":"tag-polska","17":"tag-polski","18":"tag-przemoc","19":"tag-przemoc-psychiczna","20":"tag-rozrywka","21":"tag-rozrywka-do-rzeczy","22":"tag-show-biznes","23":"tag-tomasz-karolak","24":"tag-viola-kolakowska"},"share_on_mastodon":{"url":"https:\/\/pubeurope.com\/@pl\/115565215297363407","error":""},"_links":{"self":[{"href":"https:\/\/www.europesays.com\/pl\/wp-json\/wp\/v2\/posts\/105610","targetHints":{"allow":["GET"]}}],"collection":[{"href":"https:\/\/www.europesays.com\/pl\/wp-json\/wp\/v2\/posts"}],"about":[{"href":"https:\/\/www.europesays.com\/pl\/wp-json\/wp\/v2\/types\/post"}],"author":[{"embeddable":true,"href":"https:\/\/www.europesays.com\/pl\/wp-json\/wp\/v2\/users\/2"}],"replies":[{"embeddable":true,"href":"https:\/\/www.europesays.com\/pl\/wp-json\/wp\/v2\/comments?post=105610"}],"version-history":[{"count":0,"href":"https:\/\/www.europesays.com\/pl\/wp-json\/wp\/v2\/posts\/105610\/revisions"}],"wp:featuredmedia":[{"embeddable":true,"href":"https:\/\/www.europesays.com\/pl\/wp-json\/wp\/v2\/media\/105611"}],"wp:attachment":[{"href":"https:\/\/www.europesays.com\/pl\/wp-json\/wp\/v2\/media?parent=105610"}],"wp:term":[{"taxonomy":"category","embeddable":true,"href":"https:\/\/www.europesays.com\/pl\/wp-json\/wp\/v2\/categories?post=105610"},{"taxonomy":"post_tag","embeddable":true,"href":"https:\/\/www.europesays.com\/pl\/wp-json\/wp\/v2\/tags?post=105610"}],"curies":[{"name":"wp","href":"https:\/\/api.w.org\/{rel}","templated":true}]}}