{"id":105620,"date":"2025-11-17T13:21:15","date_gmt":"2025-11-17T13:21:15","guid":{"rendered":"https:\/\/www.europesays.com\/pl\/105620\/"},"modified":"2025-11-17T13:21:15","modified_gmt":"2025-11-17T13:21:15","slug":"jaja-sa-coraz-drozsze-i-zaczyna-ich-brakowac-w-calej-polsce-co-sie-dzieje","status":"publish","type":"post","link":"https:\/\/www.europesays.com\/pl\/105620\/","title":{"rendered":"Jaja s\u0105 coraz dro\u017csze i zaczyna ich brakowa\u0107 w ca\u0142ej Polsce! Co si\u0119 dzieje?"},"content":{"rendered":"<p class=\"article-p\" data-section=\"detail-body\">Wbrew powszechnemu przekonaniu, najwi\u0119cej jajek Polacy kupuj\u0105 przed Bo\u017cym Narodzeniem, a nie na Wielkanoc. Jeszcze dwa miesi\u0105ce temu <a href=\"https:\/\/www.fakt.pl\/pieniadze\/drozeje-towar-ktory-prawie-wszyscy-kupujemy-ceny-w-gore-do-swiat\/0zjyqky\" id=\"afe94752-9de8-4df3-813a-b6680e16c80d\" rel=\"nofollow noopener\" target=\"_blank\">bran\u017ca prognozowa\u0142a<\/a>, \u017ce ceny jaj do ko\u0144ca tego roku b\u0119d\u0105 wysokie, ale stabilne. Niestety, tamte szacunki s\u0105 ju\u017c nieaktualne. Polacy powinni liczy\u0107 si\u0119 z dro\u017cszymi jajkami, i to w sezonie najwi\u0119kszego popytu. <\/p>\n<p>        Jajka zdro\u017cej\u0105. Namiesza\u0142a ptasia grypa <\/p>\n<p class=\"article-p\" data-section=\"detail-body\">Konsumenci nie powinni liczy\u0107 na import, bo problem ma ca\u0142a Europa.<\/p>\n<p class=\"article-p\" data-section=\"detail-body\">Niestety, zn\u00f3w mamy do czynienia z bardzo siln\u0105 obecno\u015bci\u0105 wirusa grypy ptak\u00f3w tak w Polsce, jak i w Europie<\/p>\n<p class=\"article-p\" data-section=\"detail-body\">\u2014 podkre\u015bla w oficjalnym komunikacie dyrektor Krajowej Izby Producent\u00f3w Drobiu i Pasz Katarzyna Gawro\u0144ska.<\/p>\n<p class=\"article-p\" data-section=\"detail-body\">\u2014 stwierdza ekspertka. &#8222;Nie dali\u015bmy rady odbudowa\u0107 stad po chorobach zaka\u017anych, kt\u00f3re je wcze\u015bniej zdziesi\u0105tkowa\u0142y. Nie da si\u0119, jak to ma miejsce na przyk\u0142ad w fabryce, odtworzy\u0107 potencja\u0142u produkcyjnego w kilka tygodni. W rolnictwie zajmuje to d\u0142ugie miesi\u0105ce, a teraz dodatkowo ten proces zosta\u0142 przerwany przez nowe ogniska chor\u00f3b drobiu&#8221; \u2014 opisuje Gawro\u0144ska.<\/p>\n<p class=\"article-p\" data-section=\"detail-body\">Sektorowi jaj mocno przeszkadza r\u00f3wnie\u017c ND, czyli rzekomy pom\u00f3r drobiu.<\/p>\n<p class=\"article-p\" data-section=\"detail-body\"><a href=\"https:\/\/www.fakt.pl\/pieniadze\/dlaczego-w-marketach-nie-ma-okien-przebieglosc-sprzedawcow-nie-zna-granic\/28k0jh0\" id=\"6a48db3d-5b33-4ff4-823c-0165b7727eec\" rel=\"nofollow noopener\" target=\"_blank\">Magiczny zapach pieczywa i ukryte pu\u0142apki. Tak sklepy manipuluj\u0105 naszymi zakupami<\/a><\/p>\n<p>        Tak zmieni\u0142a si\u0119 cena jaj<\/p>\n<p class=\"article-p\" data-section=\"detail-body\">Jak wskazuje Izba, ceny jaj w transakcjach mi\u0119dzy hodowcami, a pakowniami wzros\u0142y o 60 proc. w stosunku do ubieg\u0142ego roku w przypadku jaj o rozmiarze M oraz o 50 proc. w przypadku jaj L.<\/p>\n<p class=\"article-p\" data-section=\"detail-body\">\u0179r\u00f3d\u0142a: KIPDIP, &#8222;Fakt&#8221;<\/p>\n<p class=\"article-p\" data-section=\"detail-body\">Artyku\u0142 zosta\u0142 po raz pierwszy opublikowany 4 listopada 2025 r. Zaktualizowali\u015bmy go.<\/p>\n<p class=\"article-p\" data-section=\"detail-body\"><a href=\"https:\/\/www.fakt.pl\/pieniadze\/chrupki-tygryski-wycofane-ze-sklepow-wykryto-gluten\/m8fx4b0\" id=\"47a23077-d5ea-49f6-92c9-505e8d710319\" rel=\"nofollow noopener\" target=\"_blank\">Kultowe chrupki wycofane. Sanepid przed nimi ostrzega<\/a><\/p>\n<p>        \/1<\/p>\n<p>                    <img decoding=\"async\" class=\"article-image-img\" loading=\"lazy\" alt=\"\" src=\"https:\/\/www.europesays.com\/pl\/wp-content\/uploads\/2025\/11\/ezqk9kuTURBXy82NjFhOGY2ZS1kMTA4LTQwZWMtYWY0Yi1jNmQ0NzNjZjUxZTIuanBlZ5GTAs0DSM0CMN4AAqEwAaExAQ.jpeg\" width=\"840\" height=\"560\"\/><\/p>\n<p>                  \u0141ukasz Krajewski \/ Fokusmedia<\/p>\n<p class=\"article-gallery-p\">\n        Jajka ju\u017c s\u0105 dro\u017csze, a na horyzoncie podwy\u017cki cen.\n    <\/p>\n","protected":false},"excerpt":{"rendered":"Wbrew powszechnemu przekonaniu, najwi\u0119cej jajek Polacy kupuj\u0105 przed Bo\u017cym Narodzeniem, a nie na Wielkanoc. Jeszcze dwa miesi\u0105ce temu&hellip;\n","protected":false},"author":2,"featured_media":105621,"comment_status":"","ping_status":"","sticky":false,"template":"","format":"standard","meta":{"footnotes":""},"categories":[16],"tags":[113,112,42,38,40,39,41],"class_list":{"0":"post-105620","1":"post","2":"type-post","3":"status-publish","4":"format-standard","5":"has-post-thumbnail","7":"category-biznes","8":"tag-biznes","9":"tag-business","10":"tag-pl","11":"tag-poland","12":"tag-polish","13":"tag-polska","14":"tag-polski"},"share_on_mastodon":{"url":"https:\/\/pubeurope.com\/@pl\/115565251037806745","error":""},"_links":{"self":[{"href":"https:\/\/www.europesays.com\/pl\/wp-json\/wp\/v2\/posts\/105620","targetHints":{"allow":["GET"]}}],"collection":[{"href":"https:\/\/www.europesays.com\/pl\/wp-json\/wp\/v2\/posts"}],"about":[{"href":"https:\/\/www.europesays.com\/pl\/wp-json\/wp\/v2\/types\/post"}],"author":[{"embeddable":true,"href":"https:\/\/www.europesays.com\/pl\/wp-json\/wp\/v2\/users\/2"}],"replies":[{"embeddable":true,"href":"https:\/\/www.europesays.com\/pl\/wp-json\/wp\/v2\/comments?post=105620"}],"version-history":[{"count":0,"href":"https:\/\/www.europesays.com\/pl\/wp-json\/wp\/v2\/posts\/105620\/revisions"}],"wp:featuredmedia":[{"embeddable":true,"href":"https:\/\/www.europesays.com\/pl\/wp-json\/wp\/v2\/media\/105621"}],"wp:attachment":[{"href":"https:\/\/www.europesays.com\/pl\/wp-json\/wp\/v2\/media?parent=105620"}],"wp:term":[{"taxonomy":"category","embeddable":true,"href":"https:\/\/www.europesays.com\/pl\/wp-json\/wp\/v2\/categories?post=105620"},{"taxonomy":"post_tag","embeddable":true,"href":"https:\/\/www.europesays.com\/pl\/wp-json\/wp\/v2\/tags?post=105620"}],"curies":[{"name":"wp","href":"https:\/\/api.w.org\/{rel}","templated":true}]}}