{"id":105626,"date":"2025-11-17T13:28:13","date_gmt":"2025-11-17T13:28:13","guid":{"rendered":"https:\/\/www.europesays.com\/pl\/105626\/"},"modified":"2025-11-17T13:28:13","modified_gmt":"2025-11-17T13:28:13","slug":"gdzie-dorobic-przed-swietami-praca-przed-swietami-moze-sie-oplacac-na-takie-zarobki-mozemy-liczyc","status":"publish","type":"post","link":"https:\/\/www.europesays.com\/pl\/105626\/","title":{"rendered":"Gdzie dorobi\u0107 przed \u015bwi\u0119tami? Praca przed \u015bwi\u0119tami mo\u017ce si\u0119 op\u0142aca\u0107. Na takie zarobki mo\u017cemy liczy\u0107"},"content":{"rendered":"<p class=\"art_paragraph\">Okres przed\u015bwi\u0105teczny to dla wielu z nas czas wi\u0119kszych wydatk\u00f3w. Z drugiej strony oznacza to te\u017c <a href=\"https:\/\/g.pl\/news\/7,187450,32373308,placa-nawet-12-8-tys-zl-gwarantuja-darmowe-zakwaterowanie.html\" class=\"art_link\" rel=\"dofollow\">dodatkowe mo\u017cliwo\u015bci zarobku<\/a>. Wzmo\u017cony ruch zwi\u0105zany z wyprzeda\u017cami i poszukiwaniem prezent\u00f3w bo\u017conarodzeniowych to prawdziwe wyzwanie dla handlu i logistyki. W tym roku jest to wyj\u0105tkowo zauwa\u017calne.<\/p>\n<p>\n    Zobacz wideo Weto prezydenta mo\u017ce utrudni\u0107 prac\u0119 Ukrai\u0144com i&#8230; urz\u0119dnikom\n  <\/p>\n<p> Kiedy najlepiej szuka\u0107 pracy sezonowej? W tym roku rekrutacje zacz\u0119\u0142y si\u0119 wyj\u0105tkowo wcze\u015bnie<\/p>\n<p class=\"art_paragraph\">Ju\u017c pod koniec pa\u017adziernika pisali\u015bmy o <a href=\"https:\/\/g.pl\/news\/7,187450,32346029,szukaja-az-8-5-tys-polakow-do-pracy-ponad-36-zl-h-a-do-tego.html\" class=\"art_link\" rel=\"dofollow\">planach Amazon na zatrudnienie w Polsce\u00a08500 pracownik\u00f3w tymczasowych<\/a> do pracy w magazynie na okres przed\u015bwi\u0105teczny. Tegoroczne rekrutacje zacz\u0119\u0142y si\u0119 jednak wcze\u015bnie r\u00f3wnie\u017c u innych pracodawc\u00f3w.<\/p>\n<blockquote class=\"art_blockquote\"><p>Firmy dzia\u0142aj\u0105ce w handlu, logistyce i e-commerce ju\u017c jesieni\u0105 zacz\u0119\u0142y rekrutacje, pami\u0119taj\u0105c zesz\u0142oroczne trudno\u015bci ze znalezieniem pracownik\u00f3w<\/p><\/blockquote>\n<p class=\"art_paragraph\">&#8211; wyja\u015bnia wiceprezes EWL Group Alex Kartsel, cytowany przez <a href=\"https:\/\/businessinsider.com.pl\/praca\/przedswiateczna-rekrutacja-trwa-firmy-kusza-rekordowymi-wynagrodzeniami\/cql4j5s\" class=\"art_link\" rel=\"nofollow noopener\" target=\"_blank\">Business Insider<\/a>. WP Finanse podkre\u015bla z kolei, \u017ce wyra\u017anie zwi\u0119kszy\u0142a si\u0119 tak\u017ce liczba dost\u0119pnych ofert.<\/p>\n<blockquote class=\"art_blockquote\"><p>Por\u00f3wnuj\u0105c ko\u0144c\u00f3wk\u0119 2025 roku do poprzedniego sezonu \u015bwi\u0105tecznego, obserwujemy umiarkowany wzrost liczby ofert pracy sezonowej &#8211; \u015brednio o oko\u0142o 20-35 proc., w zale\u017cno\u015bci od bran\u017cy i wielko\u015bci firmy<\/p><\/blockquote>\n<p class=\"art_paragraph\">&#8211; stwierdza <a href=\"https:\/\/finanse.wp.pl\/tu-mozna-dorobic-przed-swietami-za-trzy-dni-pracy-placa-1000-zl-7220986641279936a\" class=\"art_link\" rel=\"nofollow noopener\" target=\"_blank\">w rozmowie z portalem<\/a> Justyna Lach, Dyrektor Linii Progres HR Logistics w Grupie Progres. Praca sezonowa w tym okresie dotyczy przede wszystkim\u00a0magazynier\u00f3w, kurier\u00f3w, pracownik\u00f3w inwentaryzacji, sprzedawc\u00f3w, doradc\u00f3w klienta i promotor\u00f3w produkt\u00f3w. Na jakie zarobki mo\u017cna liczy\u0107 w tych obszarach?<\/p>\n<p class=\"art_paragraph\">Zobacz te\u017c: <a href=\"https:\/\/g.pl\/news\/7,187450,32398823,maja-ponad-1000-wakatow-juz-w-trakcie-szkolenia-placa-ponad.html\" class=\"art_link\" rel=\"dofollow\">Maj\u0105 ponad 1000 wakat\u00f3w. Ju\u017c w trakcie szkolenia p\u0142ac\u0105 ponad 5,7 tys. z\u0142 netto. S\u0105 te\u017c liczne dodatki<\/a><\/p>\n<p> Praca dodatkowa przed \u015bwi\u0119tami to okazja do\u00a0dobrego zarobku. W tych obszarach dostaniemy wi\u0119cej<\/p>\n<p class=\"art_paragraph\">Justyna Lach podkre\u015bla, \u017ce wynagrodzenia dla pracownik\u00f3w sezonowych wzros\u0142y \u015brednio o 10-20 proc. w por\u00f3wnaniu do ubieg\u0142ego roku. Wp\u0142yn\u0105\u0142 na to m.<a href=\"https:\/\/moto.pl\/Porady\/7,178530,26930093,kalkulator-przelicznik-centymetry-cm-i-cale-in-na-stopy.html#anchorLink\" rel=\"nofollow noopener\" target=\"_blank\">in<\/a>. wzrost p\u0142acy minimalnej, ale te\u017c i rosn\u0105ca konkurencja o pracownik\u00f3w. Alex Kartsel podaje natomiast, \u017ce \u015brednia stawka oferowana obecnie pracownikom sezonowym to 34 z\u0142 brutto za godzin\u0119.\u00a0W bran\u017cy e-commerce\u00a0osi\u0105gaj\u0105\u00a0ju\u017c ponad 36 z\u0142 brutto, wobec 33,92 z\u0142 rok temu. Przy pracy w nocy i <a href=\"https:\/\/g.pl\/weekend#anchorLink\" rel=\"nofollow\">weekendy<\/a> (np. przed Black Friday) mog\u0105 si\u0119gn\u0105\u0107 nawet 41 z\u0142 brutto.<\/p>\n<p class=\"art_paragraph\">Wed\u0142ug analizy EWL, na kt\u00f3r\u0105 powo\u0142uje si\u0119 Business Insider,\u00a0w du\u017cych sieciach handlowych nowi pracownicy zarabiaj\u0105 dzi\u015b od 5 100 do 5 500 z\u0142 brutto miesi\u0119cznie, co oznacza wzrost o 10-15 proc. w por\u00f3wnaniu do 2024 roku. W przypadku kurier\u00f3w mediana wynagrodze\u0144 wynosi obecnie\u00a0oko\u0142o 5 930 z\u0142 brutto miesi\u0119cznie, czyli o 14 proc. wi\u0119cej ni\u017c rok wcze\u015bniej.\u00a0To jedna z najszybciej rosn\u0105cych kategorii p\u0142acowych w sektorze sezonowym. Z drugiej strony w mniejszych miastach z regu\u0142y oferuj\u0105 znacznie mniej. Przyk\u0142adowo, w\u00a0regionie lubelskim stawki dla sprzedawc\u00f3w wynosz\u0105 oko\u0142o 33 z\u0142 brutto za godzin\u0119,\u00a0a w call center zazwyczaj nie przekraczaj\u0105\u00a0minimalnej krajowej (30,50 z\u0142 brutto).<\/p>\n<p class=\"art_paragraph\">Na koniec nale\u017cy zaznaczy\u0107, \u017ce wzrost wynagrodze\u0144 niekoniecznie przek\u0142ada si\u0119 na du\u017c\u0105 liczb\u0119 kandydat\u00f3w. Pisali\u015bmy ju\u017c na ten temat w artykule na temat <a href=\"https:\/\/g.pl\/news\/7,187450,32341747,az-70-proc-firm-chcialo-zatrudniac-pracownikow-na-koniec-roku.html\" class=\"art_link\" rel=\"dofollow\">plan\u00f3w przedsi\u0119biorc\u00f3w zwi\u0105zanych z zatrudnianiem dodatkowych pracownik\u00f3w<\/a>. Business Insider podaje za agencj\u0105 Manpower, \u017ce najwi\u0119ksze braki kadrowe\u00a0dotycz\u0105 obecnie sektora magazynowego. Ponadto wi\u0119ksze problemy z brakiem pracownik\u00f3w sezonowych maj\u0105 mniejsze miejscowo\u015bci i regiony\u00a0przy zachodniej granicy.\n  <\/p>\n<p>\u0179r\u00f3d\u0142o:\u00a0businessinsider.com.pl,\u00a0finanse.wp.pl<\/p>\n<p class=\"art_paragraph\">Dzi\u0119kujemy, \u017ce przeczyta\u0142a\u015b\/e\u015b nasz artyku\u0142.<br \/>\n  <br \/>B\u0105d\u017a na bie\u017c\u0105co! <a href=\"https:\/\/news.google.com\/publications\/CAAqBwgKMPqaywswqrbiAw?hl=pl&amp;gl=PL&amp;ceid=PL%3Apl\" class=\"art_link\" rel=\"nofollow noopener\" target=\"_blank\">Obserwuj nas w Wiadomo\u015bciach Google<\/a>.<\/p>\n","protected":false},"excerpt":{"rendered":"Okres przed\u015bwi\u0105teczny to dla wielu z nas czas wi\u0119kszych wydatk\u00f3w. Z drugiej strony oznacza to te\u017c dodatkowe mo\u017cliwo\u015bci&hellip;\n","protected":false},"author":2,"featured_media":105627,"comment_status":"","ping_status":"","sticky":false,"template":"","format":"standard","meta":{"footnotes":""},"categories":[16],"tags":[113,112,42,38,40,39,41],"class_list":{"0":"post-105626","1":"post","2":"type-post","3":"status-publish","4":"format-standard","5":"has-post-thumbnail","7":"category-biznes","8":"tag-biznes","9":"tag-business","10":"tag-pl","11":"tag-poland","12":"tag-polish","13":"tag-polska","14":"tag-polski"},"share_on_mastodon":{"url":"https:\/\/pubeurope.com\/@pl\/115565278414106026","error":""},"_links":{"self":[{"href":"https:\/\/www.europesays.com\/pl\/wp-json\/wp\/v2\/posts\/105626","targetHints":{"allow":["GET"]}}],"collection":[{"href":"https:\/\/www.europesays.com\/pl\/wp-json\/wp\/v2\/posts"}],"about":[{"href":"https:\/\/www.europesays.com\/pl\/wp-json\/wp\/v2\/types\/post"}],"author":[{"embeddable":true,"href":"https:\/\/www.europesays.com\/pl\/wp-json\/wp\/v2\/users\/2"}],"replies":[{"embeddable":true,"href":"https:\/\/www.europesays.com\/pl\/wp-json\/wp\/v2\/comments?post=105626"}],"version-history":[{"count":0,"href":"https:\/\/www.europesays.com\/pl\/wp-json\/wp\/v2\/posts\/105626\/revisions"}],"wp:featuredmedia":[{"embeddable":true,"href":"https:\/\/www.europesays.com\/pl\/wp-json\/wp\/v2\/media\/105627"}],"wp:attachment":[{"href":"https:\/\/www.europesays.com\/pl\/wp-json\/wp\/v2\/media?parent=105626"}],"wp:term":[{"taxonomy":"category","embeddable":true,"href":"https:\/\/www.europesays.com\/pl\/wp-json\/wp\/v2\/categories?post=105626"},{"taxonomy":"post_tag","embeddable":true,"href":"https:\/\/www.europesays.com\/pl\/wp-json\/wp\/v2\/tags?post=105626"}],"curies":[{"name":"wp","href":"https:\/\/api.w.org\/{rel}","templated":true}]}}