{"id":105638,"date":"2025-11-17T13:38:12","date_gmt":"2025-11-17T13:38:12","guid":{"rendered":"https:\/\/www.europesays.com\/pl\/105638\/"},"modified":"2025-11-17T13:38:12","modified_gmt":"2025-11-17T13:38:12","slug":"uczestnicy-tanca-z-gwiazdami-bawili-sie-w-najlepsze-byla-interwencja-strazy-miejskiej","status":"publish","type":"post","link":"https:\/\/www.europesays.com\/pl\/105638\/","title":{"rendered":"Uczestnicy &#8222;Ta\u0144ca z gwiazdami&#8221; bawili si\u0119 w najlepsze. &#8222;By\u0142a interwencja stra\u017cy miejskiej&#8221;"},"content":{"rendered":"<p class=\"ods-c-paragraph \">Za nami fina\u0142 <a href=\"https:\/\/plejada.pl\/taniec-z-gwiazdami-program-tv\" id=\"23a4e027-13ab-4f83-8bb6-3ae6f67366c2\" rel=\"nofollow noopener\" target=\"_blank\">&#8222;Ta\u0144ca z gwiazdami&#8221;<\/a>, podczas kt\u00f3rego wielkimi zwyci\u0119zcami okazali si\u0119 Miko\u0142aj &#8222;Bagi&#8221; Bagi\u0144ski i Magdalena Tarnowska. Tu\u017c za nimi uplasowali si\u0119 Maurycy Popiel i Sara Janicka, a na trzecim miejscu \u2014 Wiktoria Gorodecka i Kamil Kuroczko. Co ciekawe, laureat show przeka\u017ce wygran\u0105 w postaci 200 tys. z\u0142, na stowarzyszenie, wspieraj\u0105ce osoby z zespo\u0142em Downa.<\/p>\n<blockquote class=\"ods-o-quota\">\n<p class=\"ods-o-quota__paragraph\">\u2014Nie m\u00f3wi\u0142em o tym wcze\u015bniej, bo nie chcia\u0142em, \u017ceby to by\u0142o odebrane, \u017ce tutaj namawiam na g\u0142osowanie. Uzna\u0142em, \u017ce dzisiaj jest to odpowiedni moment, jak ju\u017c wygrali\u015bmy, \u017ceby o tym powiedzie\u0107 i \u017ceby promowa\u0107 pomaganie <\/p>\n<\/blockquote>\n<p class=\"ods-c-paragraph \">\u2014 <a href=\"https:\/\/plejada.pl\/newsy\/bagi-tlumaczy-swoje-slowa-po-finale-tanca-z-gwiazdami-kiedy-postanowil-oddac-nagrode\/9jkch53\" id=\"6d01c8ec-6417-48fa-8eda-792105e5b988\" rel=\"nofollow noopener\" target=\"_blank\">t\u0142umaczy\u0142 w rozmowie z Plejad\u0105<\/a>.<\/p>\n<p>Dalszy ci\u0105g artyku\u0142u pod materia\u0142em wideo<\/p>\n<p> Kto wygra\u0142 fina\u0142 'Ta\u0144ca z gwiazdami&#8217;? <\/p>\n<p> Jaka by\u0142a przyczyna interwencji stra\u017cy miejskiej? <\/p>\n<p> Gdzie odby\u0142o si\u0119 after party uczestnik\u00f3w 'Ta\u0144ca z gwiazdami&#8217;? <\/p>\n<p> Ile pieni\u0119dzy laureat przeka\u017ce na stowarzyszenie? <\/p>\n<p>  Impreza uczestnik\u00f3w &#8222;Ta\u0144ca z gwiazdami&#8221;. &#8222;By\u0142a interwencja stra\u017cy miejskiej&#8221;<\/p>\n<p class=\"ods-c-paragraph \">Nied\u0142ugo po emisji ostatniego odcinka sezonu uczestnicy oraz go\u015bcie udali si\u0119 na after party. W pobli\u017cu miejsca imprezy, jak\u0105 by\u0142a restauracja Mateusza Gesslera w Warszawie, znajowali si\u0119 m.in. <a href=\"https:\/\/ludzie.fakt.pl\/szalona-impreza-po-finale-tanca-z-gwiazdami-to-dzialo-sie-w-lokalu-gesslera\/08x7g16\" id=\"11d2cca5-196b-4eaf-a822-ff14ae7d3613\" rel=\"nofollow noopener\" target=\"_blank\">fotoreporterzy &#8222;Faktu&#8221;, kt\u00f3rzy udokumentowali huczn\u0105 zabaw\u0119<\/a> \u2014 nie zabrak\u0142o Katarzyny Zillmann, Barbary Bursztynowicz, Piotra Mroza czy Maurycego Popiela.<\/p>\n<p class=\"ods-c-paragraph \">W pewnym momencie na miejsce wydarzenia przyjecha\u0142a stra\u017c miejska, co <a href=\"https:\/\/ludzie.fakt.pl\/wielka-balanga-po-tancu-z-gwiazdami-w-lokalu-zjawila-sie-straz-miejska\/ntxd5fl\" id=\"d25b5939-c425-428b-91c7-f480fc4a8d05\" rel=\"nofollow noopener\" target=\"_blank\">potwierdzi\u0142 w rozmowie z dziennikiem starszy inspektor Jerzy Jabraszko<\/a>, referat prasowy Stra\u017cy Miejskiej Miasta Sto\u0142ecznego Warszawy.<\/p>\n<blockquote class=\"ods-o-quota\">\n<p class=\"ods-o-quota__paragraph\">Potwierdzam, \u017ce by\u0142a taka interwencja stra\u017cy miejskiej. Zg\u0142oszenie dotyczy\u0142o g\u0142o\u015bnej muzyki. Patrol przyby\u0142 na miejsce chwil\u0119 po p\u00f3\u0142nocy. Nie stwierdzi\u0142, \u017ceby muzyka z lokalu na zewn\u0105trz wydobywa\u0142a si\u0119 w spos\u00f3b g\u0142o\u015bny i m\u0119cz\u0105cy<\/p>\n<\/blockquote>\n<p class=\"ods-c-paragraph \">\u2014 przekaza\u0142. Z jego wypowiedzi wynika, \u017ce patrol musia\u0142 dosta\u0107 zg\u0142oszenie od ludzi, znajduj\u0105cych si\u0119 lub zamieszkuj\u0105cy w pobli\u017cu.<\/p>\n<p>   <img decoding=\"async\" src=\"https:\/\/www.europesays.com\/pl\/wp-content\/uploads\/2025\/11\/Ylck9lBaHR0cHM6Ly9vY2RuLmV1L3B1bHNjbXMvTURBXy80MDM4MjRiNWE4NzI4NDk2NmFjNWU4OTYyYThiYjNjMy5qcGeRlQLNB.jpeg\" height=\"627\" width=\"940\" alt=\"Maurycy Popiel i Sara Janicka\" loading=\"lazy\" class=\"ods-c-image__img ods-c-image__img--viewport-width\"\/><\/p>\n<p>Maurycy Popiel i Sara JanickaMW Media<\/p>\n<p> <img decoding=\"async\" src=\"https:\/\/www.europesays.com\/pl\/wp-content\/uploads\/2025\/11\/O7Qk9lBaHR0cHM6Ly9vY2RuLmV1L3B1bHNjbXMvTURBXy8xM2JiZjVmNGI3MGNiNzgwYjEzZjA3ZDhiMjBiZjIzZi5qcGeRlQLNB.jpeg\" height=\"627\" width=\"940\" alt=\"Wiktoria Gorodecka\" loading=\"lazy\" class=\"ods-c-image__img ods-c-image__img--viewport-width\"\/><\/p>\n<p>Wiktoria GorodeckaMW Media<\/p>\n<p> <img decoding=\"async\" src=\"https:\/\/www.europesays.com\/pl\/wp-content\/uploads\/2025\/11\/SPhk9lBaHR0cHM6Ly9vY2RuLmV1L3B1bHNjbXMvTURBXy9jNWRhMmM0NmNmN2Q1NzU0MmI5MjAzNGRjZjAzMzdjOC5qcGeRlQLNA.jpeg\" height=\"529\" width=\"940\" alt=\"Bagi i Magdalena Tarnowska\" loading=\"lazy\" class=\"ods-c-image__img ods-c-image__img--vertical\"\/><\/p>\n<p>Bagi i Magdalena TarnowskaMW Media<\/p>\n<p class=\"ods-c-paragraph \">Dzi\u0119kujemy, \u017ce przeczyta\u0142a\u015b\/e\u015b nasz artyku\u0142 do ko\u0144ca. W serwisie Plejada.pl ka\u017cdego dnia piszemy o najwa\u017cniejszych wydarzeniach show-biznesowych. B\u0105d\u017a na bie\u017c\u0105co! <a rel=\"nofollow noopener\" href=\"https:\/\/news.google.com\/publications\/CAAiEF0PeAlb7W1llpV_mwV2rL4qFAgKIhBdD3gJW-1tZZaVf5sFdqy-?hl=pl&amp;gl=PL&amp;ceid=PL%3Apl\" id=\"7a5ff859-1aeb-434c-af67-79005cda2e47\" target=\"_blank\">Obserwuj<\/a> Plejad\u0119 w Wiadomo\u015bciach Google. Odwied\u017a nas tak\u017ce na <a rel=\"nofollow noopener\" href=\"https:\/\/www.facebook.com\/plejadapl\" id=\"60832f35-3ebb-4f8e-8668-642cb61b2cf2\" target=\"_blank\">Facebooku<\/a>, <a rel=\"nofollow noopener\" href=\"https:\/\/www.instagram.com\/plejadapl\/\" id=\"dc3d55a6-8f37-4d85-a753-1071af8f6b3f\" target=\"_blank\">Instagramie<\/a>, <a rel=\"nofollow noopener\" href=\"https:\/\/www.youtube.com\/c\/plejada\" id=\"b2130a3a-c79a-4c79-81e4-b1bd4a12db23\" target=\"_blank\">YouTubie<\/a> oraz <a rel=\"nofollow noopener\" href=\"https:\/\/www.tiktok.com\/@plejada_pl\" id=\"f9720e84-e4ce-4d70-82f6-d3beb7161bce\" target=\"_blank\">TikToku<\/a>.<\/p>\n<p class=\"ods-c-paragraph \">Chcesz podzieli\u0107 si\u0119 ciekawym newsem lub zaproponowa\u0107 temat? Skontaktuj si\u0119 z nami, pisz\u0105c maila na adres: <a rel=\"nofollow noopener\" href=\"https:\/\/plejada.pl\/newsy\/uczestnicy-tanca-z-gwiazdami-bawili-sie-w-najlepsze-byla-interwencja-strazy-miejskiej\/mailto:plejada@redakcjaonet.pl\" id=\"a368c6d2-a16a-4fbd-8dfe-0bc6876652b8\" target=\"_blank\">plejada@redakcjaon<\/a><a rel=\"nofollow noopener\" href=\"https:\/\/et.pl\/\" id=\"fb7a896d-796d-4b32-8727-ad1e6fe7e53f\" target=\"_blank\">et.pl<\/a>.<\/p>\n<p><script async src=\"\/\/www.instagram.com\/embed.js\"><\/script><script async src=\"\/\/www.tiktok.com\/embed.js\"><\/script><\/p>\n","protected":false},"excerpt":{"rendered":"Za nami fina\u0142 &#8222;Ta\u0144ca z gwiazdami&#8221;, podczas kt\u00f3rego wielkimi zwyci\u0119zcami okazali si\u0119 Miko\u0142aj &#8222;Bagi&#8221; Bagi\u0144ski i Magdalena Tarnowska.&hellip;\n","protected":false},"author":2,"featured_media":105639,"comment_status":"","ping_status":"","sticky":false,"template":"","format":"standard","meta":{"footnotes":""},"categories":[5],"tags":[3562,32,33,36,37,27,3561,34,35,3437,12897,28,31,48,25,125,46,42,38,40,39,41,20749,47,1884,29,30,26],"class_list":{"0":"post-105638","1":"post","2":"type-post","3":"status-publish","4":"format-standard","5":"has-post-thumbnail","7":"category-naglowki","8":"tag-barbara_bursztynowicz","9":"tag-breaking-news","10":"tag-breakingnews","11":"tag-featured-news","12":"tag-featurednews","13":"tag-headlines","14":"tag-katarzyna_zillmann","15":"tag-latest-news","16":"tag-latestnews","17":"tag-maurycy_popiel","18":"tag-mikolaj_bagi_baginski","19":"tag-naglowki","20":"tag-najwazniejsze-artykuly","21":"tag-nat_styl","22":"tag-news","23":"tag-newsy","24":"tag-omp","25":"tag-pl","26":"tag-poland","27":"tag-polish","28":"tag-polska","29":"tag-polski","30":"tag-rewquiz_tst2","31":"tag-screening_general","32":"tag-taniec_z_gwiazdami","33":"tag-top-stories","34":"tag-topstories","35":"tag-wiadomosci"},"share_on_mastodon":{"url":"https:\/\/pubeurope.com\/@pl\/115565317999758071","error":""},"_links":{"self":[{"href":"https:\/\/www.europesays.com\/pl\/wp-json\/wp\/v2\/posts\/105638","targetHints":{"allow":["GET"]}}],"collection":[{"href":"https:\/\/www.europesays.com\/pl\/wp-json\/wp\/v2\/posts"}],"about":[{"href":"https:\/\/www.europesays.com\/pl\/wp-json\/wp\/v2\/types\/post"}],"author":[{"embeddable":true,"href":"https:\/\/www.europesays.com\/pl\/wp-json\/wp\/v2\/users\/2"}],"replies":[{"embeddable":true,"href":"https:\/\/www.europesays.com\/pl\/wp-json\/wp\/v2\/comments?post=105638"}],"version-history":[{"count":0,"href":"https:\/\/www.europesays.com\/pl\/wp-json\/wp\/v2\/posts\/105638\/revisions"}],"wp:featuredmedia":[{"embeddable":true,"href":"https:\/\/www.europesays.com\/pl\/wp-json\/wp\/v2\/media\/105639"}],"wp:attachment":[{"href":"https:\/\/www.europesays.com\/pl\/wp-json\/wp\/v2\/media?parent=105638"}],"wp:term":[{"taxonomy":"category","embeddable":true,"href":"https:\/\/www.europesays.com\/pl\/wp-json\/wp\/v2\/categories?post=105638"},{"taxonomy":"post_tag","embeddable":true,"href":"https:\/\/www.europesays.com\/pl\/wp-json\/wp\/v2\/tags?post=105638"}],"curies":[{"name":"wp","href":"https:\/\/api.w.org\/{rel}","templated":true}]}}