{"id":105640,"date":"2025-11-17T13:39:10","date_gmt":"2025-11-17T13:39:10","guid":{"rendered":"https:\/\/www.europesays.com\/pl\/105640\/"},"modified":"2025-11-17T13:39:10","modified_gmt":"2025-11-17T13:39:10","slug":"nawet-sie-nie-wahal-szybko-wskazal-odpowiedzialnych-za-dlugi-w-zuzlu","status":"publish","type":"post","link":"https:\/\/www.europesays.com\/pl\/105640\/","title":{"rendered":"Nawet si\u0119 nie waha\u0142. Szybko wskaza\u0142 odpowiedzialnych za d\u0142ugi w \u017cu\u017clu!"},"content":{"rendered":"\n<p class=\"contentpart contentpart--default contentpart--text\" data-position=\"0\">Nie jest \u017cadn\u0105 tajemnic\u0105, \u017ce po sezonie 2025 dwa kluby w <a href=\"https:\/\/sportowefakty.wp.pl\/zuzel\/pge-ekstraliga\" rel=\"nofollow noopener\" target=\"_blank\">PGE Ekstraligi<\/a>\u00a0mia\u0142y spore problemy finansowe. Chodzi oczywi\u015bcie o <a href=\"https:\/\/sportowefakty.wp.pl\/zuzel\/gezet-stal-gorzow\" rel=\"nofollow noopener\" target=\"_blank\">Gezet Stal Gorz\u00f3w<\/a>, kt\u00f3ra musia\u0142a si\u0119 ratowa\u0107 kredytem konsolidacyjnym oraz <a href=\"https:\/\/sportowefakty.wp.pl\/zuzel\/wlokniarz-czestochowa\" rel=\"nofollow noopener\" target=\"_blank\">Krono-Plast W\u0142\u00f3kniarz Cz\u0119stochowa<\/a>, gdzie dosz\u0142o do zmiany w\u0142a\u015bciciela. <a href=\"https:\/\/sportowefakty.wp.pl\/zuzel\/bartlomiej-januszka\" rel=\"nofollow noopener\" target=\"_blank\">Bart\u0142omiej Januszka<\/a>\u00a0ze swoich prywatnych \u015brodk\u00f3w pokry\u0142 wszystkie zaleg\u0142o\u015bci, kt\u00f3rych uregulowanie by\u0142o niezb\u0119dne do przyst\u0105pienia do procesu licencyjnego.<\/p>\n<p>Zaskakuj\u0105cy komunikat<\/p>\n<p> <img role=\"presentation\" src=\"https:\/\/std.wpcdn.pl\/images\/adv\/placeholder_wp.svg\" loading=\"lazy\" alt=\"\" decoding=\"async\"\/>  <\/p>\n<p class=\"contentpart contentpart--default contentpart--text\" data-position=\"2\">Pomimo tych k\u0142opot\u00f3w, kilka dni temu Ekstraliga \u017bu\u017clowa oficjalnie potwierdzi\u0142a, \u017ce wszystkie kluby z dw\u00f3ch najwy\u017cszych poziom\u00f3w rozgrywkowych w naszym kraju mog\u0105 od 16 listopada kontraktowa\u0107 zawodnik\u00f3w. &#8211; Ekstraliga \u017bu\u017clowa jest pozytywnie zaskoczona standingiem finansowym klub\u00f3w &#8211; podkre\u015bla\u0142 <a href=\"https:\/\/sportowefakty.wp.pl\/zuzel\/ryszard-kowalski\" rel=\"nofollow noopener\" target=\"_blank\">Ryszard Kowalski<\/a>. &#8211; Kluby wydaj\u0105 posiadane \u015brodki rozs\u0105dnie nie komplikuj\u0105c swojej sytuacji finansowej &#8211; zako\u0144czy\u0142\u00a0wiceprezes E\u017b w komunikacie prasowym (wi\u0119cej <a href=\"https:\/\/sportowefakty.wp.pl\/zuzel\/1219361\/wazny-komunikat-ekstraligi-zuzlowej-wiemy-co-dalej-ze-stala-gorzow\" rel=\"nofollow noopener\" target=\"blank\">TUTAJ<\/a>).<\/p>\n<p class=\"contentpart contentpart--default contentpart--text\" data-position=\"3\">ZOBACZ WIDEO:\u00a0&#8222;S\u0142abej baletnicy przeszkadza r\u0105bek u sp\u00f3dnicy\u201d. Bajerski bez pardonu o by\u0142ych podopiecznych<\/p>\n<p class=\"contentpart contentpart--default contentpart--text\" data-position=\"5\">Ta wypowied\u017a zaszokowa\u0142a wielu kibic\u00f3w. Z jednej strony s\u0142ycha\u0107 by\u0142o, \u017ce nie we wszystkich o\u015brodkach \u017cu\u017clowych kondycja finansowa jest najlepsza, a z drugiej przedstawiciel Ekstraligi \u017bu\u017clowej informuje, \u017ce podmiot zarz\u0105dzaj\u0105cy rozgrywkami jest pozytywnie zaskoczony standingiem finansowym klub\u00f3w.<\/p>\n<p class=\"contentpart contentpart--default contentpart--text\" data-position=\"6\"><a href=\"https:\/\/sportowefakty.wp.pl\/zuzel\/andrzej-witkowski\" rel=\"nofollow noopener\" target=\"_blank\">Andrzej Witkowski<\/a>, a wi\u0119c wieloletni prezes Polskiego Zwi\u0105zku Motorowego w rozmowie z WP SportoweFakty zaznacza, \u017ce wiadomo\u015b\u0107 o braku zaleg\u0142o\u015bci jest pozytywn\u0105 nowin\u0105. Natomiast pod dyskusj\u0119 pozostawia pytanie, czy \u015brodki finansowe s\u0105 dobrze wydawane. Mimo wszystko cieszy si\u0119, \u017ce w przysz\u0142ym roku wystartuj\u0105 wszystkie dru\u017cyny, poniewa\u017c zadecydowa\u0142 sport. W jego opinii przykro by by\u0142o, gdyby kto\u015b straci\u0142 miejsce w PGE Ekstralidze lub Metalkas 2. Ekstralidze ze wzgl\u0119d\u00f3w pozasportowych.<\/p>\n<p> <img role=\"presentation\" src=\"https:\/\/std.wpcdn.pl\/images\/adv\/placeholder_wp.svg\" loading=\"lazy\" alt=\"\" decoding=\"async\"\/>  <\/p>\n<p>Prezesi &#8211; najs\u0142absze ogniwo \u017cu\u017cla?<\/p>\n<p class=\"contentpart contentpart--default contentpart--text\" data-position=\"8\">Pami\u0119ta on jednak, \u017ce gdy w przesz\u0142o\u015bci kluby posiada\u0142y mniejsze bud\u017cety i mia\u0142y takie same problemy, jak teraz, kiedy pieni\u0105dze w \u017cu\u017clu s\u0105 o wiele wi\u0119ksze. Mo\u017cna si\u0119 wi\u0119c zastanawia\u0107, czy winni tych sytuacji nie s\u0105 prezesi, kt\u00f3rzy po prostu nie wydaj\u0105 pieni\u0119dzy w racjonalny spos\u00f3b. By\u0107 mo\u017ce niedopuszczenie kt\u00f3rego\u015b z klub\u00f3w do rozgrywek wys\u0142a\u0142oby jasny sygna\u0142 ostrzegawczy do innych w\u0142odarzy.<\/p>\n<p class=\"contentpart contentpart--default contentpart--text\" data-position=\"9\">&#8211; Ich w og\u00f3le to nie interesuje. To nie ma \u017cadnego znaczenia. Najs\u0142abszym ogniwem s\u0105 prezesi. Mo\u017cna zapomnie\u0107, \u017ce kt\u00f3rykolwiek z nich przejmie\u00a0si\u0119 tym, \u017ce klub &#8222;X&#8221; spad\u0142, bo nie mia\u0142 pieni\u0119dzy. On my\u015bli, \u017ce jego to nie dotyczy. Ci\u0105gle zastanawia si\u0119 tylko jak zdoby\u0107 mistrzostwo Polski lub dosta\u0107 do play-off\u00f3w. To mu da uznanie \u015brodowiska &#8211; m\u00f3wi Witkowski.<\/p>\n<p> <img role=\"presentation\" src=\"https:\/\/std.wpcdn.pl\/images\/adv\/placeholder_wp.svg\" loading=\"lazy\" alt=\"\" decoding=\"async\"\/>  <\/p>\n<p class=\"contentpart contentpart--default contentpart--text\" data-position=\"10\">Jak zaznacza, mamy gospodark\u0119 wolnorynkow\u0105, dlatego nie da si\u0119 w \u017caden spos\u00f3b ograniczy\u0107 wysoko\u015bci kontrakt\u00f3w. W przesz\u0142o\u015bci zreszt\u0105 polskie w\u0142adze \u017cu\u017cla zosta\u0142y ukarane przez Prezesa Urz\u0119du Ochrony Konkurencji i Konsument\u00f3w za\u00a0ustalenie maksymalnych stawek wynagrodze\u0144 dla \u017cu\u017clowc\u00f3w.<\/p>\n<p class=\"contentpart contentpart--default contentpart--text\" data-position=\"11\">&#8211; W tej sprawie nic nie mo\u017cna zrobi\u0107. Po sko\u0144czeniu si\u0119 kontraktu z telewizj\u0105 mo\u017ce si\u0119 okaza\u0107, \u017ce nie ma tak du\u017cych pieni\u0119dzy. Nie da si\u0119 \u015brodkami finansowymi regulowa\u0107 rywalizacji sportowej. Wszystko zale\u017cy od ludzi. S\u0105 prezesi, w\u0142adze sp\u00f3\u0142ek czy rady nadzorcze, kt\u00f3rzy znaj\u0105 si\u0119 na pieni\u0105dzach, a i tak takie rzeczy robi\u0105. Musia\u0142aby by\u0107 kultura w spo\u0142ecze\u0144stwie na wy\u017cszym poziomie, ale to nie dotyczy tylko sportu \u017cu\u017clowego &#8211; podsumowuje nasz rozm\u00f3wca.<\/p>\n<p class=\"contentpart contentpart--default contentpart--text\" data-position=\"12\">Mateusz Kmiecik, dziennikarz WP SportoweFakty<\/p>\n","protected":false},"excerpt":{"rendered":"Nie jest \u017cadn\u0105 tajemnic\u0105, \u017ce po sezonie 2025 dwa kluby w PGE Ekstraligi\u00a0mia\u0142y spore problemy finansowe. Chodzi oczywi\u015bcie&hellip;\n","protected":false},"author":2,"featured_media":105641,"comment_status":"","ping_status":"","sticky":false,"template":"","format":"standard","meta":{"footnotes":""},"categories":[24],"tags":[23468,1325,10449,1334,42,38,40,39,41,23467,127,126,174],"class_list":{"0":"post-105640","1":"post","2":"type-post","3":"status-publish","4":"format-standard","5":"has-post-thumbnail","7":"category-sport","8":"tag-andrzej-witkowski","9":"tag-gezet-stal-gorzow","10":"tag-krono-plast-wlokniarz-czestochowa","11":"tag-pge-ekstraliga","12":"tag-pl","13":"tag-poland","14":"tag-polish","15":"tag-polska","16":"tag-polski","17":"tag-ryszard-kowalski","18":"tag-sport","19":"tag-sports","20":"tag-zuzel"},"share_on_mastodon":{"url":"https:\/\/pubeurope.com\/@pl\/115565321492107516","error":""},"_links":{"self":[{"href":"https:\/\/www.europesays.com\/pl\/wp-json\/wp\/v2\/posts\/105640","targetHints":{"allow":["GET"]}}],"collection":[{"href":"https:\/\/www.europesays.com\/pl\/wp-json\/wp\/v2\/posts"}],"about":[{"href":"https:\/\/www.europesays.com\/pl\/wp-json\/wp\/v2\/types\/post"}],"author":[{"embeddable":true,"href":"https:\/\/www.europesays.com\/pl\/wp-json\/wp\/v2\/users\/2"}],"replies":[{"embeddable":true,"href":"https:\/\/www.europesays.com\/pl\/wp-json\/wp\/v2\/comments?post=105640"}],"version-history":[{"count":0,"href":"https:\/\/www.europesays.com\/pl\/wp-json\/wp\/v2\/posts\/105640\/revisions"}],"wp:featuredmedia":[{"embeddable":true,"href":"https:\/\/www.europesays.com\/pl\/wp-json\/wp\/v2\/media\/105641"}],"wp:attachment":[{"href":"https:\/\/www.europesays.com\/pl\/wp-json\/wp\/v2\/media?parent=105640"}],"wp:term":[{"taxonomy":"category","embeddable":true,"href":"https:\/\/www.europesays.com\/pl\/wp-json\/wp\/v2\/categories?post=105640"},{"taxonomy":"post_tag","embeddable":true,"href":"https:\/\/www.europesays.com\/pl\/wp-json\/wp\/v2\/tags?post=105640"}],"curies":[{"name":"wp","href":"https:\/\/api.w.org\/{rel}","templated":true}]}}