{"id":105711,"date":"2025-11-17T14:27:17","date_gmt":"2025-11-17T14:27:17","guid":{"rendered":"https:\/\/www.europesays.com\/pl\/105711\/"},"modified":"2025-11-17T14:27:17","modified_gmt":"2025-11-17T14:27:17","slug":"wlosi-podbijaja-stawke-w-wyscigu-o-polska-orke","status":"publish","type":"post","link":"https:\/\/www.europesays.com\/pl\/105711\/","title":{"rendered":"W\u0142osi podbijaj\u0105 stawk\u0119 w wy\u015bcigu o polsk\u0105 Ork\u0119"},"content":{"rendered":"<p>   <a href=\"https:\/\/defence24.pl\/strona-autora\/jakub-palowski\" target=\"_self\" class=\"article-author__wrap\" rel=\"nofollow noopener\"><img loading=\"lazy\" decoding=\"async\" src=\"https:\/\/www.europesays.com\/pl\/wp-content\/uploads\/2025\/10\/6YClogTPDZJKVQypdeKBTHg9UnGMtWYtfQZ7H3E0.mksc.jpg\" alt=\"\"  width=\"100\" height=\"100\" author=\"Robert Suchy, Defence24\" caption=\"\" fullscreen=\"https:\/\/cdn.defence24.pl\/2021\/12\/13\/1920xpx\/2021\/12\/13\/originals\/6YClogTPDZJKVQypdeKBTHg9UnGMtWYtfQZ7H3E0.h8b9.jpg\" class=\"img article-author__avatar img-avatar\"\/><br \/>\n          Jakub Palowski<br \/>\n        <\/a>  <\/p>\n<p>W\u0142oski rz\u0105d na ostatniej prostej zdecydowa\u0142 si\u0119 na rozszerzenie swojej oferty w polskim programie okr\u0119t\u00f3w podwodnych Orka.<\/p>\n<p> <img decoding=\"async\" src=\"https:\/\/www.europesays.com\/pl\/wp-content\/uploads\/2025\/11\/iUULxwHLKWBcgUeEuzzWiblZMDuPCIRzKFXZZSrp.zlmm.png\" alt=\"Wizualizacja miniaturowego okr\u0119tu podwodnego oferowanego przez w\u0142oskie przedsi\u0119biorstwo M23 s.r.l.\"  width=\"800\" height=\"450\" author=\"M23 s.r.l.\" fetchpriority=\"high\" class=\"img image-with-caption__image\"\/><br \/>\n        Wizualizacja miniaturowego okr\u0119tu podwodnego oferowanego przez w\u0142oskie przedsi\u0119biorstwo M23 s.r.l.<br \/>\n       <br \/>Autor. M23 s.r.l.<\/p>\n<p class=\"paragraph-module\">Obecnie trwaj\u0105 prace nad wyborem oferty rz\u0105dowej w polskim programie okr\u0119t\u00f3w podwodnych Orka. Co istotne, wyb\u00f3r nie le\u017cy w gestii MON, ale mi\u0119dzyresortowego zespo\u0142u. Pod uwag\u0119 brane s\u0105 propozycje Niemiec, Francji, Szwecji, W\u0142och, Hiszpanii i Republiki Korei. W\u0142ochy zdecydowa\u0142y niedawno o poszerzeniu swojej oferty. Z nieoficjalnych informacji, do kt\u00f3rych dotar\u0142 Defence24.pl wynika, \u017ce oferta rz\u0105du W\u0142och w programie Orka zawiera nie tylko okr\u0119ty podwodne projektu U212 NFS, ale tak\u017ce miniaturowe jednostki M23 C-Series.<\/p>\n<p class=\"paragraph-module\">Decyzja, jak\u0105 podj\u0119li W\u0142osi, ma jednak szerszy kontekst. Polski program okr\u0119t\u00f3w podwodnych jest uznawany za jeden z najwa\u017cniejszych w Europie dla przemys\u0142\u00f3w stoczniowych poszczeg\u00f3lnych oferent\u00f3w. Jednocze\u015bnie, w wypadku uzyskania polskiego kontraktu, w\u0142oski przemys\u0142 musia\u0142by ponosi\u0107 znaczne koszty op\u0142at licencyjnych wzgl\u0119dem strony niemieckiej (to niemiecki przemys\u0142 opracowa\u0142 okr\u0119t b\u0119d\u0105cy baz\u0105 dla U212 NFS), kt\u00f3ra r\u00f3wnie\u017c konkuruje w tym programie. Mo\u017ce to wywiera\u0107 wp\u0142yw na atrakcyjno\u015b\u0107 w\u0142oskiej oferty. I dlatego zdecydowano si\u0119 na dodanie jednostek typu M23 do w\u0142oskiej propozycji.<\/p>\n<p>  M23 oferowana dla Polski  <\/p>\n<p class=\"paragraph-module\">Kwestia oferowania Polsce miniaturowego okr\u0119tu podwodnego typu M23 pojawi\u0142a si\u0119 oficjalnie (bo o takiej mo\u017cliwo\u015bci m\u00f3wi\u0142o si\u0119 ju\u017c wcze\u015bniej) w lutym bie\u017c\u0105cego roku, gdy delegacja resortu obrony pod przewodnictwem sekretarza stanu Paw\u0142a Bejdy odwiedzi\u0142a <a href=\"https:\/\/defence24.pl\/sily-zbrojne\/rosjanie-drony-i-atomowy-lotniskowiec-wlochy-sie-budza\" rel=\"nofollow noopener\" target=\"_blank\">W\u0142ochy<\/a>. Jak w\u00f3wczas <a href=\"https:\/\/www.gov.pl\/web\/obrona-narodowa\/wiceminister-p-bejda-z-wizyta-we-wloszech\" rel=\"nofollow noopener\" target=\"_blank\">podsumowa\u0142y<\/a> s\u0142u\u017cby prasowe MON, celem wizyty by\u0142o \u201epog\u0142\u0119bienie wsp\u00f3\u0142pracy polsko-w\u0142oskiej w zakresie obronno\u015bci, w tym zapoznanie si\u0119 z najnowszymi osi\u0105gni\u0119ciami w\u0142oskiego przemys\u0142u w dziedzinie techniki morskiej\u201d. Polsk\u0105 grup\u0119 ugoszczono mi\u0119dzy innymi w siedzibie przedsi\u0119biorstwa M23 s.r.l. w miejscowo\u015bci Ciserano ko\u0142o Bergamo, kt\u00f3re we wsp\u00f3\u0142pracy z biurem projektowym GSE Trieste konstruuje i buduje miniaturowe okr\u0119ty podwodne typoszeregu C-Series.<\/p>\n<p class=\"paragraph-module\">Dzie\u0144 p\u00f3\u017aniej polska delegacja <a href=\"https:\/\/defence24.pl\/przemysl\/minister-bejda-we-wloszech-wsrod-tematow-orka\" rel=\"nofollow noopener\" target=\"_blank\">odwiedzi\u0142a La Spezi\u0119<\/a> oraz stoczni\u0119 <a href=\"https:\/\/defence24.pl\/sily-zbrojne\/wlochy-z-wielozadaniowa-fregata-nowej-generacji\" rel=\"nofollow noopener\" target=\"_blank\">Fincantieri<\/a> w pobliskim Muggiano. Tam minister Bejda zapozna\u0142 si\u0119 z programem budowy \u201epe\u0142nowymiarowych\u201d w\u0142oskich okr\u0119t\u00f3w podwodnych projektu U212 NFS, kt\u00f3re s\u0105 te\u017c oferowane stronie polskiej w programie Okr\u0119tu Podwodnego Nowego Typu <a href=\"https:\/\/defence24.pl\/przemysl\/mon-dopytuje-ws-orki-dla-marynarki-wojennej\" rel=\"nofollow noopener\" target=\"_blank\">Orka<\/a>. Jak dot\u0105d Rzym zam\u00f3wi\u0142 cztery jednostki na potrzeby Marina Militare. Przedsi\u0119biorstwo Fincantieri, kt\u00f3rego wi\u0119kszo\u015bciowym udzia\u0142owcem jest w\u0142oski pa\u0144stwowy bank inwestycyjny, prowadzi szerok\u0105 <a href=\"https:\/\/defence24.pl\/polityka-obronna\/wloskie-fremm-y-dla-grecji-kolejna-flota-zwieksza-mozliwosci-zwalczania-celow-powietrznych\" rel=\"nofollow noopener\" target=\"_blank\">kampani\u0119 eksportow\u0105<\/a>. Przyk\u0142adowo, p\u00f3\u0142 roku temu Fincantieri i niemiecki TKMS podpisa\u0142y porozumienie o wsp\u00f3\u0142pracy, by zaoferowa\u0107 okr\u0119ty podwodne <a href=\"https:\/\/defence24.pl\/przemysl\/azjatycka-orka-niemcy-i-wlochy-razem-oferuja-okrety-podwodne\" rel=\"nofollow noopener\" target=\"_blank\">rz\u0105dowi Filipin<\/a>.<\/p>\n<p class=\"paragraph-module\">W kwietniu kolejna delegacja pod przewodnictwem ministra Bejdy uda\u0142a si\u0119 na <a href=\"https:\/\/defence24.pl\/polityka-obronna\/polsko-wloskie-rozmowy-o-orce-i-amunicji\" rel=\"nofollow noopener\" target=\"_blank\">spotkanie ze stron\u0105 w\u0142osk\u0105<\/a> w ambasadzie tego kraju w Warszawie. W\u00f3wczas przeprowadzono kolejn\u0105 rund\u0119 rozm\u00f3w o udziale w\u0142oskiego rz\u0105du i przemys\u0142u w <a href=\"https:\/\/defence24.pl\/przemysl\/czy-orka-przyplynie-z-wloch-szczegoly-oferty-fincantieri\" rel=\"nofollow noopener\" target=\"_blank\">programie Orka<\/a>. W maju dosz\u0142o do drugiego w tym roku <a href=\"https:\/\/www.gov.pl\/web\/obrona-narodowa\/spotkanie-wiceministra-bejdy-z-wiceministrem-obrony-wloch\" rel=\"nofollow noopener\" target=\"_blank\">spotkania Bejdy<\/a> z Matteo Perego di Cremnago, wiceministrem obrony W\u0142och. W czerwcu sekretarz stanu w MON znowu <a href=\"https:\/\/www.gov.pl\/web\/obrona-narodowa\/spotkanie-wiceministra-p-bejdy-z-delegacja-wloskiej-firmy-m23-srl\" rel=\"nofollow noopener\" target=\"_blank\">uda\u0142 si\u0119 do W\u0142och<\/a>, by rozmawia\u0107 o miniaturowych okr\u0119tach podwodnych M23. Obok prezesa M23 s.r.l. Bruno Peracchiego w spotkaniu uczestniczy\u0142 te\u017c ambasador W\u0142och w Polsce Luca Franchetti Pardo. Jak stwierdzono w komunikacie MON, \u201ete innowacyjne jednostki mog\u0105 stanowi\u0107 interesuj\u0105ce uzupe\u0142nienie dla polskiego <a href=\"https:\/\/defence24.pl\/przemysl\/orka-nie-doplynie-na-czas-news-defence-24\" rel=\"nofollow noopener\" target=\"_blank\">programu Orka<\/a>, kt\u00f3rego celem jest pozyskanie nowoczesnych okr\u0119t\u00f3w podwodnych dla Marynarki Wojennej RP\u201d.<\/p>\n<p class=\"paragraph-module\">Mimo uspokajaj\u0105cego tonu w komunikatach MON, wielu komentator\u00f3w podnosi\u0142o argument, jakoby miniaturowe jednostki stanowi\u0142y swoistego konia troja\u0144skiego w programie Orka, zagra\u017caj\u0105c zakupowi \u201epe\u0142nowymiarowych\u201d okr\u0119t\u00f3w podwodnych. Jak dowiedzia\u0142 si\u0119 Defence24, ryzyko takiego scenariusza jest niewielkie. Zgodnie z przyj\u0119tym przez resort obrony za\u0142o\u017ceniem oferty w programie Orka sk\u0142adaj\u0105 nie podmioty gospodarcze, lecz rz\u0105dy. Celem jest podpisanie przez MON umowy na szczeblu mi\u0119dzyrz\u0105dowym, co wielokrotnie podkre\u015bli\u0142 wicepremier W\u0142adys\u0142aw Kosiniak-Kamysz. W\u0142ochy wysz\u0142y naprzeciw polskiemu zainteresowaniu okr\u0119tami M23 i obj\u0119\u0142y swoj\u0105 ofert\u0105 zar\u00f3wno pe\u0142ne, klasyczne jednostki U212 NFS, jak i miniaturowe okr\u0119ty, traktuj\u0105c je jako komplementarne w jednej ofercie. Nie jest przy tym tajemnic\u0105, \u017ce o ile ma\u0142e jednostki nie zast\u0119puj\u0105 konwencjonalnych okr\u0119t\u00f3w podwodnych, to mog\u0105 zapewni\u0107 okre\u015blone zdolno\u015bci, w tym tak\u017ce w kontek\u015bcie szybszego ni\u017c w wypadku wy\u0142\u0105cznie dostawy nowych Orek budowania potencja\u0142u ju\u017c w oparciu o nowo budowane jednostki i nowe technologie.<\/p>\n<p class=\"paragraph-module\">Przedsi\u0119biorstwa Fincantieri i M23 nie s\u0105 powi\u0105zane instytucjonalnie, lecz w przesz\u0142o\u015bci zdarza\u0142o si\u0119, \u017ce sk\u0142ada\u0142y komplementarne oferty jednemu klientowi. W styczniu 2020 r. przedstawiciele katarskiego pa\u0144stwowego holdingu Barzan i stoczni Fincantieri podpisali umow\u0119 o strategicznym partnerstwie. Clou programu stanowi\u0142y dostawy nowoczesnych okr\u0119t\u00f3w, zar\u00f3wno nawodnych, jak i podwodnych. Cztery lata p\u00f3\u017aniej w serwisie \u201eNaval News\u201d analityk okr\u0119t\u00f3w podwodnych <a href=\"https:\/\/www.navalnews.com\/naval-news\/2024\/09\/first-clear-images-of-the-italian-submarines-being-built-for-qatar\/\" rel=\"nofollow noopener\" target=\"_blank\">H I Sutton<\/a> opublikowa\u0142 fotografie miniaturowych okr\u0119t\u00f3w podwodnych M23 C-Series na pr\u00f3bach morskich u wybrze\u017cy La Spezii, stawiaj\u0105c hipotez\u0119, \u017ce s\u0105 to jednostki przeznaczone dla Kataru. Do podobnego wniosku doszed\u0142 <a href=\"https:\/\/aresdifesa.it\/prove-in-mare-per-il-sottomarino-italiano-m23-serie-c-del-qatar\/\" rel=\"nofollow noopener\" target=\"_blank\">Giacomo Cavanna<\/a> na \u0142amach \u201eAres Osservatorio Difesa\u201d.<\/p>\n<p>  <img  alt=\"Wizualizacja w\u0142oskiego okr\u0119tu podwodnego projektu U212 NFS.\" width=\"780\" author=\"OCCAR\" class=\"img image-with-caption__image\"\/><br \/>\n        Wizualizacja w\u0142oskiego okr\u0119tu podwodnego projektu U212 NFS.<br \/>\n       <br \/>Autor. OCCAR<br \/>\n           Co dalej?  <\/p>\n<p class=\"paragraph-module\">Wcze\u015bniej <a href=\"https:\/\/defence24.pl\/polityka-obronna\/szwedzka-oferta-w-orce-z-brytyjskim-poparciem\" rel=\"nofollow noopener\" target=\"_blank\">podobny ruch (cho\u0107 w inny spos\u00f3b) wykonali Szwedzi, kt\u00f3rzy podj\u0119li wsp\u00f3\u0142prac\u0119 z brytyjskim przemys\u0142em,<\/a> W tym kontek\u015bcie decyzja Rzymu to z jednej strony pr\u00f3ba wyj\u015bcia naprzeciw potrzebom Polski, z drugiej \u2013 zmniejszenia skutk\u00f3w obci\u0105\u017ce\u0144, z kt\u00f3rymi wi\u0105\u017ce si\u0119 budowanie okr\u0119tu na licencji. Program Orka jest pod wieloma wzgl\u0119dami bezprecedensowy, cho\u0107by dlatego, \u017ce oferty s\u0105 oficjalnie oceniane na poziomie rz\u0105dowym. O tym, jaki b\u0119dzie fina\u0142, powinni\u015bmy przekona\u0107 si\u0119 w najbli\u017cszych tygodniach.<\/p>\n","protected":false},"excerpt":{"rendered":"Jakub Palowski W\u0142oski rz\u0105d na ostatniej prostej zdecydowa\u0142 si\u0119 na rozszerzenie swojej oferty w polskim programie okr\u0119t\u00f3w podwodnych&hellip;\n","protected":false},"author":2,"featured_media":105712,"comment_status":"","ping_status":"","sticky":false,"template":"","format":"standard","meta":{"footnotes":""},"categories":[5],"tags":[3139,32,33,23497,36,37,23485,23500,23499,27,34,35,23483,23498,23493,23489,23486,23501,23490,8660,1587,4059,23484,28,31,23495,25,23488,23492,766,23491,23496,767,42,38,40,39,41,23487,3236,29,30,23494,435,26,898],"class_list":{"0":"post-105711","1":"post","2":"type-post","3":"status-publish","4":"format-standard","5":"has-post-thumbnail","7":"category-naglowki","8":"tag-baltyk","9":"tag-breaking-news","10":"tag-breakingnews","11":"tag-c-series","12":"tag-featured-news","13":"tag-featurednews","14":"tag-fincantieri","15":"tag-giunio-santi-engineering","16":"tag-gse-trieste","17":"tag-headlines","18":"tag-latest-news","19":"tag-latestnews","20":"tag-m23","21":"tag-m23-c-series","22":"tag-m23-s-r-l","23":"tag-marina-militare","24":"tag-marynarka-wojenna-rp","25":"tag-midget-submarine","26":"tag-miniaturowy-okret-podwodny","27":"tag-ministerstwo-obrony-narodowej","28":"tag-mon","29":"tag-morze-baltyckie","30":"tag-muggiano","31":"tag-naglowki","32":"tag-najwazniejsze-artykuly","33":"tag-near-future-submarine","34":"tag-news","35":"tag-okret-podwodny","36":"tag-okret-podwodny-nowego-typu","37":"tag-okrety-podwodne","38":"tag-opnt","39":"tag-opnt-orka","40":"tag-orka","41":"tag-pl","42":"tag-poland","43":"tag-polish","44":"tag-polska","45":"tag-polski","46":"tag-program-orka","47":"tag-rzym","48":"tag-top-stories","49":"tag-topstories","50":"tag-u212-nfs","51":"tag-warszawa","52":"tag-wiadomosci","53":"tag-wlochy"},"share_on_mastodon":{"url":"","error":"Validation failed: Text character limit of 500 exceeded"},"_links":{"self":[{"href":"https:\/\/www.europesays.com\/pl\/wp-json\/wp\/v2\/posts\/105711","targetHints":{"allow":["GET"]}}],"collection":[{"href":"https:\/\/www.europesays.com\/pl\/wp-json\/wp\/v2\/posts"}],"about":[{"href":"https:\/\/www.europesays.com\/pl\/wp-json\/wp\/v2\/types\/post"}],"author":[{"embeddable":true,"href":"https:\/\/www.europesays.com\/pl\/wp-json\/wp\/v2\/users\/2"}],"replies":[{"embeddable":true,"href":"https:\/\/www.europesays.com\/pl\/wp-json\/wp\/v2\/comments?post=105711"}],"version-history":[{"count":0,"href":"https:\/\/www.europesays.com\/pl\/wp-json\/wp\/v2\/posts\/105711\/revisions"}],"wp:featuredmedia":[{"embeddable":true,"href":"https:\/\/www.europesays.com\/pl\/wp-json\/wp\/v2\/media\/105712"}],"wp:attachment":[{"href":"https:\/\/www.europesays.com\/pl\/wp-json\/wp\/v2\/media?parent=105711"}],"wp:term":[{"taxonomy":"category","embeddable":true,"href":"https:\/\/www.europesays.com\/pl\/wp-json\/wp\/v2\/categories?post=105711"},{"taxonomy":"post_tag","embeddable":true,"href":"https:\/\/www.europesays.com\/pl\/wp-json\/wp\/v2\/tags?post=105711"}],"curies":[{"name":"wp","href":"https:\/\/api.w.org\/{rel}","templated":true}]}}