{"id":105713,"date":"2025-11-17T14:29:15","date_gmt":"2025-11-17T14:29:15","guid":{"rendered":"https:\/\/www.europesays.com\/pl\/105713\/"},"modified":"2025-11-17T14:29:15","modified_gmt":"2025-11-17T14:29:15","slug":"tomasz-fornal-blisko-powrotu-do-plusligi-to-bylaby-transferowa-bomba","status":"publish","type":"post","link":"https:\/\/www.europesays.com\/pl\/105713\/","title":{"rendered":"Tomasz Fornal blisko powrotu do PlusLigi? To by\u0142aby transferowa bomba!"},"content":{"rendered":"<p>Tomasz Fornal po latach sp\u0119dzonych w PlusLidze zdecydowa\u0142 si\u0119 na zmiany. W sezonie 2025\/2026 Polak broni barw tureckiego Ziraatu Ankary. Zdaniem Jakuba Balcerzaka przyjmuj\u0105cy jest jednak blisko powrotu do ojczyzny! Pozyskaniem rycerza Grbicia jest zainteresowany Aluron CMC Warta Zawiercie.<\/p>\n<p>Szybki powr\u00f3t?<\/p>\n<p><a href=\"https:\/\/siatka.org\/pokaz\/transfery-tomasz-fornal-ziraat-bankasi-ankara\/\" rel=\"nofollow noopener\" target=\"_blank\">Tomasz Fornal ma by\u0107 blisko powrotu do PlusLigi<\/a>. Tak\u0105 informacj\u0119 w poniedzia\u0142ek poda\u0142 na platformie X Jakub Balcerzak. Jego zdaniem zainteresowany pozyskaniem przyjmuj\u0105cego jest Aluron CMC Warta Zawiercie. \u015aci\u0105gni\u0119cie przyjmuj\u0105cego przez wicemistrza Polski z pewno\u015bci\u0105 zrobi\u0142oby troch\u0119 zamieszania. Nie od dzi\u015b wiadomo, \u017ce Fornal to marka, za kt\u00f3r\u0105 idzie rzesza kibic\u00f3w. Klub, jak i sponsorzy, zapewne zacieraj\u0105 r\u0119ce na mo\u017cliwy \u201eefekt Leona\u201d w nowym wydaniu. <\/p>\n<p>Cho\u0107 sezon ligowy dopiero si\u0119 rozpocz\u0105\u0142, to nikogo nie dziwi\u0105 tak wczesne doniesienia o transferach. Czo\u0142owi gracze s\u0105 podpisywani na d\u0142ugo przed startem rozgrywek, a rozmowy tocz\u0105 si\u0119 za kulisami zapewne nie od dzi\u015b. <\/p>\n<p>Kryspin Baran zn\u00f3w zaskakuje<\/p>\n<p>28-latek dotychczas zwi\u0105zany by\u0142 z PlusLig\u0105. Na zmiany zdecydowa\u0142 si\u0119 dopiero po sezonie 2024\/2025, <a href=\"https:\/\/siatka.org\/pokaz\/tomasz-fornal-transfer-ziraat-telewizyjny-wywiad\/\" rel=\"nofollow noopener\" target=\"_blank\">opuszczaj\u0105c szeregi JSW Jastrz\u0119bskiego W\u0119gla<\/a>. To w\u0142a\u015bnie z jastrz\u0119bianami przyjmuj\u0105cy wskoczy\u0142 na najwy\u017cszy poziom, zdobywaj\u0105c niemal wszystko. Wyj\u0105tkiem dalej pozostaje z\u0142oto Ligi Mistrz\u00f3w. Po wszystkich owocnych sezonach przyszed\u0142 czas na przeprowadzk\u0119, a siatkarz obra\u0142 kurs na coraz popularniejsz\u0105 tureck\u0105 ekstraklas\u0119. <\/p>\n<p><a href=\"https:\/\/siatka.org\/pokaz\/superpuchar-turcji-ziraat-ankara-fenerbahce-stambul\/\" rel=\"nofollow noopener\" target=\"_blank\">W bie\u017c\u0105cym sezonie jest czo\u0142owym graczem Ziraatu Bankkart Ankara, z kt\u00f3rym zdoby\u0142 ju\u017c Superpuchar Turcji<\/a>. Klub z Ankary wyda\u0142 na tegoroczne wzmocnienia fortun\u0119, o czym \u015bwiadczy najlepiej obecno\u015b\u0107 na parkiecie Fornala wraz z Nimirem Abdel-Azizem i Trevorem Clevenotem. Na ten moment szczeg\u00f3\u0142\u00f3w co do przenosin rycerza Grbicia do Zawiercia brakuje, lecz jest to opcja zapewne kusz\u0105ca, bior\u0105c pod lup\u0119 poczynania prezesa Kryspina Barana. Trener Micha\u0142 Winiarski ma w Warcie z kim pracowa\u0107, a w\u0142odarz wicemistrza Polski ponad rok temu bliski by\u0142 pozyskania Wilfredo Leona. Transferu nie uda\u0142o si\u0119 jednak sfinalizowa\u0107, a reprezentant Polski wybra\u0142 LUK Lublin, si\u0119gaj\u0105c z dru\u017cyn\u0105 po historyczne mistrzostwo. <\/p>\n<p>Zobacz r\u00f3wnie\u017c:<\/p>\n<p><a href=\"https:\/\/siatka.org\/pokaz\/dawid-dulski-liga-francuska-wywiad\/\" rel=\"nofollow noopener\" target=\"_blank\">Nadzieja polskiej siatk\u00f3wki podbija lig\u0119 za granic\u0105. \u201eWewn\u0119trznie czuj\u0119, \u017ce to dobry kierunek\u201d<br \/><\/a><\/p>\n","protected":false},"excerpt":{"rendered":"Tomasz Fornal po latach sp\u0119dzonych w PlusLidze zdecydowa\u0142 si\u0119 na zmiany. W sezonie 2025\/2026 Polak broni barw tureckiego&hellip;\n","protected":false},"author":2,"featured_media":105714,"comment_status":"","ping_status":"","sticky":false,"template":"","format":"standard","meta":{"footnotes":""},"categories":[24],"tags":[42,38,40,39,41,127,126],"class_list":{"0":"post-105713","1":"post","2":"type-post","3":"status-publish","4":"format-standard","5":"has-post-thumbnail","7":"category-sport","8":"tag-pl","9":"tag-poland","10":"tag-polish","11":"tag-polska","12":"tag-polski","13":"tag-sport","14":"tag-sports"},"share_on_mastodon":{"url":"","error":""},"_links":{"self":[{"href":"https:\/\/www.europesays.com\/pl\/wp-json\/wp\/v2\/posts\/105713","targetHints":{"allow":["GET"]}}],"collection":[{"href":"https:\/\/www.europesays.com\/pl\/wp-json\/wp\/v2\/posts"}],"about":[{"href":"https:\/\/www.europesays.com\/pl\/wp-json\/wp\/v2\/types\/post"}],"author":[{"embeddable":true,"href":"https:\/\/www.europesays.com\/pl\/wp-json\/wp\/v2\/users\/2"}],"replies":[{"embeddable":true,"href":"https:\/\/www.europesays.com\/pl\/wp-json\/wp\/v2\/comments?post=105713"}],"version-history":[{"count":0,"href":"https:\/\/www.europesays.com\/pl\/wp-json\/wp\/v2\/posts\/105713\/revisions"}],"wp:featuredmedia":[{"embeddable":true,"href":"https:\/\/www.europesays.com\/pl\/wp-json\/wp\/v2\/media\/105714"}],"wp:attachment":[{"href":"https:\/\/www.europesays.com\/pl\/wp-json\/wp\/v2\/media?parent=105713"}],"wp:term":[{"taxonomy":"category","embeddable":true,"href":"https:\/\/www.europesays.com\/pl\/wp-json\/wp\/v2\/categories?post=105713"},{"taxonomy":"post_tag","embeddable":true,"href":"https:\/\/www.europesays.com\/pl\/wp-json\/wp\/v2\/tags?post=105713"}],"curies":[{"name":"wp","href":"https:\/\/api.w.org\/{rel}","templated":true}]}}