{"id":105715,"date":"2025-11-17T14:30:16","date_gmt":"2025-11-17T14:30:16","guid":{"rendered":"https:\/\/www.europesays.com\/pl\/105715\/"},"modified":"2025-11-17T14:30:16","modified_gmt":"2025-11-17T14:30:16","slug":"walczak-oglasza-rozstanie-z-zillmann-tuz-po-finale-tanca-z-gwiazdami","status":"publish","type":"post","link":"https:\/\/www.europesays.com\/pl\/105715\/","title":{"rendered":"Walczak og\u0142asza rozstanie z Zillmann. Tu\u017c po finale &#8222;Ta\u0144ca z Gwiazdami&#8221;"},"content":{"rendered":"<p class=\"typography ids-typeset-body ids-typeset-body--preset-large link paragraph ids-paragraph ids-paragraph--default\">Katarzyna Zillmann i Julia Walczak by\u0142y jedn\u0105 z najg\u0142o\u015bniejszych sportowych par w Polsce ostatnich lat. Zillmann, kt\u00f3ra w lipcu 2021 roku wraz z kole\u017cankami z dru\u017cyny zdoby\u0142a srebrny medal na igrzyskach olimpijskich w czw\u00f3rce podw\u00f3jnej kobiet, publicznie pozdrowi\u0142a w\u00f3wczas swoj\u0105 partnerk\u0119. Okaza\u0142a si\u0119 ni\u0105 Julia Walczak &#8211; r\u00f3wnie\u017c zwi\u0105zana ze sportem. Od tamtej chwili obie ch\u0119tnie dzieli\u0142y si\u0119 swoim uczuciem, pojawia\u0142y si\u0119 razem na \u015bciankach i nie stroni\u0142y od czu\u0142ych gest\u00f3w przed obiektywami.<\/p>\n<p class=\"typography ids-typeset-body ids-typeset-body--preset-large link paragraph ids-paragraph ids-paragraph--default\">Walczak towarzyszy\u0142a te\u017c ukochanej podczas pierwszych odcink\u00f3w &#8222;Ta\u0144ca z Gwiazdami&#8221;. Widziano j\u0105 zar\u00f3wno w studiu, jak i na pr\u00f3bach, co tylko podkre\u015bla\u0142o ich blisko\u015b\u0107. Niespodziewanie jednak przesta\u0142a si\u0119 pojawia\u0107, a jej nieobecno\u015b\u0107 w p\u00f3\u0142finale programu wywo\u0142a\u0142a fal\u0119 spekulacji o kryzysie w zwi\u0105zku. Teraz wiadomo, \u017ce nie by\u0142y one bezpodstawne.<\/p>\n<p>Polskie medale we wio\u015blarstwie! Jakie s\u0105 oczekiwania? WIDEOPolsat SportPolsat Sport<\/p>\n<p>A jednak, to koniec. Julia Walczak og\u0142asza rozstanie z Katarzyn\u0105 Zillmann<\/p>\n<p class=\"typography ids-typeset-body ids-typeset-body--preset-large link paragraph ids-paragraph ids-paragraph--default\">Pod koniec sierpnia Julia opublikowa\u0142a na Instagramie kr\u00f3tk\u0105 rolk\u0119, w kt\u00f3rej \u017cartobliwie wspomina\u0142a pocz\u0105tki ich relacji: &#8222;Kiedy 5 lat temu poderwa\u0142a\u015b dobrze rokuj\u0105c\u0105 wio\u015blark\u0119, a teraz masz medalistk\u0119 olimpijsk\u0105, kt\u00f3ra wyst\u0105pi w 'Ta\u0144cu z Gwiazdami'&#8221;. Dzi\u015b ten opis brzmi jak relikt minionej epoki, bo to w\u0142a\u015bnie pod tym nagraniem pojawi\u0142 si\u0119 komentarz przes\u0105dzaj\u0105cy o rozstaniu. &#8222;Nieaktualne jak co\u015b&#8221;\u00a0&#8211; napisa\u0142a Walczak, tym samym potwierdzaj\u0105c rozstanie z wicemistrzyni\u0105 olimpijsk\u0105.<\/p>\n<p class=\"typography ids-typeset-body ids-typeset-body--preset-large link paragraph ids-paragraph ids-paragraph--default\">Cho\u0107 obie na razie milcz\u0105 na temat szczeg\u00f3\u0142\u00f3w, sta\u0142o si\u0119 jasne, \u017ce ich drogi si\u0119 rozesz\u0142y. Na reakcj\u0119 internaut\u00f3w wcale nie trzeba by\u0142o d\u0142ugo czeka\u0107. Pod komentarzem opublikowanym przez kajakark\u0119 od razu pojawi\u0142o si\u0119 mn\u00f3stwo komentarzy, w kt\u00f3rych kibice okazali Walczak wsparcie.<\/p>\n<p class=\"typography ids-typeset-body ids-typeset-body--preset-large link paragraph ids-paragraph ids-paragraph--default\">Tymczasem Katarzyna Zillmann po eliminacji tu\u017c przed fina\u0142em w niedzielny wiecz\u00f3r powr\u00f3ci\u0142a na parkiet &#8222;Ta\u0144ca z Gwiazdami&#8221; z Janj\u0105 Lesar. Panie nie szcz\u0119dzi\u0142y sobie czu\u0142o\u015bci i <a href=\"https:\/\/sport.interia.pl\/sportowe-zycie\/news-zillmann-wywolala-poruszenie-w-finale-tzg-naprawde-zrobila-t,nId,22454763\" target=\"_blank\" rel=\"nofollow noopener\">po raz kolejny poca\u0142owa\u0142y si\u0119 na wizji<\/a>, wywo\u0142uj\u0105c ogromne poruszenie.<\/p>\n<p><img decoding=\"async\" class=\"ids-image-holder__img\" loading=\"lazy\" alt=\"Katarzyna Zillmann i Julia Walczak\" title=\"Katarzyna Zillmann i Julia Walczak\" width=\"1333\" height=\"2000\" src=\"https:\/\/www.europesays.com\/pl\/wp-content\/uploads\/2025\/11\/000KE91210VHSJC4-C125-F4.webp.webp\"\/><\/p>\n<p>Katarzyna Zillmann i Julia Walczak VIPHOTO\/East NewsEast News<\/p>\n<p><img decoding=\"async\" class=\"ids-image-holder__img\" loading=\"lazy\" alt=\"Julia Walczak i Katarzyna Zillmann\" title=\"Julia Walczak i Katarzyna Zillmann\" width=\"1333\" height=\"2000\" src=\"https:\/\/www.europesays.com\/pl\/wp-content\/uploads\/2025\/10\/000K7CAUEXJVUMIR-C125-F4.webp.webp\"\/><\/p>\n<p>Julia Walczak i Katarzyna ZillmannAdam JankowskiReporter<\/p>\n<p><img decoding=\"async\" class=\"ids-image-holder__img\" loading=\"lazy\" alt=\"Dwie u\u015bmiechni\u0119te osoby stoj\u0105 bardzo blisko siebie, patrz\u0105c sobie w oczy, jedna ubrana w garnitur z bordowym krawatem, druga w bia\u0142\u0105 koszul\u0119 i kamizelk\u0119, t\u0142o stanowi\u0105 z\u0142ote i czarne b\u0142yszcz\u0105ce elementy dekoracyjne.\" title=\"Katarzyna Zillmann i Janja Lesar\" width=\"1748\" height=\"1240\" src=\"https:\/\/www.europesays.com\/pl\/wp-content\/uploads\/2025\/11\/000LSD71978K50M6-C322-F4.webp.webp\"\/><\/p>\n<p>Katarzyna Zillmann i Janja LesarWojciech Olkusnik\/East News\/ Wojciech Olkusnik\/East NewsEast News<\/p>\n<p><a class=\"ids-undecorated-link source ids-page-info--source__link\" href=\"https:\/\/www.interia.pl\" rel=\"nofollow noopener\" target=\"_blank\"><img decoding=\"async\" class=\"ids-image-holder__img\" loading=\"lazy\" alt=\"\" title=\"\" height=\"24px\" src=\"https:\/\/www.europesays.com\/pl\/wp-content\/uploads\/2025\/11\/1763129291_425_0009A60QQ5I2TYF7-C202-F4.webp.webp\"\/><\/a><\/p>\n<p>Masz sugestie, uwagi albo widzisz b\u0142\u0105d? Napisz do nas<\/p>\n","protected":false},"excerpt":{"rendered":"Katarzyna Zillmann i Julia Walczak by\u0142y jedn\u0105 z najg\u0142o\u015bniejszych sportowych par w Polsce ostatnich lat. Zillmann, kt\u00f3ra w&hellip;\n","protected":false},"author":2,"featured_media":95442,"comment_status":"","ping_status":"","sticky":false,"template":"","format":"standard","meta":{"footnotes":""},"categories":[22],"tags":[122,42,38,40,39,41,123],"class_list":{"0":"post-105715","1":"post","2":"type-post","3":"status-publish","4":"format-standard","5":"has-post-thumbnail","7":"category-rozrywka","8":"tag-entertainment","9":"tag-pl","10":"tag-poland","11":"tag-polish","12":"tag-polska","13":"tag-polski","14":"tag-rozrywka"},"share_on_mastodon":{"url":"https:\/\/pubeurope.com\/@pl\/115565522187464506","error":""},"_links":{"self":[{"href":"https:\/\/www.europesays.com\/pl\/wp-json\/wp\/v2\/posts\/105715","targetHints":{"allow":["GET"]}}],"collection":[{"href":"https:\/\/www.europesays.com\/pl\/wp-json\/wp\/v2\/posts"}],"about":[{"href":"https:\/\/www.europesays.com\/pl\/wp-json\/wp\/v2\/types\/post"}],"author":[{"embeddable":true,"href":"https:\/\/www.europesays.com\/pl\/wp-json\/wp\/v2\/users\/2"}],"replies":[{"embeddable":true,"href":"https:\/\/www.europesays.com\/pl\/wp-json\/wp\/v2\/comments?post=105715"}],"version-history":[{"count":0,"href":"https:\/\/www.europesays.com\/pl\/wp-json\/wp\/v2\/posts\/105715\/revisions"}],"wp:featuredmedia":[{"embeddable":true,"href":"https:\/\/www.europesays.com\/pl\/wp-json\/wp\/v2\/media\/95442"}],"wp:attachment":[{"href":"https:\/\/www.europesays.com\/pl\/wp-json\/wp\/v2\/media?parent=105715"}],"wp:term":[{"taxonomy":"category","embeddable":true,"href":"https:\/\/www.europesays.com\/pl\/wp-json\/wp\/v2\/categories?post=105715"},{"taxonomy":"post_tag","embeddable":true,"href":"https:\/\/www.europesays.com\/pl\/wp-json\/wp\/v2\/tags?post=105715"}],"curies":[{"name":"wp","href":"https:\/\/api.w.org\/{rel}","templated":true}]}}