{"id":105716,"date":"2025-11-17T14:32:10","date_gmt":"2025-11-17T14:32:10","guid":{"rendered":"https:\/\/www.europesays.com\/pl\/105716\/"},"modified":"2025-11-17T14:32:10","modified_gmt":"2025-11-17T14:32:10","slug":"rzad-po-cichu-analizuje-wiek-emerytalny-w-tle-emerytura-stazowa-gorace-dyskusje-w-kprm","status":"publish","type":"post","link":"https:\/\/www.europesays.com\/pl\/105716\/","title":{"rendered":"Rz\u0105d po cichu analizuje wiek emerytalny. W tle emerytura sta\u017cowa. Gor\u0105ce dyskusje w KPRM"},"content":{"rendered":"<p> Rz\u0105d zatwierdzi\u0142 przegl\u0105d emerytalny<\/p>\n<p class=\"art_paragraph\">Jak podaje &#8222;Fakt&#8221;, rz\u0105d analizuje skutki obni\u017cenia wieku emerytalnego przez\u00a0Zjednoczon\u0105 Prawic\u0119, wyra\u017anie jednak zaznaczaj\u0105c, \u017ce nie ma zamiaru znowu go podnosi\u0107.\u00a0&#8222;Propozycje podniesienia wieku emerytalnego nie s\u0105 odpowiedzi\u0105 na problem starzenia si\u0119 spo\u0142ecze\u0144stwa. Obecny wiek emerytalny gwarantuje osobom starszym poczucie bezpiecze\u0144stwa&#8221; &#8211; mo\u017cna przeczyta\u0107 w &#8222;Informacji o skutkach obowi\u0105zywania ustawy z dnia 16 listopada 2016 r. o zmianie ustawy o <a href=\"https:\/\/next.gazeta.pl\/emerytura#anchorLink\" rel=\"nofollow noopener\" target=\"_blank\">emeryturach<\/a> i rentach z Funduszu Ubezpiecze\u0144 Spo\u0142ecznych oraz niekt\u00f3rych innych ustaw w okresie 2022-2024&#8243; okre\u015blanym tak\u017ce jako\u00a0przegl\u0105d emerytalny.\u00a0Jednak zmiany mog\u0105 nast\u0105pi\u0107\u00a0i dotyczy\u0107\u00a0emerytur sta\u017cowych.<\/p>\n<p> Dwa projekty ustaw na stole<\/p>\n<p class=\"art_paragraph\">Nie rozpatrzono jeszcze dw\u00f3ch projekt\u00f3w ustaw, kt\u00f3re odnosz\u0105 si\u0119 do wcze\u015bniejszych emerytur oraz sta\u017cu. Pierwszy to inicjatywa obywatelska &#8222;Solidarno\u015bci&#8221;, kt\u00f3ra cieszy si\u0119 poparciem innych zwi\u0105zk\u00f3w zawodowych, natomiast drugi to projekt Lewicy. W obydwu za\u0142o\u017ceniem jest wzi\u0119cie pod uwag\u0119 nie samego wieku osoby, ale sta\u017cu ubezpieczeniowego. To on mia\u0142by decydowa\u0107 o wcze\u015bniejszej emeryturze. Propozycja\u00a0to\u00a035 lat dla kobiet i 40 lat dla m\u0119\u017cczyzn.\u00a0Przy wczesnym rozpocz\u0119ciu <a href=\"https:\/\/next.gazeta.pl\/praca#anchorLink\" rel=\"nofollow noopener\" target=\"_blank\">pracy<\/a> (np. w wieku 18 lat) umo\u017cliwia\u0142oby to uzyskanie \u015bwiadczenia nawet kilka lat wcze\u015bniej. Konieczne by\u0142oby jednak uzbieranie sk\u0142adek pozwalaj\u0105cych na wyp\u0142at\u0119 przynajmniej <a href=\"https:\/\/next.gazeta.pl\/next\/7,151003,26173619,placa-minimalna-w-2021-r-2800-zl-polska-idzie-na-rekord-rzad.html#anchorLink\" rel=\"nofollow noopener\" target=\"_blank\">minimalnej<\/a> emerytury.<\/p>\n<p>\n    Zobacz wideo W 2060 b\u0119dzie 105 emeryt\u00f3w na 100 pracuj\u0105cych\n  <\/p>\n<p> Oczekiwana wysoko\u015b\u0107 \u015bwiadczenia<\/p>\n<p class=\"art_paragraph\">&#8222;Fakt&#8221; wyliczy\u0142, jakiej wielko\u015bci \u015bwiadczenia mo\u017cna si\u0119 spodziewa\u0107. Przy przej\u015bciu\u00a0na emerytur\u0119 sta\u017cow\u0105 w wieku 53 lat i zebraniu kapita\u0142u w ZUS 650 tys. z\u0142 emerytura wynosi\u0142aby 1933 z\u0142 brutto.\u00a0Zebranie takiego samego kapita\u0142u, ale rozpocz\u0119cie emerytury 3 lata p\u00f3\u017aniej (w wieku\u00a056 lat) to ju\u017c 2127 z\u0142 brutto. Dla wieku 60 lat b\u0119dzie to natomiast 2440 z\u0142 brutto. \u015awiadczenie zwi\u0119ksza si\u0119 wi\u0119c proporcjonalnie przy wi\u0119kszym zebranym kapitale oraz\u00a0odroczeniu chwili, gdy zaczniemy pobiera\u0107 zgromadzone pieni\u0105dze.<\/p>\n<p> Brak rz\u0105dowego stanowiska<\/p>\n<p class=\"art_paragraph\">Pomimo obietnic, \u017ce nast\u0105pi to do ko\u0144ca 2024 roku, wci\u0105\u017c brak tu jednak stanowiska rz\u0105dowego.\u00a0Za reform\u0105 ma si\u0119 opowiada\u0107\u00a0ministerka\u00a0rodziny, pracy i polityki spo\u0142ecznej Agnieszka\u00a0Dziemianowicz-B\u0105k. Przeciwko jest natomiast resort finans\u00f3w.\u00a0Sami zwi\u0105zkowcy maj\u0105 by\u0107 sk\u0142onni do ust\u0119pstw i zaakceptowa\u0107 podniesienie wieku sta\u017cowego do 38 lat dla kobiet i 43 lat dla m\u0119\u017cczyzn oraz konieczno\u015bci zebrania kapita\u0142u pozwalaj\u0105cego na wyp\u0142at\u0119 120-150 proc. emerytury minimalnej. Mimo to konkret\u00f3w brak, cho\u0107 pewne informacje sugeruj\u0105, \u017ce jednak co\u015b si\u0119 dzieje.<\/p>\n<p class=\"art_paragraph\">&#8211; Ministerstwo Rodziny, Pracy i Polityki Spo\u0142ecznej zobligowano do opracowania projektu stanowiska Rady Ministr\u00f3w, dotycz\u0105cego regulacji zawartych w obu projektach ustaw.\u00a0Przygotowany projekt dokumentu rz\u0105dowego zosta\u0142 przekazany Sta\u0142emu Komitetowi Rady Ministr\u00f3w,\u00a0kt\u00f3ry zobowi\u0105za\u0142 resort do przeprowadzenia uzgodnie\u0144 mi\u0119dzyresortowych w sprawie omawianego projektu stanowiska &#8211; wyja\u015bni\u0142 wiceminister resortu rodziny Sebastian Gajewski.\n  <\/p>\n<p>Czytaj te\u017c: <a href=\"https:\/\/next.gazeta.pl\/pieniadz\/7,188933,32373353,nawrocki-z-rewolucja-dla-emerytow-pis-zrobil-to-czterokrotnie.html\" class=\"art_link\" rel=\"dofollow noopener\" target=\"_blank\">Nawrocki z rewolucj\u0105 dla emeryt\u00f3w. PiS zrobi\u0142 to czterokrotnie. Prezydent chce by tak by\u0142o zawsze<\/a>\n  <\/p>\n<p>\u0179r\u00f3d\u0142o: Fakt, gov<\/p>\n","protected":false},"excerpt":{"rendered":"Rz\u0105d zatwierdzi\u0142 przegl\u0105d emerytalny Jak podaje &#8222;Fakt&#8221;, rz\u0105d analizuje skutki obni\u017cenia wieku emerytalnego przez\u00a0Zjednoczon\u0105 Prawic\u0119, wyra\u017anie jednak zaznaczaj\u0105c,&hellip;\n","protected":false},"author":2,"featured_media":105717,"comment_status":"","ping_status":"","sticky":false,"template":"","format":"standard","meta":{"footnotes":""},"categories":[16],"tags":[113,112,42,38,40,39,41],"class_list":{"0":"post-105716","1":"post","2":"type-post","3":"status-publish","4":"format-standard","5":"has-post-thumbnail","7":"category-biznes","8":"tag-biznes","9":"tag-business","10":"tag-pl","11":"tag-poland","12":"tag-polish","13":"tag-polska","14":"tag-polski"},"share_on_mastodon":{"url":"https:\/\/pubeurope.com\/@pl\/115565529926406201","error":""},"_links":{"self":[{"href":"https:\/\/www.europesays.com\/pl\/wp-json\/wp\/v2\/posts\/105716","targetHints":{"allow":["GET"]}}],"collection":[{"href":"https:\/\/www.europesays.com\/pl\/wp-json\/wp\/v2\/posts"}],"about":[{"href":"https:\/\/www.europesays.com\/pl\/wp-json\/wp\/v2\/types\/post"}],"author":[{"embeddable":true,"href":"https:\/\/www.europesays.com\/pl\/wp-json\/wp\/v2\/users\/2"}],"replies":[{"embeddable":true,"href":"https:\/\/www.europesays.com\/pl\/wp-json\/wp\/v2\/comments?post=105716"}],"version-history":[{"count":0,"href":"https:\/\/www.europesays.com\/pl\/wp-json\/wp\/v2\/posts\/105716\/revisions"}],"wp:featuredmedia":[{"embeddable":true,"href":"https:\/\/www.europesays.com\/pl\/wp-json\/wp\/v2\/media\/105717"}],"wp:attachment":[{"href":"https:\/\/www.europesays.com\/pl\/wp-json\/wp\/v2\/media?parent=105716"}],"wp:term":[{"taxonomy":"category","embeddable":true,"href":"https:\/\/www.europesays.com\/pl\/wp-json\/wp\/v2\/categories?post=105716"},{"taxonomy":"post_tag","embeddable":true,"href":"https:\/\/www.europesays.com\/pl\/wp-json\/wp\/v2\/tags?post=105716"}],"curies":[{"name":"wp","href":"https:\/\/api.w.org\/{rel}","templated":true}]}}