{"id":105718,"date":"2025-11-17T14:33:07","date_gmt":"2025-11-17T14:33:07","guid":{"rendered":"https:\/\/www.europesays.com\/pl\/105718\/"},"modified":"2025-11-17T14:33:07","modified_gmt":"2025-11-17T14:33:07","slug":"armia-usa-narzeka-na-absurdalne-ceny-sprzetu-wojskowego-pokretlo-za-47-tys-dol","status":"publish","type":"post","link":"https:\/\/www.europesays.com\/pl\/105718\/","title":{"rendered":"Armia USA narzeka na absurdalne ceny sprz\u0119tu wojskowego. Pokr\u0119t\u0142o za 47 tys. dol."},"content":{"rendered":"<p class=\"ods-c-paragraph \">Stany Zjednoczone wydaj\u0105 na zbrojenia najwi\u0119cej na \u015bwiecie i kupuj\u0105 ogromne ilo\u015bci sprz\u0119tu. Ameryka\u0144skie firmy zbrojeniowe na samych zam\u00f3wieniach dla armii USA zarabiaj\u0105 krocie. Dan Driscoll, sekretarz armii, zauwa\u017cy\u0142, \u017ce w ten spos\u00f3b powsta\u0142 patologiczny system, w kt\u00f3rym g\u0142\u00f3wni producenci &#8222;oszukali nar\u00f3d ameryka\u0144ski, Pentagon i armi\u0119&#8221; znacz\u0105co zawy\u017caj\u0105c ceny produkt\u00f3w dla wojska.<\/p>\n<p> Co powiedzia\u0142 sekretarz Armii USA o firmach zbrojeniowych? <\/p>\n<p> Jakie przyk\u0142ady absurdalnych cen sprz\u0119tu poda\u0142 Dan Driscoll? <\/p>\n<p> Jakie zmiany w pozyskiwaniu sprz\u0119tu planuje armia USA? <\/p>\n<p> Ile wynosi\u0142a cena zakupu m\u0142otka dla armii USA? <\/p>\n<p class=\"ods-c-paragraph \">Koronnym przyk\u0142adem takiego &#8222;oszustwa&#8221; jest w oczach przedstawicieli armii przyk\u0142ad pokr\u0119t\u0142a do sterowania ekranem w helikopterze Black Hawk. Firma Lockhead, odpowiedzialna za budow\u0119 \u015bmig\u0142owca, wyceni\u0142a pokr\u0119t\u0142o jako cz\u0119\u015b\u0107 kompletnego zestawu na 47 tys. dol., cho\u0107 element m\u00f3g\u0142by zosta\u0107 wyprodukowany zaledwie za 15 dol. P\u0142acono wi\u0119c ponad 3100 razy wi\u0119cej, ni\u017c wynosi\u0142aby cena zakupu pojedynczego elementu.<\/p>\n<p class=\"ods-c-paragraph \">Mniej absurdalnym, ale nadal jaskrawym przyk\u0142adem na drenowanie bud\u017cetu armii jest zakup zwyk\u0142ych m\u0142otk\u00f3w. Departament Obrony USA zam\u00f3wi\u0142 te narz\u0119dzia, p\u0142ac\u0105c a\u017c 48 dol. za sztuk\u0119, gdy takie same produkty mo\u017cna by\u0142o kupi\u0107 na rynku komercyjnym za 9 dol.<\/p>\n<p class=\"ods-c-paragraph \">Jak wskazuje Driscoll:<\/p>\n<blockquote class=\"ods-o-quota\">\n<p class=\"ods-o-quota__paragraph\">System si\u0119 zmieni\u0142. Nie b\u0119dzie ju\u017c mo\u017cna tak post\u0119powa\u0107 wobec armii Stan\u00f3w Zjednoczonych.<\/p>\n<\/blockquote>\n<p class=\"ods-c-paragraph \">Armia rozpoczyna inicjatyw\u0119 maj\u0105c\u0105 na celu usprawnienie procesu pozyskiwania sprz\u0119tu. Jest to cz\u0119\u015b\u0107 szeroko zakrojonych dzia\u0142a\u0144 Pentagonu, maj\u0105cych na celu umo\u017cliwienie wojsku szybszego pozyskiwania technologii w obliczu rosn\u0105cych zagro\u017ce\u0144 globalnych.<\/p>\n","protected":false},"excerpt":{"rendered":"Stany Zjednoczone wydaj\u0105 na zbrojenia najwi\u0119cej na \u015bwiecie i kupuj\u0105 ogromne ilo\u015bci sprz\u0119tu. Ameryka\u0144skie firmy zbrojeniowe na samych&hellip;\n","protected":false},"author":2,"featured_media":105719,"comment_status":"","ping_status":"","sticky":false,"template":"","format":"standard","meta":{"footnotes":""},"categories":[14],"tags":[210,2891,32,33,23502,27,34,35,6001,28,31,48,25,46,40,41,20738,47,80,29,30,71,26,161,82,83,84],"class_list":{"0":"post-105718","1":"post","2":"type-post","3":"status-publish","4":"format-standard","5":"has-post-thumbnail","7":"category-swiat","8":"tag-aktualnosci","9":"tag-armia","10":"tag-breaking-news","11":"tag-breakingnews","12":"tag-dan_driscoll","13":"tag-headlines","14":"tag-latest-news","15":"tag-latestnews","16":"tag-militaria","17":"tag-naglowki","18":"tag-najwazniejsze-artykuly","19":"tag-nat_styl","20":"tag-news","21":"tag-omp","22":"tag-polish","23":"tag-polski","24":"tag-rewquiz_tst0","25":"tag-screening_general","26":"tag-swiat","27":"tag-top-stories","28":"tag-topstories","29":"tag-usa","30":"tag-wiadomosci","31":"tag-wojsko","32":"tag-world","33":"tag-world-news","34":"tag-worldnews"},"share_on_mastodon":{"url":"https:\/\/pubeurope.com\/@pl\/115565533773175697","error":""},"_links":{"self":[{"href":"https:\/\/www.europesays.com\/pl\/wp-json\/wp\/v2\/posts\/105718","targetHints":{"allow":["GET"]}}],"collection":[{"href":"https:\/\/www.europesays.com\/pl\/wp-json\/wp\/v2\/posts"}],"about":[{"href":"https:\/\/www.europesays.com\/pl\/wp-json\/wp\/v2\/types\/post"}],"author":[{"embeddable":true,"href":"https:\/\/www.europesays.com\/pl\/wp-json\/wp\/v2\/users\/2"}],"replies":[{"embeddable":true,"href":"https:\/\/www.europesays.com\/pl\/wp-json\/wp\/v2\/comments?post=105718"}],"version-history":[{"count":0,"href":"https:\/\/www.europesays.com\/pl\/wp-json\/wp\/v2\/posts\/105718\/revisions"}],"wp:featuredmedia":[{"embeddable":true,"href":"https:\/\/www.europesays.com\/pl\/wp-json\/wp\/v2\/media\/105719"}],"wp:attachment":[{"href":"https:\/\/www.europesays.com\/pl\/wp-json\/wp\/v2\/media?parent=105718"}],"wp:term":[{"taxonomy":"category","embeddable":true,"href":"https:\/\/www.europesays.com\/pl\/wp-json\/wp\/v2\/categories?post=105718"},{"taxonomy":"post_tag","embeddable":true,"href":"https:\/\/www.europesays.com\/pl\/wp-json\/wp\/v2\/tags?post=105718"}],"curies":[{"name":"wp","href":"https:\/\/api.w.org\/{rel}","templated":true}]}}