{"id":105720,"date":"2025-11-17T14:35:10","date_gmt":"2025-11-17T14:35:10","guid":{"rendered":"https:\/\/www.europesays.com\/pl\/105720\/"},"modified":"2025-11-17T14:35:10","modified_gmt":"2025-11-17T14:35:10","slug":"mecz-z-malta-kolejna-szansa-dla-lewandowskiego-moze-to-zrobic-po-raz-pierwszy","status":"publish","type":"post","link":"https:\/\/www.europesays.com\/pl\/105720\/","title":{"rendered":"Mecz z Malt\u0105 kolejn\u0105 szans\u0105 dla Lewandowskiego? Mo\u017ce to zrobi\u0107 po raz pierwszy"},"content":{"rendered":"<p>Bilans 37-letniego napastnika Barcelony w dru\u017cynie narodowej to 162 spotkania i 87 trafie\u0144. Do tej pory zdobywa\u0142 gole w 60 meczach, a jego &#8222;ofiarami&#8221; by\u0142o 38 r\u00f3\u017cnych ekip.<\/p>\n<p>ZOBACZ TAK\u017bE: <a href=\"https:\/\/www.polsatsport.pl\/wiadomosc\/2025-11-17\/wymuszone-zmiany-w-skladzie-polakow-na-kogo-postawi-urban\/\" target=\"_blank\" rel=\"noopener noreferrer nofollow\">Wymuszone zmiany w sk\u0142adzie Polak\u00f3w! Na kogo postawi Urban?<\/a><\/p>\n<p>\u00a0<\/p>\n<p>Pierwsz\u0105 &#8211; San Marino, w jego debiucie w dru\u017cynie narodowej 10 wrze\u015bnia 2008, czyli ponad 17 lat temu. Ostatnim przeciwnikiem, kt\u00f3rego bramkarza pokona\u0142 po raz pierwszy, by\u0142a Finlandia (3:1) 7 wrze\u015bnia w Chorzowie.<\/p>\n<p>\u00a0<\/p>\n<p>W mi\u0119dzyczasie uzyska\u0142 gole w meczach z: Irlandi\u0105, Singapurem, Bu\u0142gari\u0105, Australi\u0105, Wybrze\u017cem Ko\u015bci S\u0142oniowej, Norwegi\u0105, Niemcami, Kore\u0105 Po\u0142udniow\u0105, Bia\u0142orusi\u0105, Grecj\u0105, Czarnog\u00f3r\u0105, Litw\u0105, Gibraltarem, Gruzj\u0105, Szkocj\u0105, Islandi\u0105, Portugali\u0105, Kazachstanem, Dani\u0105, Armeni\u0105, Rumuni\u0105, Chile, \u0141otw\u0105, Izraelem, S\u0142oweni\u0105, Bo\u015bni\u0105 i Hercegowin\u0105, W\u0119grami, Andor\u0105, Hiszpani\u0105, Szwecj\u0105, Belgi\u0105, Albani\u0105, Arabi\u0105 Saudyjsk\u0105, Francj\u0105, Mo\u0142dawi\u0105 i Wyspami Owczymi.<\/p>\n<p>\u00a0<\/p>\n<p>Dotychczas Lewandowski mia\u0142 okazj\u0119 tylko raz zagra\u0107 przeciw ekipie Malty. By\u0142o to 24 marca tego roku na PGE Narodowym w pierwszej potyczce tych zespo\u0142\u00f3w w eliminacjach. Wszed\u0142 na boisko w 66. minucie, a oba gole wcze\u015bniej strzeli\u0142 Karol \u015awiderski.<\/p>\n<p>\u00a0<\/p>\n<p>Mecz Malta &#8211; Polska rozpocznie si\u0119 o godzinie 20:45.<\/p>\n<p>ST, PAP<\/p>\n<p><a class=\"news__read-more-button\" href=\"https:\/\/www.polsatsport.pl\/\" rel=\"nofollow noopener\" target=\"_blank\">Przejd\u017a na Polsatsport.pl<\/a><\/p>\n","protected":false},"excerpt":{"rendered":"Bilans 37-letniego napastnika Barcelony w dru\u017cynie narodowej to 162 spotkania i 87 trafie\u0144. Do tej pory zdobywa\u0142 gole&hellip;\n","protected":false},"author":2,"featured_media":105721,"comment_status":"","ping_status":"","sticky":false,"template":"","format":"standard","meta":{"footnotes":""},"categories":[5],"tags":[32,33,36,37,27,34,35,28,31,25,42,38,40,39,41,29,30,26],"class_list":{"0":"post-105720","1":"post","2":"type-post","3":"status-publish","4":"format-standard","5":"has-post-thumbnail","7":"category-naglowki","8":"tag-breaking-news","9":"tag-breakingnews","10":"tag-featured-news","11":"tag-featurednews","12":"tag-headlines","13":"tag-latest-news","14":"tag-latestnews","15":"tag-naglowki","16":"tag-najwazniejsze-artykuly","17":"tag-news","18":"tag-pl","19":"tag-poland","20":"tag-polish","21":"tag-polska","22":"tag-polski","23":"tag-top-stories","24":"tag-topstories","25":"tag-wiadomosci"},"share_on_mastodon":{"url":"https:\/\/pubeurope.com\/@pl\/115565541728903581","error":""},"_links":{"self":[{"href":"https:\/\/www.europesays.com\/pl\/wp-json\/wp\/v2\/posts\/105720","targetHints":{"allow":["GET"]}}],"collection":[{"href":"https:\/\/www.europesays.com\/pl\/wp-json\/wp\/v2\/posts"}],"about":[{"href":"https:\/\/www.europesays.com\/pl\/wp-json\/wp\/v2\/types\/post"}],"author":[{"embeddable":true,"href":"https:\/\/www.europesays.com\/pl\/wp-json\/wp\/v2\/users\/2"}],"replies":[{"embeddable":true,"href":"https:\/\/www.europesays.com\/pl\/wp-json\/wp\/v2\/comments?post=105720"}],"version-history":[{"count":0,"href":"https:\/\/www.europesays.com\/pl\/wp-json\/wp\/v2\/posts\/105720\/revisions"}],"wp:featuredmedia":[{"embeddable":true,"href":"https:\/\/www.europesays.com\/pl\/wp-json\/wp\/v2\/media\/105721"}],"wp:attachment":[{"href":"https:\/\/www.europesays.com\/pl\/wp-json\/wp\/v2\/media?parent=105720"}],"wp:term":[{"taxonomy":"category","embeddable":true,"href":"https:\/\/www.europesays.com\/pl\/wp-json\/wp\/v2\/categories?post=105720"},{"taxonomy":"post_tag","embeddable":true,"href":"https:\/\/www.europesays.com\/pl\/wp-json\/wp\/v2\/tags?post=105720"}],"curies":[{"name":"wp","href":"https:\/\/api.w.org\/{rel}","templated":true}]}}