{"id":105722,"date":"2025-11-17T14:36:12","date_gmt":"2025-11-17T14:36:12","guid":{"rendered":"https:\/\/www.europesays.com\/pl\/105722\/"},"modified":"2025-11-17T14:36:12","modified_gmt":"2025-11-17T14:36:12","slug":"joshua-fury-na-horyzoncie-jedna-z-najwiekszych-walk-w-historii","status":"publish","type":"post","link":"https:\/\/www.europesays.com\/pl\/105722\/","title":{"rendered":"Joshua &#8211; Fury na horyzoncie. &#8222;Jedna z najwi\u0119kszych walk w historii&#8221;"},"content":{"rendered":"<p class=\"typography ids-typeset-body ids-typeset-body--preset-large link paragraph ids-paragraph ids-paragraph--default\">W sobot\u0119 na stadionie Tottenhamu Hotspur w Londynie odby\u0142a si\u0119 gala zorganizowana w ramach Riyadh Season. W walce wieczoru Conor Benn wygra\u0142 z Chrisem Eubanksem juniorem. Na stadionie pojawi\u0142o si\u0119 rzecz jasna wiele wa\u017cnych osobisto\u015bci \u015bwiata boksu, w tym poci\u0105gaj\u0105cy za wiele sznurk\u00f3w Turki Alalshikh.<\/p>\n<p class=\"typography ids-typeset-body ids-typeset-body--preset-large link paragraph ids-paragraph ids-paragraph--default\">Minister ds. sportu i rozrywki na dworze kr\u00f3la Arabii Saudyjskiej w wywiadzie przekaza\u0142 wie\u015bci na temat przysz\u0142o\u015bci Anthony&#8217;ego Joshuy, zwi\u0105zanego z DAZN, kt\u00f3re transmitowa\u0142o wydarzenie.<\/p>\n<p>Anthony Joshua kontra Tyson Fury coraz bli\u017cej. &#8222;B\u0119d\u0119 milcza\u0142, bo mam niewyparzony j\u0119zyk&#8221;<\/p>\n<p class=\"typography ids-typeset-body ids-typeset-body--preset-large link paragraph ids-paragraph ids-paragraph--default\">&#8211; Joshua b\u0119dzie u nas w kraju w lutym, potem odb\u0119dzie si\u0119 wielka walka, jedna z najwi\u0119kszych w historii boksu, odb\u0119dzie si\u0119 ona w Londynie, by\u0107 mo\u017ce we wrze\u015bniu. B\u0119dziemy mieli wielk\u0105 niespodziank\u0119 dla kibic\u00f3w w Anglii &#8211; powiedzia\u0142, cytowany przez ringmagazine.com.<\/p>\n<p class=\"typography ids-typeset-body ids-typeset-body--preset-large link paragraph ids-paragraph ids-paragraph--default\">Fani zinterpretowali jego s\u0142owa raczej jednoznacznie. Wszyscy spodziewaj\u0105 si\u0119 wewn\u0105trz brytyjskiej konfrontacji &#8222;AJ-a&#8221; z Tysonem Furym. &#8222;Kr\u00f3l Cygan\u00f3w&#8221; teoretycznie jest teraz na sportowej emeryturze, ale ju\u017c kilkukrotnie z niej wraca\u0142, wi\u0119c nie wygl\u0105da to na wielk\u0105 przeszkod\u0119. Z pewno\u015bci\u0105 by\u0142by to pojedynek z wielkimi wyp\u0142atami dla pi\u0119\u015bciarzy, co na pewno zmotywowa\u0142oby wojownika z Manchesteru.<\/p>\n<p class=\"typography ids-typeset-body ids-typeset-body--preset-large link paragraph ids-paragraph ids-paragraph--default\">Promotor Joshuy Eddie Hearn te\u017c specjalnie nie zamierza kry\u0107, \u017ce chodzi o to zestawienie. &#8211; S\u0142uchajcie, wszyscy od lat cieszyli\u015bmy si\u0119 na t\u0119 walk\u0119. Wierz\u0119, \u017ce to jest cz\u0142owiek (Alalshikh &#8211; red.), kt\u00f3ry pomo\u017ce nam j\u0105 zrealizowa\u0107. Wszystko, co robimy z Joshu\u0105, robimy z Turkim, omawiali\u015bmy w tym tygodniu. Mamy wiele plan\u00f3w dotycz\u0105cych przysz\u0142o\u015bci Anthony&#8217;ego. On\u00a0chce odzyska\u0107 tytu\u0142 mistrza \u015bwiata wagi ci\u0119\u017ckiej i oczywi\u015bcie chce walczy\u0107 z Tysonem Furym &#8211; przyzna\u0142 mened\u017cer.<\/p>\n<blockquote role=\"blockquote\" class=\"quote ids-quote ids-quote--nosurface--short--medium\"><p>Dajmy temu cz\u0142owiekowi robi\u0107 swoj\u0105 robot\u0119, ja b\u0119d\u0119 milcza\u0142, bo mam niewyparzony j\u0119zyk. Mam nadziej\u0119, \u017ce zobaczymy walk\u0119, kt\u00f3r\u0105 wszyscy tutaj chc\u0105 zobaczy\u0107zako\u0144czy\u0142 Hearn<\/p><\/blockquote>\n<p>DJB: Opinie po meczu z Holandi\u0105. WIDEODo jednej bramkiPOLSAT BOX GO<\/p>\n<p><img decoding=\"async\" class=\"ids-image-holder__img\" loading=\"lazy\" alt=\"Tyson Fury wybra\u0142 si\u0119 na walk\u0119 z udzia\u0142em Anthony'ego Joshuy\" title=\"Tyson Fury wybra\u0142 si\u0119 na walk\u0119 z udzia\u0142em Anthony'ego Joshuy\" width=\"2048\" height=\"1357\" src=\"https:\/\/www.europesays.com\/pl\/wp-content\/uploads\/2025\/11\/000JSXKICRTSLL77-C322-F4.webp.webp\"\/><\/p>\n<p>Tyson Fury wybra\u0142 si\u0119 na walk\u0119 z udzia\u0142em Anthony&#8217;ego JoshuyAFP<\/p>\n<p><img decoding=\"async\" class=\"ids-image-holder__img\" loading=\"lazy\" alt=\"Tyson Fury musi prze\u0142kn\u0105\u0107 gorycz kolejnej pora\u017cki, czyli w konsekwencji przegranej z O\u0142eksandrem Usykiem spadku w rankingu wagi ci\u0119\u017ckiej\" title=\"Tyson Fury musi prze\u0142kn\u0105\u0107 gorycz kolejnej pora\u017cki, czyli w konsekwencji przegranej z O\u0142eksandrem Usykiem spadku w rankingu wagi ci\u0119\u017ckiej\" width=\"5472\" height=\"3206\" src=\"https:\/\/www.europesays.com\/pl\/wp-content\/uploads\/2025\/11\/000KCCPYM8APSRKJ-C322-F4.webp.webp\"\/><\/p>\n<p>Tyson Fury musi prze\u0142kn\u0105\u0107 gorycz kolejnej pora\u017cki, czyli w konsekwencji przegranej z O\u0142eksandrem Usykiem spadku w rankingu wagi ci\u0119\u017ckiejFAYEZ NURELDINE\/AFPAFP<\/p>\n<p><img decoding=\"async\" class=\"ids-image-holder__img\" loading=\"lazy\" alt=\"Tyson Fury na konferencji prasowej po walce z Usykiem, 21.12.2024 r.\" title=\"Tyson Fury na konferencji prasowej po walce z Usykiem, 21.12.2024 r.\" width=\"2000\" height=\"1333\" src=\"https:\/\/www.europesays.com\/pl\/wp-content\/uploads\/2025\/11\/000KC8T21IEJGQDN-C322-F4.webp.webp\"\/><\/p>\n<p>Tyson Fury na konferencji prasowej po walce z Usykiem, 21.12.2024 r.Nick PottsEast News<\/p>\n<p><a class=\"ids-undecorated-link source ids-page-info--source__link\" href=\"https:\/\/www.interia.pl\" rel=\"nofollow noopener\" target=\"_blank\"><img decoding=\"async\" class=\"ids-image-holder__img\" loading=\"lazy\" alt=\"\" title=\"\" height=\"24px\" src=\"https:\/\/www.europesays.com\/pl\/wp-content\/uploads\/2025\/11\/1763129291_425_0009A60QQ5I2TYF7-C202-F4.webp.webp\"\/><\/a><\/p>\n<p>Masz sugestie, uwagi albo widzisz b\u0142\u0105d? Napisz do nas<\/p>\n","protected":false},"excerpt":{"rendered":"W sobot\u0119 na stadionie Tottenhamu Hotspur w Londynie odby\u0142a si\u0119 gala zorganizowana w ramach Riyadh Season. W walce&hellip;\n","protected":false},"author":2,"featured_media":105723,"comment_status":"","ping_status":"","sticky":false,"template":"","format":"standard","meta":{"footnotes":""},"categories":[24],"tags":[42,38,40,39,41,127,126],"class_list":{"0":"post-105722","1":"post","2":"type-post","3":"status-publish","4":"format-standard","5":"has-post-thumbnail","7":"category-sport","8":"tag-pl","9":"tag-poland","10":"tag-polish","11":"tag-polska","12":"tag-polski","13":"tag-sport","14":"tag-sports"},"share_on_mastodon":{"url":"https:\/\/pubeurope.com\/@pl\/115565545982291172","error":""},"_links":{"self":[{"href":"https:\/\/www.europesays.com\/pl\/wp-json\/wp\/v2\/posts\/105722","targetHints":{"allow":["GET"]}}],"collection":[{"href":"https:\/\/www.europesays.com\/pl\/wp-json\/wp\/v2\/posts"}],"about":[{"href":"https:\/\/www.europesays.com\/pl\/wp-json\/wp\/v2\/types\/post"}],"author":[{"embeddable":true,"href":"https:\/\/www.europesays.com\/pl\/wp-json\/wp\/v2\/users\/2"}],"replies":[{"embeddable":true,"href":"https:\/\/www.europesays.com\/pl\/wp-json\/wp\/v2\/comments?post=105722"}],"version-history":[{"count":0,"href":"https:\/\/www.europesays.com\/pl\/wp-json\/wp\/v2\/posts\/105722\/revisions"}],"wp:featuredmedia":[{"embeddable":true,"href":"https:\/\/www.europesays.com\/pl\/wp-json\/wp\/v2\/media\/105723"}],"wp:attachment":[{"href":"https:\/\/www.europesays.com\/pl\/wp-json\/wp\/v2\/media?parent=105722"}],"wp:term":[{"taxonomy":"category","embeddable":true,"href":"https:\/\/www.europesays.com\/pl\/wp-json\/wp\/v2\/categories?post=105722"},{"taxonomy":"post_tag","embeddable":true,"href":"https:\/\/www.europesays.com\/pl\/wp-json\/wp\/v2\/tags?post=105722"}],"curies":[{"name":"wp","href":"https:\/\/api.w.org\/{rel}","templated":true}]}}