{"id":105724,"date":"2025-11-17T14:37:11","date_gmt":"2025-11-17T14:37:11","guid":{"rendered":"https:\/\/www.europesays.com\/pl\/105724\/"},"modified":"2025-11-17T14:37:11","modified_gmt":"2025-11-17T14:37:11","slug":"krzysztof-ibisz-oglaszal-wynik-tanca-z-gwiazdami-kamery-uchwycily-jego-mine","status":"publish","type":"post","link":"https:\/\/www.europesays.com\/pl\/105724\/","title":{"rendered":"Krzysztof Ibisz og\u0142asza\u0142 wynik &#8222;Ta\u0144ca z gwiazdami&#8221;. Kamery uchwyci\u0142y jego min\u0119"},"content":{"rendered":"<p class=\"Paragraph_desktopParagraph__U31Gm\">W ostatnim odcinku <a href=\"https:\/\/plejada.pl\/taniec-z-gwiazdami-program-tv\" id=\"2ee7436f-0614-4ad5-be80-1b401ec47326\" rel=\"nofollow noopener\" target=\"_blank\">&#8222;Ta\u0144ca z gwiazdami&#8221;<\/a> finali\u015bci musieli zmierzy\u0107 si\u0119 z trzema uk\u0142adami tanecznymi \u2014 pierwszy wybrali jurorzy, drugi wskazali rywale, a trzeci by\u0142 freestylem. Ostatecznie Kryszta\u0142ow\u0105 Kul\u0119 zdobyli Miko\u0142aj &#8222;Bagi&#8221; Bagi\u0144ski i Magdalena Tarnowska. Podczas zwyci\u0119skiej przemowy influencer og\u0142osi\u0142, na co przeznaczy wygran\u0105.<\/p>\n<blockquote>\n<p class=\"Paragraph_desktopParagraph__U31Gm\">Ca\u0142e te 200 tys. wrzucamy na stowarzyszenie, kt\u00f3re wspiera osoby z zespo\u0142em Downa<\/p>\n<\/blockquote>\n<p class=\"Paragraph_desktopParagraph__U31Gm\">\u2014 przekaza\u0142, zapraszaj\u0105c na parkiet swoj\u0105 siostr\u0119, Matyld\u0119.<\/p>\n<ul class=\"OchatFollowUps_wrapper__1ry7X\">\n<li class=\"OchatFollowUps_item__Dhyly OchatFollowUps_itemDesktop__R6aBv\">Jak zareagowali jurorzy na werdykt?<\/li>\n<li class=\"OchatFollowUps_item__Dhyly OchatFollowUps_itemDesktop__R6aBv\">Kto zdoby\u0142 Kryszta\u0142ow\u0105 Kul\u0119?<\/li>\n<li class=\"OchatFollowUps_item__Dhyly OchatFollowUps_itemDesktop__R6aBv\">Ile pieni\u0119dzy wygra\u0142 zwyci\u0119zca?<\/li>\n<li class=\"OchatFollowUps_item__Dhyly OchatFollowUps_itemDesktop__R6aBv\">Co powiedzia\u0142a Iwona Pavlovi\u0107 na temat wynik\u00f3w?<\/li>\n<\/ul>\n<p>Krzysztof Ibisz og\u0142asza\u0142 wynik &#8222;Ta\u0144ca z gwiazdami&#8221;. Kamery uchwyci\u0142y jego min\u0119 <\/p>\n<p class=\"Paragraph_desktopParagraph__U31Gm\">Szerokim echem odbi\u0142a si\u0119 reakcja juror\u00f3w &#8222;Ta\u0144ca z gwiazdami&#8221; na werdykt, a dok\u0142adnie, gdy okaza\u0142o si\u0119, \u017ce trzecie miejsce zajmuj\u0105 Wiktoria Gorodecka i Kamil Kuroczko. Iwona Pavlovi\u0107 nie ukrywa\u0142a, kto wed\u0142ug niej powinien wygra\u0107.<\/p>\n<p class=\"Paragraph_desktopParagraph__U31Gm\">\u2014 U\u0142o\u017cy\u0142abym troszeczk\u0119 inaczej \u2014 ca\u0142kowicie odwrotnie ni\u017c si\u0119 wydarzy\u0142o, bo na moim pierwszym miejscu by by\u0142a Wiktoria, kt\u00f3ra moim zdaniem by\u0142a bezkonkurencyjna, to w og\u00f3le fenomen taneczny moim zdaniem. Potem oczywi\u015bcie Maurycy, a na trzeciej pozycji Bagi \u2014 <a href=\"https:\/\/plejada.pl\/wideo\/iwona-pavlovic-o-zarzutach-widzow-i-wygranej-bagiego-czy-panstwo-nie-maja-oczu\/3gp967r\" id=\"22537c60-b380-4231-ace4-bff15016afca\" rel=\"nofollow noopener\" target=\"_blank\">stwierdzi\u0142a w rozmowie z Plejad\u0105<\/a>.<\/p>\n<p class=\"Paragraph_desktopParagraph__U31Gm\">Kamery uchwyci\u0142y tak\u017ce reakcj\u0119 Krzysztofa Ibisza podczas og\u0142aszania wyniku \u2014 gdy tylko poda\u0142 miejsce Wiktorii Gorodeckiej, zamkn\u0105\u0142 oczy, jednocze\u015bnie klaszcz\u0105c.<\/p>\n<p><img decoding=\"async\" class=\"Image_image__0tuHp \" height=\"507\" width=\"940\" src=\"https:\/\/www.europesays.com\/pl\/wp-content\/uploads\/2025\/11\/UxUk9kpTURBXy8zZmE3OWExNTcxNzE0ZGZmZDIxMmJkNzA4YzgyMTNkNi5wbmeSlQLNA6wAwsOVAgDNAkvCw94AA6EwAaExAaEzw.jpeg\" alt=\"Fina\u0142 &quot;Ta\u0144ca z gwiazdami&quot;, Krzysztof Ibisz, Paulina Sykut-Je\u017cyna\" loading=\"lazy\" \/>Polsat<\/p>\n<p>Fina\u0142 &#8222;Ta\u0144ca z gwiazdami&#8221;, Krzysztof Ibisz, Paulina Sykut-Je\u017cyna<\/p>\n<p><img decoding=\"async\" class=\"Image_image__0tuHp \" height=\"523\" width=\"940\" src=\"https:\/\/www.europesays.com\/pl\/wp-content\/uploads\/2025\/11\/K9Uk9kpTURBXy8xYWVhNTJiNjMwMDc2ZTA0YzFhZDkzZDFiMThmOTk0MC5wbmeSlQLNA6wAwsOVAgDNAkvCw94AA6EwAaExAaEzw.jpeg\" alt=\"Finali\u015bci &quot;Ta\u0144ca z gwiazdami&quot;\" loading=\"lazy\" \/>Polsat<\/p>\n<p>Finali\u015bci &#8222;Ta\u0144ca z gwiazdami&#8221;<\/p>\n<p class=\"Paragraph_desktopParagraph__U31Gm\">Dzi\u0119kujemy, \u017ce przeczyta\u0142a\u015b\/e\u015b nasz artyku\u0142 do ko\u0144ca. W serwisie Plejada.pl ka\u017cdego dnia piszemy o najwa\u017cniejszych wydarzeniach show-biznesowych. B\u0105d\u017a na bie\u017c\u0105co! <a rel=\"nofollow noopener\" href=\"https:\/\/news.google.com\/publications\/CAAiEF0PeAlb7W1llpV_mwV2rL4qFAgKIhBdD3gJW-1tZZaVf5sFdqy-?hl=pl&amp;gl=PL&amp;ceid=PL%3Apl\" id=\"0ff4e333-db06-447d-9364-d8d8d3a96601\" target=\"_blank\">Obserwuj<\/a> Plejad\u0119 w Wiadomo\u015bciach Google. Odwied\u017a nas tak\u017ce na <a rel=\"nofollow noopener\" href=\"https:\/\/www.facebook.com\/plejadapl\" id=\"7a785da4-5353-4402-8841-7903ae987f9b\" target=\"_blank\">Facebooku<\/a>, <a rel=\"nofollow noopener\" href=\"https:\/\/www.instagram.com\/plejadapl\/\" id=\"b40fc400-fa5e-4a3a-8320-1a13d6f9e8d4\" target=\"_blank\">Instagramie<\/a>, <a rel=\"nofollow noopener\" href=\"https:\/\/www.youtube.com\/c\/plejada\" id=\"8a819c6b-c4f5-4bda-ae1d-a3dd758fe499\" target=\"_blank\">YouTubie<\/a> oraz <a rel=\"nofollow noopener\" href=\"https:\/\/www.tiktok.com\/@plejada_pl\" id=\"7c301889-bd15-49c1-aab0-1508028a21c9\" target=\"_blank\">TikToku<\/a>.<\/p>\n<p class=\"Paragraph_desktopParagraph__U31Gm\">Chcesz podzieli\u0107 si\u0119 ciekawym newsem lub zaproponowa\u0107 temat? Skontaktuj si\u0119 z nami, pisz\u0105c maila na adres: <a href=\"https:\/\/www.onet.pl\/styl-zycia\/plejada\/krzysztof-ibisz-oglaszal-wynik-tanca-z-gwiazdami-kamery-uchwycily-jego-mine\/mailto:plejada@redakcjaonet.pl\" id=\"0dfb364e-a877-4783-8592-3dd630688662\" rel=\"nofollow noopener\" target=\"_blank\">plejada@redakcjaon<\/a><a rel=\"nofollow noopener\" href=\"https:\/\/et.pl\/\" id=\"ff509ee7-17a8-4f03-a664-23f3b7fdf291\" target=\"_blank\">et.pl<\/a>.<\/p>\n<p><script async src=\"\/\/www.instagram.com\/embed.js\"><\/script><script async src=\"\/\/www.tiktok.com\/embed.js\"><\/script><\/p>\n","protected":false},"excerpt":{"rendered":"W ostatnim odcinku &#8222;Ta\u0144ca z gwiazdami&#8221; finali\u015bci musieli zmierzy\u0107 si\u0119 z trzema uk\u0142adami tanecznymi \u2014 pierwszy wybrali jurorzy,&hellip;\n","protected":false},"author":2,"featured_media":105725,"comment_status":"","ping_status":"","sticky":false,"template":"","format":"standard","meta":{"footnotes":""},"categories":[22],"tags":[122,67,3913,53,52,68,51,55,42,38,40,39,41,123,47,196,1863,65,50,4786],"class_list":{"0":"post-105724","1":"post","2":"type-post","3":"status-publish","4":"format-standard","5":"has-post-thumbnail","7":"category-rozrywka","8":"tag-entertainment","9":"tag-intextvideo_splayer","10":"tag-krzysztof_ibisz","11":"tag-new_header","12":"tag-onet3","13":"tag-onet3d","14":"tag-onet3d_2i","15":"tag-phx","16":"tag-pl","17":"tag-poland","18":"tag-polish","19":"tag-polska","20":"tag-polski","21":"tag-rozrywka","22":"tag-screening_general","23":"tag-styl_zycia","24":"tag-taniec_z_gwiazdami_program_tv","25":"tag-update_me","26":"tag-v2021","27":"tag-wiktoria_gorodecka"},"share_on_mastodon":{"url":"https:\/\/pubeurope.com\/@pl\/115565549607184038","error":""},"_links":{"self":[{"href":"https:\/\/www.europesays.com\/pl\/wp-json\/wp\/v2\/posts\/105724","targetHints":{"allow":["GET"]}}],"collection":[{"href":"https:\/\/www.europesays.com\/pl\/wp-json\/wp\/v2\/posts"}],"about":[{"href":"https:\/\/www.europesays.com\/pl\/wp-json\/wp\/v2\/types\/post"}],"author":[{"embeddable":true,"href":"https:\/\/www.europesays.com\/pl\/wp-json\/wp\/v2\/users\/2"}],"replies":[{"embeddable":true,"href":"https:\/\/www.europesays.com\/pl\/wp-json\/wp\/v2\/comments?post=105724"}],"version-history":[{"count":0,"href":"https:\/\/www.europesays.com\/pl\/wp-json\/wp\/v2\/posts\/105724\/revisions"}],"wp:featuredmedia":[{"embeddable":true,"href":"https:\/\/www.europesays.com\/pl\/wp-json\/wp\/v2\/media\/105725"}],"wp:attachment":[{"href":"https:\/\/www.europesays.com\/pl\/wp-json\/wp\/v2\/media?parent=105724"}],"wp:term":[{"taxonomy":"category","embeddable":true,"href":"https:\/\/www.europesays.com\/pl\/wp-json\/wp\/v2\/categories?post=105724"},{"taxonomy":"post_tag","embeddable":true,"href":"https:\/\/www.europesays.com\/pl\/wp-json\/wp\/v2\/tags?post=105724"}],"curies":[{"name":"wp","href":"https:\/\/api.w.org\/{rel}","templated":true}]}}