{"id":105726,"date":"2025-11-17T14:39:15","date_gmt":"2025-11-17T14:39:15","guid":{"rendered":"https:\/\/www.europesays.com\/pl\/105726\/"},"modified":"2025-11-17T14:39:15","modified_gmt":"2025-11-17T14:39:15","slug":"szwajcarzy-obsypali-donalda-trumpa-zlotem-tak-zdobyli-jego-przychylnosc","status":"publish","type":"post","link":"https:\/\/www.europesays.com\/pl\/105726\/","title":{"rendered":"Szwajcarzy obsypali Donalda Trumpa z\u0142otem. Tak zdobyli jego przychylno\u015b\u0107"},"content":{"rendered":"<p data-section=\"detail-body\">Z\u0142ota sztabka, kt\u00f3ra zosta\u0142a przekazana Trumpowi, by\u0142a spersonalizowana i zawiera\u0142a oznaczenia &#8222;45&#8221; oraz &#8222;47&#8221;, odnosz\u0105ce si\u0119 do kadencji prezydenckich Trumpa. Jej warto\u015b\u0107 przekroczy\u0142a 130 tys. dol. Wed\u0142ug Axios takie gesty s\u0105 szczeg\u00f3lnie cenione przez ameryka\u0144skiego prezydenta, kt\u00f3ry znany jest ze s\u0142abo\u015bci do luksusowych podarunk\u00f3w. W przesz\u0142o\u015bci podobne dzia\u0142ania podejmowa\u0142y zar\u00f3wno pa\u0144stwa, jak i korporacje, staraj\u0105c si\u0119 zyska\u0107 jego przychylno\u015b\u0107.<\/p>\n<p class=\"article_p\" data-section=\"detail-body\">Prezenty zosta\u0142y oficjalnie przyj\u0119te w imieniu biblioteki prezydenckiej Trumpa, co pozwoli\u0142o unikn\u0105\u0107 naruszenia ameryka\u0144skiego prawa. Urz\u0119dnicy Bia\u0142ego Domu podkre\u015blili, \u017ce taki spos\u00f3b przekazania upomink\u00f3w jest zgodny z obowi\u0105zuj\u0105cymi przepisami.<\/p>\n<p class=\"article_p\" data-section=\"detail-body\">Czytaj te\u017c: <a href=\"https:\/\/businessinsider.com.pl\/wiadomosci\/trump-o-nowych-przepisach-republikanie-chca-uderzyc-w-handel-z-rosja\/vm1l20r\" id=\"f26f1ebc-0439-43ab-a261-99e13f854f76\" rel=\"nofollow noopener\" target=\"_blank\">Donald Trump wyrazi\u0142 wsparcie dla sankcji wobec kraj\u00f3w handluj\u0105cych z Rosj\u0105<\/a><\/p>\n<p>        Apple, Katar i Komitet Olimpijski \u2014 wy\u015bcig o uwag\u0119 prezydenta<\/p>\n<p class=\"article_p\" data-section=\"detail-body\">Jak zauwa\u017ca Axios, Szwajcarzy nie byli pierwsi, kt\u00f3rzy postanowili uhonorowa\u0107 Donalda Trumpa w wyj\u0105tkowy spos\u00f3b. Wcze\u015bniej prezes Apple, Tim Cook, wr\u0119czy\u0142 mu grawerowany szklany dysk na z\u0142otej podstawie, upami\u0119tniaj\u0105cy inwestycj\u0119 firmy w USA o warto\u015bci 100 mld dol. Z kolei Komitet Olimpijski USA podarowa\u0142 prezydentowi zestaw medali olimpijskich z igrzysk w Los Angeles w 1984 r., nawi\u0105zuj\u0105c do planowanych na 2028 r. kolejnych igrzysk w tym mie\u015bcie. Rz\u0105d Kataru przekaza\u0142 natomiast odrzutowiec Boeing 747 o warto\u015bci 400 mln dol. Wiele korporacji i os\u00f3b prywatnych wspar\u0142o tak\u017ce budow\u0119 gigantycznej sali balowej przy Bia\u0142ym Domu, przeznaczaj\u0105c na ten cel \u0142\u0105cznie oko\u0142o 300 mln dol.<\/p>\n<p>            Czytaj tak\u017ce w BUSINESS INSIDER<\/p>\n<p class=\"article_p\" data-section=\"detail-body\">Mimo konkurencji to w\u0142a\u015bnie prezent od Apple uchodzi\u0142 za ulubiony upominek Trumpa \u2014 a\u017c do momentu, gdy pojawili si\u0119 Szwajcarzy. Jeden z urz\u0119dnik\u00f3w administracji przyzna\u0142 w rozmowie z Axios: &#8222;Trudno by\u0142o przebi\u0107 Apple, ale Szwajcarom si\u0119 uda\u0142o&#8221;.<\/p>\n<p class=\"article_p\" data-section=\"detail-body\">Czytaj te\u017c: <a href=\"https:\/\/businessinsider.com.pl\/gospodarka\/donald-trump-kontra-inflacja-prezydent-usa-przegral-01\/px5pxt5\" id=\"b6ffc0b3-9446-407d-9e8b-048ca4886ebe\" rel=\"nofollow noopener\" target=\"_blank\">Donald Trump &#8222;gasi po\u017car, kt\u00f3ry sam wywo\u0142a\u0142&#8221;. Idzie na ust\u0119pstwa w kwestii ce\u0142<\/a><\/p>\n<p>        Sukces szwajcarskiej dyplomacji<\/p>\n<p class=\"article_p\" data-section=\"detail-body\">Szwajcarska inicjatywa przynios\u0142a oczekiwane rezultaty. W pi\u0105tek og\u0142oszono porozumienie handlowe, na mocy kt\u00f3rego USA obni\u017cy\u0142y c\u0142a na towary ze Szwajcarii z 39 do 15 proc. W zamian Berno zobowi\u0105za\u0142o si\u0119 do zmniejszenia barier handlowych oraz zwi\u0119kszenia inwestycji szwajcarskich firm na terenie Stan\u00f3w Zjednoczonych.<\/p>\n<p class=\"article_p\" data-section=\"detail-body\">Jamieson Greer, przedstawiciel USA ds. handlu, nie kry\u0142 uznania dla prezydenta Trumpa, podkre\u015blaj\u0105c jego rol\u0119 w negocjacjach. &#8222;Niezr\u00f3wnane negocjacje prezydenta Trumpa nadal przynosz\u0105 korzy\u015bci Amerykanom&#8221; \u2014 powiedzia\u0142, komentuj\u0105c zawarte porozumienie.<\/p>\n","protected":false},"excerpt":{"rendered":"Z\u0142ota sztabka, kt\u00f3ra zosta\u0142a przekazana Trumpowi, by\u0142a spersonalizowana i zawiera\u0142a oznaczenia &#8222;45&#8221; oraz &#8222;47&#8221;, odnosz\u0105ce si\u0119 do kadencji&hellip;\n","protected":false},"author":2,"featured_media":105727,"comment_status":"","ping_status":"","sticky":false,"template":"","format":"standard","meta":{"footnotes":""},"categories":[16],"tags":[113,112,42,38,40,39,41],"class_list":{"0":"post-105726","1":"post","2":"type-post","3":"status-publish","4":"format-standard","5":"has-post-thumbnail","7":"category-biznes","8":"tag-biznes","9":"tag-business","10":"tag-pl","11":"tag-poland","12":"tag-polish","13":"tag-polska","14":"tag-polski"},"share_on_mastodon":{"url":"https:\/\/pubeurope.com\/@pl\/115565557457253253","error":""},"_links":{"self":[{"href":"https:\/\/www.europesays.com\/pl\/wp-json\/wp\/v2\/posts\/105726","targetHints":{"allow":["GET"]}}],"collection":[{"href":"https:\/\/www.europesays.com\/pl\/wp-json\/wp\/v2\/posts"}],"about":[{"href":"https:\/\/www.europesays.com\/pl\/wp-json\/wp\/v2\/types\/post"}],"author":[{"embeddable":true,"href":"https:\/\/www.europesays.com\/pl\/wp-json\/wp\/v2\/users\/2"}],"replies":[{"embeddable":true,"href":"https:\/\/www.europesays.com\/pl\/wp-json\/wp\/v2\/comments?post=105726"}],"version-history":[{"count":0,"href":"https:\/\/www.europesays.com\/pl\/wp-json\/wp\/v2\/posts\/105726\/revisions"}],"wp:featuredmedia":[{"embeddable":true,"href":"https:\/\/www.europesays.com\/pl\/wp-json\/wp\/v2\/media\/105727"}],"wp:attachment":[{"href":"https:\/\/www.europesays.com\/pl\/wp-json\/wp\/v2\/media?parent=105726"}],"wp:term":[{"taxonomy":"category","embeddable":true,"href":"https:\/\/www.europesays.com\/pl\/wp-json\/wp\/v2\/categories?post=105726"},{"taxonomy":"post_tag","embeddable":true,"href":"https:\/\/www.europesays.com\/pl\/wp-json\/wp\/v2\/tags?post=105726"}],"curies":[{"name":"wp","href":"https:\/\/api.w.org\/{rel}","templated":true}]}}