{"id":105728,"date":"2025-11-17T14:40:10","date_gmt":"2025-11-17T14:40:10","guid":{"rendered":"https:\/\/www.europesays.com\/pl\/105728\/"},"modified":"2025-11-17T14:40:10","modified_gmt":"2025-11-17T14:40:10","slug":"100-rafale-dla-ukrainy-kiedy-i-za-ile","status":"publish","type":"post","link":"https:\/\/www.europesays.com\/pl\/105728\/","title":{"rendered":"100 Rafale dla Ukrainy. Kiedy i za ile?"},"content":{"rendered":"<p>   <a href=\"https:\/\/defence24.pl\/strona-autora\/maciej-szopa\" target=\"_self\" class=\"article-author__wrap\" rel=\"nofollow noopener\"><img loading=\"lazy\" decoding=\"async\" src=\"https:\/\/www.europesays.com\/pl\/wp-content\/uploads\/2025\/11\/8WXfaWkS6sdrYypNAkyXmqoZY2EX7D1iifgRZLF0.6biq.jpg\" alt=\"\"  width=\"100\" height=\"100\" author=\"Defence24\/Robert Suchy\" caption=\"\" fullscreen=\"https:\/\/cdn.defence24.pl\/2025\/11\/05\/1920xpx\/8WXfaWkS6sdrYypNAkyXmqoZY2EX7D1iifgRZLF0.qevo.jpg\" class=\"img article-author__avatar img-avatar\"\/><br \/>\n          Maciej Szopa<br \/>\n        <\/a>  <\/p>\n<p>Ukraina podpisa\u0142a list intencyjny w sprawie zakupu do 100 samolot\u00f3w wielozadaniowych Dassault Rafale \u2013 poinformowa\u0142a ambasada tego pa\u0144stwa we Francji oraz biuro prezydenta.<\/p>\n<p> <img decoding=\"async\" src=\"https:\/\/www.europesays.com\/pl\/wp-content\/uploads\/2025\/11\/mTaETLyUzS7fK1VFXZs4bSV2VQ0ihP9mIhVaxWXa.kpuq.jpg\" alt=\"My\u015bliwiec Rafale podczas \u0107wicze\u0144 odstraszania atomowego\"  width=\"800\" height=\"450\" author=\"Ministerstwo obrony Francji\" fetchpriority=\"high\" class=\"img image-with-caption__image\"\/><br \/>\n        My\u015bliwiec Rafale podczas \u0107wicze\u0144 odstraszania atomowego<br \/>\n       <br \/>Autor. Ministerstwo obrony Francji<\/p>\n<p class=\"paragraph-module\">Dokument podpisali prezydenci Ukrainy i Francji 17 listopada br. Biuro prezydenta Francji Emmanuela Macrona ograniczy\u0142o si\u0119 do stwierdzenia, \u017ce \u201eUkraina rozwa\u017ca mo\u017cliwo\u015b\u0107 zakupu francuskiego uzbrojenia, w tym my\u015bliwc\u00f3w odrzutowych Rafale\u201d.<\/p>\n<p class=\"paragraph-module\">W\u015br\u00f3d innego francuskiego uzbrojenia b\u0119d\u0105cego przedmiotem listu intencyjnego jest 8 system\u00f3w obrony powietrznej \u015bredniego zasi\u0119gu SAMP\/T NG (Next Generation) z pociskami Aster 30 B1 NT i radarami GF300, 600 bomb szybuj\u0105cych Hammer i systemy antydronowe. Zakup mia\u0142by zosta\u0107 dokonany w ci\u0105gu 3 lat.<\/p>\n<p class=\"paragraph-module\">Informacje brzmi\u0105 bardzo optymistycznie, szczeg\u00f3lnie \u017ce zar\u00f3wno systemy SAMP\/T NG, jak i samoloty wielozadaniowe Rafale powinny g\u00f3rowa\u0107 nad analogicznymi systemami rosyjskimi. Rafale uzbrojony w pociski Meteor m\u00f3g\u0142by wr\u0119cz odwr\u00f3ci\u0107 losy wojny i da\u0107 Ukrainie dominacj\u0119 w powietrzu (i np. rozpocz\u0105\u0107 polowania na obci\u0105\u017cone \u0142adunkiem bombowce frontowe Su-34). Maszyny te by\u0142y testowane w Egipcie przeciwko Su-35, kt\u00f3re (wg doniesie\u0144 egipskich) zosta\u0142y zdeklasowane. Z kolei realne mo\u017cliwo\u015bci Su-57 pozostaj\u0105 nadal w\u0105tpliwe, a samoloty te w s\u0142u\u017cbie rosyjskiej s\u0105 nieliczne.<\/p>\n<p class=\"paragraph-module\">Problemy s\u0105 jednak innej natury. Po pierwsze, nie wiadomo, sk\u0105d znajdzie Ukraina pieni\u0105dze na ca\u0142y ten pakiet. Odpowiedzi\u0105 mog\u0105 by\u0107 skonfiskowane pieni\u0105dze pochodz\u0105ce z rosyjskich depozyt\u00f3w. Podobnie jak mia\u0142oby to by\u0107 w przypadku zapowiadanych 100-150 samolot\u00f3w Gripen. Inn\u0105 mo\u017cliwo\u015bci\u0105 jest, \u017ce zakup zostanie dokonany za pieni\u0105dze, na kt\u00f3re z\u0142o\u017c\u0105 si\u0119 pa\u0144stwa europejskie (plus ewentualnie inne wspieraj\u0105ce Ukrain\u0119).<\/p>\n<p class=\"paragraph-module\">100 samolot\u00f3w Rafale to jednak, bior\u0105c pod uwag\u0119 dzisiejsze ceny, koszt kilkunastu miliard\u00f3w USD. Bez ruszenia rosyjskich depozyt\u00f3w (szacowanych na 300 mld USD) b\u0119dzie to du\u017cy koszt. Chocia\u017c, by\u0107 mo\u017ce, roz\u0142o\u017cony na kilka lat, b\u0119dzie on do zniesienia.<\/p>\n<p class=\"paragraph-module\">Drugi problem stanowi przepustowo\u015b\u0107 linii produkcyjnych Rafale. Obecnie firma Dassault ma niezrealizowane zam\u00f3wienia na niemal 200 samolot\u00f3w (dla Zjednoczonych Emirat\u00f3w Arabskich, Indonezji, Indii; w 2026 roku maj\u0105 zako\u0144czy\u0107 si\u0119 dostawy dla Egiptu), a wkr\u00f3tce mo\u017ce otrzyma\u0107 zam\u00f3wienie na 114 sztuk od Indii, kt\u00f3re chc\u0105 dokona\u0107 wyboru w ramach programu MRCA 2.0.<\/p>\n<p class=\"paragraph-module\">Tymczasem roczna produkcja si\u0119gn\u0119\u0142a 24 maszyn, a plany zwi\u0119kszenia jej do 48 sztuk rocznie s\u0105 w toku i nie wiadomo kiedy b\u0119d\u0105 mog\u0142y zosta\u0107 zrealizowane.<\/p>\n","protected":false},"excerpt":{"rendered":"Maciej Szopa Ukraina podpisa\u0142a list intencyjny w sprawie zakupu do 100 samolot\u00f3w wielozadaniowych Dassault Rafale \u2013 poinformowa\u0142a ambasada&hellip;\n","protected":false},"author":2,"featured_media":105729,"comment_status":"","ping_status":"","sticky":false,"template":"","format":"standard","meta":{"footnotes":""},"categories":[14],"tags":[32,33,23503,96,27,34,35,28,31,25,40,41,23410,23504,80,29,30,415,26,2890,82,83,84],"class_list":{"0":"post-105728","1":"post","2":"type-post","3":"status-publish","4":"format-standard","5":"has-post-thumbnail","7":"category-swiat","8":"tag-breaking-news","9":"tag-breakingnews","10":"tag-dassault-rafale","11":"tag-francja","12":"tag-headlines","13":"tag-latest-news","14":"tag-latestnews","15":"tag-naglowki","16":"tag-najwazniejsze-artykuly","17":"tag-news","18":"tag-polish","19":"tag-polski","20":"tag-rafale","21":"tag-sprzedaz-uzbrojenia","22":"tag-swiat","23":"tag-top-stories","24":"tag-topstories","25":"tag-ukraina","26":"tag-wiadomosci","27":"tag-wojna-w-ukrainie","28":"tag-world","29":"tag-world-news","30":"tag-worldnews"},"share_on_mastodon":{"url":"https:\/\/pubeurope.com\/@pl\/115565561419854703","error":""},"_links":{"self":[{"href":"https:\/\/www.europesays.com\/pl\/wp-json\/wp\/v2\/posts\/105728","targetHints":{"allow":["GET"]}}],"collection":[{"href":"https:\/\/www.europesays.com\/pl\/wp-json\/wp\/v2\/posts"}],"about":[{"href":"https:\/\/www.europesays.com\/pl\/wp-json\/wp\/v2\/types\/post"}],"author":[{"embeddable":true,"href":"https:\/\/www.europesays.com\/pl\/wp-json\/wp\/v2\/users\/2"}],"replies":[{"embeddable":true,"href":"https:\/\/www.europesays.com\/pl\/wp-json\/wp\/v2\/comments?post=105728"}],"version-history":[{"count":0,"href":"https:\/\/www.europesays.com\/pl\/wp-json\/wp\/v2\/posts\/105728\/revisions"}],"wp:featuredmedia":[{"embeddable":true,"href":"https:\/\/www.europesays.com\/pl\/wp-json\/wp\/v2\/media\/105729"}],"wp:attachment":[{"href":"https:\/\/www.europesays.com\/pl\/wp-json\/wp\/v2\/media?parent=105728"}],"wp:term":[{"taxonomy":"category","embeddable":true,"href":"https:\/\/www.europesays.com\/pl\/wp-json\/wp\/v2\/categories?post=105728"},{"taxonomy":"post_tag","embeddable":true,"href":"https:\/\/www.europesays.com\/pl\/wp-json\/wp\/v2\/tags?post=105728"}],"curies":[{"name":"wp","href":"https:\/\/api.w.org\/{rel}","templated":true}]}}