{"id":105730,"date":"2025-11-17T14:42:08","date_gmt":"2025-11-17T14:42:08","guid":{"rendered":"https:\/\/www.europesays.com\/pl\/105730\/"},"modified":"2025-11-17T14:42:08","modified_gmt":"2025-11-17T14:42:08","slug":"tragedia-na-egzotycznej-plazy-nie-zyje-turystka-z-polski-onet","status":"publish","type":"post","link":"https:\/\/www.europesays.com\/pl\/105730\/","title":{"rendered":"Tragedia na egzotycznej pla\u017cy. Nie \u017cyje turystka z Polski &#8211; Onet"},"content":{"rendered":"<ol>\n<li><a href=\"https:\/\/news.google.com\/rss\/articles\/CBMisAFBVV95cUxQN3diaWlya0pxaHk3eGlxbXVPZ3pNemdzcWk3djZGdGxRWE1YSzlXWGR1RG9IaVFJVGdFVVcxOFhfdzlwYnlXR0hOdEZQaWVtQmdaTWdCNE1LVGlQWHF5bjFIU2RaYkxBRFBrcmh4VFpRSmpTY2NMX3BpaHI5ai1vdGszN1ZOUXBIUXJKMmZENE1ycG9URG9qX0pfUVBoZWZvZDdCN0hDYkZmYVFsbDg5Tw?oc=5\" target=\"_blank\" rel=\"nofollow noopener\">Tragedia na egzotycznej pla\u017cy. Nie \u017cyje turystka z Polski<\/a>&nbsp;&nbsp;Onet<\/li>\n<li><a href=\"https:\/\/news.google.com\/rss\/articles\/CBMiugFBVV95cUxQeTJXOEFSQi1GWjNCOHJ4d05WR0VTamlCLXl1N0RHMC11WGlVbUU3NWhsdzVITk01RHFZY0diRVB1cU1sVWVPNExaa0JKdVQ5YTN5WEk0ajZETGstc21NMHBYV196bGRwZzJlMlNTdU5QQ2phbnpTMFN5TTNlUDRfcEp4eU1IZGdOUWFBV3NJLUlFb0ltQmh0SjZMcERYa2VtRnVqVVhDaXJabkRaN1lIaUNJUEVTZ2VWZWc?oc=5\" target=\"_blank\" rel=\"nofollow noopener\">Tragiczne sceny w wakacyjnym raju. Polka zgin\u0119\u0142a na oczach turyst\u00f3w<\/a>&nbsp;&nbsp;Wydarzenia w INTERIA.PL<\/li>\n<li><a href=\"https:\/\/news.google.com\/rss\/articles\/CBMiugFBVV95cUxQZ1BqM1doc0VBRVJWcDMwc3NTUUtjVldKWC05UmxHcFJwaE41STVXS0xnSmgtRnlLUEtrM1RhSERRUUJlRHFUQlZwbmtMSUhZOWgtNS1EVFBDdzdCNDNDdzRVTUl0VEc2ODVRNWtiVFlQZjhxYnJsaDhpNE82THdJTVZMQnNFamFRSEU3dXdIa21INjhnRUxEWmhCZERoUXZnWGxiTXJrUG5IQ3BCaHJlenMyUXNiOE9oYmc?oc=5\" target=\"_blank\" rel=\"nofollow noopener\">Nie \u017cyje polska turystka. Pojecha\u0142a na wakacje do Kenii. W\u0142adze chc\u0105 zmian<\/a>&nbsp;&nbsp;Gazeta<\/li>\n<li><a href=\"https:\/\/news.google.com\/rss\/articles\/CBMirAFBVV95cUxOTTBWUkM5SW1rSWpFT0VlSkhRcElkSkU1R0NGSnBHVXhadnlWRHduV1NKbEVKeGFhLVZ2ZUhjY09JSEpLX3MwWUtVS05yWDVnbWgwOG5jbnpBa1VKOVBpcTZ4ZzlqcW1sbUJLWmUzSXY2VXZnX3pwOXJESjhSYlNIOE0ybnJNSm1WblV6QU5UVWhoazg0SEk2Q0lfV2lrVWF6NkpjMUpZSE1vdXMz?oc=5\" target=\"_blank\" rel=\"nofollow noopener\">Tragiczny fina\u0142 wakacji w Kenii. Turystka z Polski nie \u017cyje<\/a>&nbsp;&nbsp;RMF24<\/li>\n<li><a href=\"https:\/\/news.google.com\/rss\/articles\/CBMipwFBVV95cUxOVDBCMl9haUtFQ2hBZHkxUkF3dDdRbHpMcmRKTDVXb0QxNTRoQjlUVC1GQWxfOEoyMXU1RWxNVl92enN4MkN3d2d6cUdFOF9hcVI0cEhGUlEzMEtPdHBBNlJHcFk4MnUwSTZGdkxjYmR3clNCMUw3NTVwdFFQRkM1VjFwMl9PZEs0NjlNaHd5ZUc1VHVpdUlDczBVU3RtbkU3b3RZaWhsRQ?oc=5\" target=\"_blank\" rel=\"nofollow noopener\">Dramat podczas wakacji w Kenii. Polskiej turystki nie uda\u0142o si\u0119 uratowa\u0107<\/a>&nbsp;&nbsp;Fakt<\/li>\n<\/ol>\n","protected":false},"excerpt":{"rendered":"Tragedia na egzotycznej pla\u017cy. Nie \u017cyje turystka z Polski&nbsp;&nbsp;Onet Tragiczne sceny w wakacyjnym raju. Polka zgin\u0119\u0142a na oczach&hellip;\n","protected":false},"author":2,"featured_media":105731,"comment_status":"","ping_status":"","sticky":false,"template":"","format":"standard","meta":{"footnotes":""},"categories":[5],"tags":[32,33,36,37,27,67,19579,34,35,28,31,53,25,52,68,51,55,42,38,40,39,41,47,511,29,30,723,65,50,26],"class_list":{"0":"post-105730","1":"post","2":"type-post","3":"status-publish","4":"format-standard","5":"has-post-thumbnail","7":"category-naglowki","8":"tag-breaking-news","9":"tag-breakingnews","10":"tag-featured-news","11":"tag-featurednews","12":"tag-headlines","13":"tag-intextvideo_splayer","14":"tag-kenia_kraj","15":"tag-latest-news","16":"tag-latestnews","17":"tag-naglowki","18":"tag-najwazniejsze-artykuly","19":"tag-new_header","20":"tag-news","21":"tag-onet3","22":"tag-onet3d","23":"tag-onet3d_2i","24":"tag-phx","25":"tag-pl","26":"tag-poland","27":"tag-polish","28":"tag-polska","29":"tag-polski","30":"tag-screening_general","31":"tag-smierc","32":"tag-top-stories","33":"tag-topstories","34":"tag-turysci","35":"tag-update_me","36":"tag-v2021","37":"tag-wiadomosci"},"share_on_mastodon":{"url":"https:\/\/pubeurope.com\/@pl\/115565569281749097","error":""},"_links":{"self":[{"href":"https:\/\/www.europesays.com\/pl\/wp-json\/wp\/v2\/posts\/105730","targetHints":{"allow":["GET"]}}],"collection":[{"href":"https:\/\/www.europesays.com\/pl\/wp-json\/wp\/v2\/posts"}],"about":[{"href":"https:\/\/www.europesays.com\/pl\/wp-json\/wp\/v2\/types\/post"}],"author":[{"embeddable":true,"href":"https:\/\/www.europesays.com\/pl\/wp-json\/wp\/v2\/users\/2"}],"replies":[{"embeddable":true,"href":"https:\/\/www.europesays.com\/pl\/wp-json\/wp\/v2\/comments?post=105730"}],"version-history":[{"count":0,"href":"https:\/\/www.europesays.com\/pl\/wp-json\/wp\/v2\/posts\/105730\/revisions"}],"wp:featuredmedia":[{"embeddable":true,"href":"https:\/\/www.europesays.com\/pl\/wp-json\/wp\/v2\/media\/105731"}],"wp:attachment":[{"href":"https:\/\/www.europesays.com\/pl\/wp-json\/wp\/v2\/media?parent=105730"}],"wp:term":[{"taxonomy":"category","embeddable":true,"href":"https:\/\/www.europesays.com\/pl\/wp-json\/wp\/v2\/categories?post=105730"},{"taxonomy":"post_tag","embeddable":true,"href":"https:\/\/www.europesays.com\/pl\/wp-json\/wp\/v2\/tags?post=105730"}],"curies":[{"name":"wp","href":"https:\/\/api.w.org\/{rel}","templated":true}]}}