{"id":105732,"date":"2025-11-17T14:43:13","date_gmt":"2025-11-17T14:43:13","guid":{"rendered":"https:\/\/www.europesays.com\/pl\/105732\/"},"modified":"2025-11-17T14:43:13","modified_gmt":"2025-11-17T14:43:13","slug":"wta-zaktualizowalo-ranking-awans-polek-ale-wazny-inny-ranking","status":"publish","type":"post","link":"https:\/\/www.europesays.com\/pl\/105732\/","title":{"rendered":"WTA zaktualizowa\u0142o ranking. Awans Polek, ale wa\u017cny inny ranking"},"content":{"rendered":"<p class=\"typography ids-typeset-body ids-typeset-body--preset-large link paragraph ids-paragraph ids-paragraph--default\">Kolejne punkty w tych dw\u00f3ch meczach do\u0142o\u017cy\u0142y: Katarzyna Kawa, Linda Klimovicova oraz Martyna Kubka. Polki awansowa\u0142y do kwietniowych zmaga\u0144 w eliminacjach Grupy \u015awiatowej &#8211; stawk\u0105 b\u0119dzie ju\u017c miejsce w finale 2026 w Shenzhen.<\/p>\n<p class=\"typography ids-typeset-body ids-typeset-body--preset-large link paragraph ids-paragraph ids-paragraph--default\">Iga wr\u00f3ci do rywalizacji na pocz\u0105tku stycznia przysz\u0142ego roku w Australii. Niekt\u00f3re Polki wci\u0105\u017c jednak walcz\u0105 na ca\u0142ym \u015bwiecie, tak\u017ce te z kadry. Do Ameryki Po\u0142udniowej ruszy\u0142a Maja Chwali\u0144ska, Katarzyna Kawa ma w planach zawody w Dubaju, Linda Klimovicova &#8211; w Angers.\u00a0Wci\u0105\u017c bowiem trwa walka o punkty, a WTA wci\u0105\u017c uaktualnia \u015bwiatowy ranking. To ostatnie w\u0142a\u015bnie nast\u0105pi\u0142o nad ranem polskiego czasu.<\/p>\n<p>Ranking WTA. Aryna Sabalenka wci\u0105\u017c przed Ig\u0105 \u015awi\u0105tek. Co si\u0119 dzieje w &#8222;krajowym rankingu&#8221; liderek? Jest ciekawie<\/p>\n<p class=\"typography ids-typeset-body ids-typeset-body--preset-large link paragraph ids-paragraph ids-paragraph--default\">W czo\u0142\u00f3wce listy WTA \u017cadnych zmian by\u0107 nie mog\u0142o, bo te\u017c i WTA Finals by\u0142o ostatnim turniejem dla elity. Ma\u0142o tego, z uwagi na turnieje BJK Cup nie odby\u0142y si\u0119 te\u017c zawody rangi WTA 125, a nawet i te wi\u0119ksze ITF. Dosz\u0142o do bardzo rzadkiej sytuacji, w kt\u00f3rej w TOP 100 \u017cadna zawodniczka nie awansowa\u0142a i nie spad\u0142a. Iga \u015awi\u0105tek jest wi\u0119c wci\u0105\u017c druga, za Aryn\u0105 Sabalenk\u0105, Magda Linette 55., a Magdalena Fr\u0119ch &#8211; 59.<\/p>\n<p><img decoding=\"async\" class=\"ids-image-holder__img\" loading=\"lazy\" alt=\"Dwie kobiety w sportowych strojach, po lewej w bia\u0142ej koszulce i czapce z daszkiem, po prawej u\u015bmiechni\u0119ta w czarnej koszulce bez r\u0119kaw\u00f3w i sportowej bi\u017cuterii.\" title=\"Iga \u015awi\u0105tek i Aryna Sabalenka\" width=\"1748\" height=\"1240\" src=\"https:\/\/www.europesays.com\/pl\/wp-content\/uploads\/2025\/11\/000LV4RJIEH9VNL0-C322-F4.webp.webp\"\/><\/p>\n<p>Iga \u015awi\u0105tek i Aryna SabalenkaELSA\/GETTY IMAGES NORTH AMERICA\/ADEK BERRY AFP<\/p>\n<p class=\"typography ids-typeset-body ids-typeset-body--preset-large link paragraph ids-paragraph ids-paragraph--default\">Takie roszady s\u0105 za\u015b na pocz\u0105tku drugiej setki &#8211; jedna z nich dotyczy Katarzyny Kawy, kt\u00f3ra ze 124. pozycji przesun\u0119\u0142a si\u0119 o dwie lokaty wy\u017cej.\u00a0Bez zmian jest z kolei w przypadku Mai Chwali\u0144skiej (WTA 133), Lindy Kllimovicovej (WTA 149) i Martyny Kubki (WTA 359). Sporo w g\u00f3r\u0119 przesun\u0119\u0142y si\u0119 trzy inne Polki: Zuzanna Pawlikowska jest 433. (awans o 16 pozycji), Marcelina Podli\u0144ska 619 (awans o 18 miejsc), a wracaj\u0105ca Gina Feistel &#8211; 653. (awans o 37 miejsc).<\/p>\n<p class=\"typography ids-typeset-body ids-typeset-body--preset-large link paragraph ids-paragraph ids-paragraph--default\">Mimo \u017ce \u017cadne zmiany nie zasz\u0142y na szczycie, to warto zwr\u00f3ci\u0107 uwag\u0119, \u017ce Sabalenka ju\u017c 65. tydzie\u0144 pe\u0142ni rol\u0119 liderki &#8211; a 57. z rz\u0119du. Iga \u015awi\u0105tek by\u0142a &#8222;jedynk\u0105&#8221; \u0142\u0105cznie przez 125 tygodnie &#8211; najpierw 75 mi\u0119dzy kwietnie 2022 i wrze\u015bniem 2023 roku, a p\u00f3\u017aniej r\u00f3wne 50 od wrze\u015bnie 2023 do pa\u017adziernika 2024. Teraz panuje Sabalenka, cho\u0107 formalnie jej dorobek nie wpada obecnie na konto Bia\u0142orusi, bo zawodniczki z tego kraju od ko\u0144ca lutego 2022 roku startuj\u0105 jako &#8222;neutralne&#8221;.<\/p>\n<p class=\"typography ids-typeset-body ids-typeset-body--preset-large link paragraph ids-paragraph ids-paragraph--default\">Tyle \u017ce kiedy\u015b ta chwila si\u0119 sko\u0144czy i nie wiadomo, jak zostan\u0105 potraktowane tygodnie z Sabalenk\u0105 w roli liderki.<\/p>\n<p><img decoding=\"async\" class=\"ids-image-holder__img\" loading=\"lazy\" alt=\"Iga \u015awi\u0105tek\" title=\"Iga \u015awi\u0105tek\" width=\"3705\" height=\"2470\" src=\"https:\/\/www.europesays.com\/pl\/wp-content\/uploads\/2025\/11\/000LXFE5FCEYNGA2-C322-F4.webp.webp\"\/><\/p>\n<p>Iga \u015awi\u0105tekLech Muszy\u0144skiPAP<\/p>\n<p class=\"typography ids-typeset-body ids-typeset-body--preset-large link paragraph ids-paragraph ids-paragraph--default\">W klasyfikacji kraj\u00f3w na czele jest oczywi\u015bcie USA (1123 tygodnie), przed Niemcami (411) i Szwajcari\u0105 (209). Polska zajmuje sz\u00f3ste miejsce &#8211; na nasz dorobek sk\u0142ada si\u0119 125 tygodni Igi, bo Agnieszka Radwa\u0144ska maksymalnie wskoczy\u0142a na drugie miejsce. P\u00f3\u017aniej jest Australia (123), Dania (71), Rumunia (64) i&#8230; Bia\u0142oru\u015b (51).<\/p>\n<p class=\"typography ids-typeset-body ids-typeset-body--preset-large link paragraph ids-paragraph ids-paragraph--default\">I tu w\u0142a\u015bnie trafiamy do sedna. Dorobek tego kraju stanowi wy\u0142\u0105cznie ten okres, gdy na czele listy by\u0142a Wiktoria Azarenka. Je\u015bli do\u0142o\u017cymy do tych 51 tygodni a\u017c 65 Sabalenki, b\u0119dziemy mieli ju\u017c 116.<\/p>\n<p class=\"typography ids-typeset-body ids-typeset-body--preset-large link paragraph ids-paragraph ids-paragraph--default\">Formalnie wi\u0119c w trakcie Australian Open Bia\u0142oru\u015b, nieoficjalnie, znajdzie si\u0119 wy\u017cej od Polski. Bo oficjalnie, wszystko na to wskazuje, Sabalenka wci\u0105\u017c b\u0119dzie wyst\u0119powa\u0107 bez flagi.<\/p>\n<ul class=\"typography ids-typeset-body ids-typeset-body--preset-small list--article-list ids-list ids-list--unordered ids-list--size-small \" datatype=\"disc\">\n<li class=\"ids-list-item ids-list-item__content brief-list-item\"><a class=\"ids-undecorated-link link ids-link \" data-spons=\"false\" href=\"https:\/\/sport.interia.pl\/tenis\/news-aryna-sabalenka-w-centrum-skandalu-wstyd-dla-calego-tenisa,nId,22454844\" rel=\"nofollow noopener\" target=\"_blank\">Aryna Sabalenka w centrum skandalu. &#8222;Wstyd dla ca\u0142ego tenisa&#8221;<\/a><\/li>\n<li class=\"ids-list-item ids-list-item__content brief-list-item\"><a class=\"ids-undecorated-link link ids-link \" data-spons=\"false\" href=\"https:\/\/sport.interia.pl\/iga-swiatek\/news-oto-kolejny-mecz-igi-swiatek-w-reprezentacji-polski-celt-zdr,nId,22454720\" rel=\"nofollow noopener\" target=\"_blank\">Oto kolejny mecz Igi \u015awi\u0105tek w reprezentacji Polski? Celt zdradza: Rozmowy by\u0142y<\/a><\/li>\n<\/ul>\n<p><img decoding=\"async\" class=\"ids-image-holder__img\" loading=\"lazy\" alt=\"Kobieta w sportowym stroju i czapce z daszkiem podczas meczu tenisa, w dynamicznej pozie, gestykuluje r\u0119k\u0105, na tle ciemnego rozmytego otoczenia. Na jej koszulce widoczne s\u0105 logotypy sponsor\u00f3w.\" title=\"Iga \u015awi\u0105tek\" width=\"3705\" height=\"2470\" src=\"https:\/\/www.europesays.com\/pl\/wp-content\/uploads\/2025\/11\/000LXLBLRLPQMWQW-C322-F4.webp.webp\"\/><\/p>\n<p>Iga \u015awi\u0105tekArtur Widak \/ NurPhoto \/ NurPhoto via AFPAFP<\/p>\n<p><img decoding=\"async\" class=\"ids-image-holder__img\" loading=\"lazy\" alt=\"Kobieta w sportowym stroju na tle ciemnego otoczenia, z wyrazem skupienia na twarzy, ubrana w czerwony top z widocznym logo Nike i kilka naszyjnik\u00f3w na szyi.\" title=\"Aryna Sabalenka podczas WTA Finals 2025\" width=\"3705\" height=\"2470\" src=\"https:\/\/www.europesays.com\/pl\/wp-content\/uploads\/2025\/11\/000LVS2SJSEKQ1WI-C322-F4.webp.webp\"\/><\/p>\n<p>Aryna Sabalenka podczas WTA Finals 2025NurPhoto \/ NurPhoto via AFP &#8211; Artur Widak \/ ANADOLU \/ Anadolu via AFPAFP<\/p>\n<p>Polska ma nowy talent? \u015awi\u0105tek chwali m\u0142od\u0105 reprezentantk\u0119 podczas BJK CupPolsat Sport<\/p>\n<p><a class=\"ids-undecorated-link source ids-page-info--source__link\" href=\"https:\/\/www.interia.pl\" rel=\"nofollow noopener\" target=\"_blank\"><img decoding=\"async\" class=\"ids-image-holder__img\" loading=\"lazy\" alt=\"\" title=\"\" height=\"24px\" src=\"https:\/\/www.europesays.com\/pl\/wp-content\/uploads\/2025\/11\/1763129291_425_0009A60QQ5I2TYF7-C202-F4.webp.webp\"\/><\/a><\/p>\n<p>Masz sugestie, uwagi albo widzisz b\u0142\u0105d? Napisz do nas<\/p>\n","protected":false},"excerpt":{"rendered":"Kolejne punkty w tych dw\u00f3ch meczach do\u0142o\u017cy\u0142y: Katarzyna Kawa, Linda Klimovicova oraz Martyna Kubka. Polki awansowa\u0142y do kwietniowych&hellip;\n","protected":false},"author":2,"featured_media":105733,"comment_status":"","ping_status":"","sticky":false,"template":"","format":"standard","meta":{"footnotes":""},"categories":[24],"tags":[42,38,40,39,41,127,126],"class_list":{"0":"post-105732","1":"post","2":"type-post","3":"status-publish","4":"format-standard","5":"has-post-thumbnail","7":"category-sport","8":"tag-pl","9":"tag-poland","10":"tag-polish","11":"tag-polska","12":"tag-polski","13":"tag-sport","14":"tag-sports"},"share_on_mastodon":{"url":"https:\/\/pubeurope.com\/@pl\/115565573586748082","error":""},"_links":{"self":[{"href":"https:\/\/www.europesays.com\/pl\/wp-json\/wp\/v2\/posts\/105732","targetHints":{"allow":["GET"]}}],"collection":[{"href":"https:\/\/www.europesays.com\/pl\/wp-json\/wp\/v2\/posts"}],"about":[{"href":"https:\/\/www.europesays.com\/pl\/wp-json\/wp\/v2\/types\/post"}],"author":[{"embeddable":true,"href":"https:\/\/www.europesays.com\/pl\/wp-json\/wp\/v2\/users\/2"}],"replies":[{"embeddable":true,"href":"https:\/\/www.europesays.com\/pl\/wp-json\/wp\/v2\/comments?post=105732"}],"version-history":[{"count":0,"href":"https:\/\/www.europesays.com\/pl\/wp-json\/wp\/v2\/posts\/105732\/revisions"}],"wp:featuredmedia":[{"embeddable":true,"href":"https:\/\/www.europesays.com\/pl\/wp-json\/wp\/v2\/media\/105733"}],"wp:attachment":[{"href":"https:\/\/www.europesays.com\/pl\/wp-json\/wp\/v2\/media?parent=105732"}],"wp:term":[{"taxonomy":"category","embeddable":true,"href":"https:\/\/www.europesays.com\/pl\/wp-json\/wp\/v2\/categories?post=105732"},{"taxonomy":"post_tag","embeddable":true,"href":"https:\/\/www.europesays.com\/pl\/wp-json\/wp\/v2\/tags?post=105732"}],"curies":[{"name":"wp","href":"https:\/\/api.w.org\/{rel}","templated":true}]}}