{"id":105734,"date":"2025-11-17T14:44:07","date_gmt":"2025-11-17T14:44:07","guid":{"rendered":"https:\/\/www.europesays.com\/pl\/105734\/"},"modified":"2025-11-17T14:44:07","modified_gmt":"2025-11-17T14:44:07","slug":"zagral-tyrana-w-domu-dobrym-zalala-go-fala-hejtu-myla-aktora-z-zagrana-postacia","status":"publish","type":"post","link":"https:\/\/www.europesays.com\/pl\/105734\/","title":{"rendered":"Zagra\u0142 tyrana w &#8222;Domu dobrym&#8221;. Zala\u0142a go fala hejtu. &#8222;Myl\u0105 aktora z zagran\u0105 postaci\u0105&#8221;"},"content":{"rendered":"<p>    udost\u0119pnij artyku\u0142<\/p>\n<ul class=\"buttons\" data-mobile=\"false\" data-run-module=\"local\/main.share\">\n<li class=\"button\" style=\"position: relative\">\n<p>                    Udost\u0119pnij artyku\u0142 przez:<\/p>\n<\/li>\n<li class=\"button\">\n            <a data-section=\"shareButtonClickEmail\" class=\"shareLink\" target=\"_blank\" href=\"mailto:?subject=Przeczytaj%20artyku%C5%82: Zagra%C5%82%20tyrana%20w%20%22Domu%20dobrym%22.%20Zala%C5%82a%20go%20fala%20hejtu.%20%22Myl%C4%85%20aktora%20z%20zagran%C4%85%20postaci%C4%85%22%20%20%7C%20Ofeminin&amp;body=Zagra%C5%82%20tyrana%20w%20%22Domu%20dobrym%22.%20Zala%C5%82a%20go%20fala%20hejtu.%20%22Myl%C4%85%20aktora%20z%20zagran%C4%85%20postaci%C4%85%22%20%20%7C%20Ofeminin%0D%0A%0D%0Ahttps:\/\/www.ofeminin.pl\/swiat-kobiet\/to-dla-nas-wazne\/zagral-tyrana-w-domu-dobrym-zalala-go-fala-hejtu-myla-aktora-z-zagrana-postacia\/k9ze8bz\"><\/p>\n<p>            <\/a>\n        <\/li>\n<\/ul>\n<p>&#8222;Dom dobry&#8221;, najnowszy film Wojciecha Smarzowskiego, jest najbardziej komentowan\u0105 polsk\u0105 produkcj\u0105 ostatnich lat. Obraz wzbudzi\u0142 silne emocje w\u015br\u00f3d widz\u00f3w, jednak nieoczekiwanie wywo\u0142a\u0142 te\u017c bardzo niemi\u0142e konsekwencje dla odtw\u00f3rcy jednej z dw\u00f3ch g\u0142\u00f3wnych r\u00f3l, Tomasza Schuchardta. Aktor, kt\u00f3rego bohater w produkcji zn\u0119ca si\u0119 nad \u017con\u0105, mierzy si\u0119 teraz z fal\u0105 hejtu w sieci. Jak zauwa\u017cy\u0142 Krzysztof Skiba w swoim felietonie, cz\u0119\u015b\u0107 widz\u00f3w nie potrafi oddzieli\u0107 Schuchardta od jego postaci, co skutkuje fal\u0105 niech\u0119ci wobec artysty.<\/p>\n<p class=\"paragraph\">&#8222;Dom dobry&#8221;, kt\u00f3ry mia\u0142 swoj\u0105 premier\u0119 7 listopada 2025 r., to kolejny obraz Smarzowskiego, kt\u00f3ry porusza trudne tematy spo\u0142eczne. W filmie Tomasz Schuchardt wciela si\u0119 w Grze\u015bka, m\u0119\u017cczyzn\u0119, kt\u00f3ry w koszmarny spos\u00f3b zn\u0119ca si\u0119 nad \u017con\u0105 (Agata Turkot). Realizm i intensywno\u015b\u0107 historii, ale tak\u017ce genialne kreacje aktorskie sprawi\u0142y, \u017ce widzowie s\u0105 mocno poruszeni filmem \u2014 niestety wielu z nich zacz\u0119\u0142o uto\u017csamia\u0107 filmow\u0105 rol\u0119 z samym aktorem.<\/p>\n<p>        &#8222;Myl\u0105 aktora z zagran\u0105 postaci\u0105. To nie \u017cart&#8221;<\/p>\n<p class=\"paragraph\">Krzysztof Skiba stan\u0105\u0142 w obronie Tomasza Schuchardta, podkre\u015blaj\u0105c, \u017ce aktor wykona\u0142 swoje zadanie doskonale, a fala krytyki, kt\u00f3ra na niego spad\u0142a, jest nieuzasadniona. &#8222;Tomasz Schuchardt mia\u0142 niezwykle trudne zadanie, ale zagra\u0142 role doskonale i teraz obrywa za to hejtem ze strony&#8230;widz\u00f3w, kt\u00f3rzy myl\u0105 aktora z zagran\u0105 postaci\u0105. To nie \u017cart. Okaza\u0142o si\u0119, \u017ce wielu doros\u0142ych Polak\u00f3w zachowuje si\u0119 jak dzieci, kt\u00f3re wierz\u0105, \u017ce smok z bajki istnieje i jest nim ten aktor, kt\u00f3ry nosi kostium smoka&#8221; \u2014 napisa\u0142 Krzysztof Skiba w felietonie.<\/p>\n<p class=\"paragraph\">Zdaniem Skiby, re\u017cyser &#8222;Domu dobrego&#8221; celowo przedstawi\u0142 spiral\u0119 przemocy w spos\u00f3b, kt\u00f3ry &#8222;wytr\u0105ca widz\u00f3w z r\u00f3wnowagi&#8221;. To w\u0142a\u015bnie ta wiarygodno\u015b\u0107, jak twierdzi muzyk, mo\u017ce prowadzi\u0107 do nieporozumie\u0144 i niezdrowych reakcji widz\u00f3w, co jednak nie powinno mie\u0107 miejsca.<\/p>\n<p>    udost\u0119pnij artyku\u0142<\/p>\n<ul class=\"buttons\" data-mobile=\"false\" data-run-module=\"local\/main.share\">\n<li class=\"button\" style=\"position: relative\">\n<p>                    Udost\u0119pnij artyku\u0142 przez:<\/p>\n<\/li>\n<li class=\"button\">\n            <a data-section=\"shareButtonClickEmail\" class=\"shareLink\" target=\"_blank\" href=\"mailto:?subject=Przeczytaj%20artyku%C5%82: Zagra%C5%82%20tyrana%20w%20%22Domu%20dobrym%22.%20Zala%C5%82a%20go%20fala%20hejtu.%20%22Myl%C4%85%20aktora%20z%20zagran%C4%85%20postaci%C4%85%22%20%20%7C%20Ofeminin&amp;body=Zagra%C5%82%20tyrana%20w%20%22Domu%20dobrym%22.%20Zala%C5%82a%20go%20fala%20hejtu.%20%22Myl%C4%85%20aktora%20z%20zagran%C4%85%20postaci%C4%85%22%20%20%7C%20Ofeminin%0D%0A%0D%0Ahttps:\/\/www.ofeminin.pl\/swiat-kobiet\/to-dla-nas-wazne\/zagral-tyrana-w-domu-dobrym-zalala-go-fala-hejtu-myla-aktora-z-zagrana-postacia\/k9ze8bz\"><\/p>\n<p>            <\/a>\n        <\/li>\n<\/ul>\n","protected":false},"excerpt":{"rendered":"udost\u0119pnij artyku\u0142 Udost\u0119pnij artyku\u0142 przez: &#8222;Dom dobry&#8221;, najnowszy film Wojciecha Smarzowskiego, jest najbardziej komentowan\u0105 polsk\u0105 produkcj\u0105 ostatnich lat.&hellip;\n","protected":false},"author":2,"featured_media":105735,"comment_status":"","ping_status":"","sticky":false,"template":"","format":"standard","meta":{"footnotes":""},"categories":[22],"tags":[122,42,38,40,39,41,123],"class_list":{"0":"post-105734","1":"post","2":"type-post","3":"status-publish","4":"format-standard","5":"has-post-thumbnail","7":"category-rozrywka","8":"tag-entertainment","9":"tag-pl","10":"tag-poland","11":"tag-polish","12":"tag-polska","13":"tag-polski","14":"tag-rozrywka"},"share_on_mastodon":{"url":"https:\/\/pubeurope.com\/@pl\/115565577035078825","error":""},"_links":{"self":[{"href":"https:\/\/www.europesays.com\/pl\/wp-json\/wp\/v2\/posts\/105734","targetHints":{"allow":["GET"]}}],"collection":[{"href":"https:\/\/www.europesays.com\/pl\/wp-json\/wp\/v2\/posts"}],"about":[{"href":"https:\/\/www.europesays.com\/pl\/wp-json\/wp\/v2\/types\/post"}],"author":[{"embeddable":true,"href":"https:\/\/www.europesays.com\/pl\/wp-json\/wp\/v2\/users\/2"}],"replies":[{"embeddable":true,"href":"https:\/\/www.europesays.com\/pl\/wp-json\/wp\/v2\/comments?post=105734"}],"version-history":[{"count":0,"href":"https:\/\/www.europesays.com\/pl\/wp-json\/wp\/v2\/posts\/105734\/revisions"}],"wp:featuredmedia":[{"embeddable":true,"href":"https:\/\/www.europesays.com\/pl\/wp-json\/wp\/v2\/media\/105735"}],"wp:attachment":[{"href":"https:\/\/www.europesays.com\/pl\/wp-json\/wp\/v2\/media?parent=105734"}],"wp:term":[{"taxonomy":"category","embeddable":true,"href":"https:\/\/www.europesays.com\/pl\/wp-json\/wp\/v2\/categories?post=105734"},{"taxonomy":"post_tag","embeddable":true,"href":"https:\/\/www.europesays.com\/pl\/wp-json\/wp\/v2\/tags?post=105734"}],"curies":[{"name":"wp","href":"https:\/\/api.w.org\/{rel}","templated":true}]}}