{"id":105782,"date":"2025-11-17T15:24:13","date_gmt":"2025-11-17T15:24:13","guid":{"rendered":"https:\/\/www.europesays.com\/pl\/105782\/"},"modified":"2025-11-17T15:24:13","modified_gmt":"2025-11-17T15:24:13","slug":"nadchodza-kolejne-fale-sniezyc-mamy-najnowsza-prognoze-na-14-dni-mapy","status":"publish","type":"post","link":"https:\/\/www.europesays.com\/pl\/105782\/","title":{"rendered":"Nadchodz\u0105 kolejne fale \u015bnie\u017cyc. Mamy najnowsz\u0105 prognoz\u0119 na 14 dni [MAPY]"},"content":{"rendered":"<p class=\"ods-c-paragraph \">Dzi\u015b (17 listopada) do Polski dotar\u0142o zapowiadane pogorszenie pogody. <a href=\"https:\/\/pogoda.onet.pl\/artykuly\/szykuje-sie-uderzenie-zimowej-pogody-te-regiony-odczuja-to-najmocniej\/ef18e0s\" id=\"1998f84e-46fb-422f-8072-2f02cb639b00\" rel=\"nofollow noopener\" target=\"_blank\">Na po\u0142udniu pada deszcz, kt\u00f3ry w kolejnych godzinach zamieni si\u0119 w deszcz ze \u015bniegiem i \u015bnieg.<\/a> Przelotne opady wyst\u0119puj\u0105 te\u017c na p\u00f3\u0142nocy, szczeg\u00f3lnie nad morzem. Nasze prognozy wskazuj\u0105, \u017ce do ko\u0144ca miesi\u0105ca czeka nas bardzo du\u017co opad\u00f3w r\u00f3\u017cnego rodzaju. Nie zabraknie zar\u00f3wno deszczu, jak i \u015bniegu.<\/p>\n<p>Dalszy ci\u0105g artyku\u0142u pod materia\u0142em wideo<\/p>\n<p> Jakie opady b\u0119d\u0105 w Polsce w nadchodz\u0105cych dniach? <\/p>\n<p> Jakie b\u0119d\u0105 temperatury w nocach w Polsce? <\/p>\n<p> Czy b\u0119d\u0105 burze w najbli\u017cszych dniach? <\/p>\n<p> Jakie regiony mog\u0105 spodziewa\u0107 si\u0119 \u015bnie\u017cyc? <\/p>\n<p>   Pogoda na 14 dni. W prognozach wida\u0107 kolejne fale opad\u00f3w \u015bniegu   <\/p>\n<p class=\"ods-c-paragraph \">We wtorek i w \u015brod\u0119 (18-19 listopada) przelotnie popada na p\u00f3\u0142nocy. B\u0119dzie to zar\u00f3wno deszcz, jak i deszcz ze \u015bniegiem i \u015bnieg. Miejscami mog\u0105 pojawi\u0107 si\u0119 nawet burze. Na pozosta\u0142ym obszarze powinno by\u0107 pogodnie. W drugiej po\u0142owie tygodnia dynamicznie zrobi si\u0119 ju\u017c w ca\u0142ym kraju. Nad Polsk\u0119 nasun\u0105 si\u0119 ni\u017ce z po\u0142udnia, sprowadzaj\u0105c bardzo du\u017co opad\u00f3w r\u00f3\u017cnej ma\u015bci. Bardzo mo\u017cliwe, \u017ce przynajmniej przez cz\u0119\u015b\u0107 kraju przejd\u0105 \u015bnie\u017cyce. Na ten moment trudno jednak wskaza\u0107 konkretne regiony.<\/p>\n<p><img decoding=\"async\" src=\"https:\/\/www.europesays.com\/pl\/wp-content\/uploads\/2025\/11\/dlZk9lBaHR0cHM6Ly9vY2RuLmV1L3B1bHNjbXMvTURBXy8wYzhjZGViYjcxNmZiZmQ2YjVjY2M0MzhlMTBkZDIwNS5wbmeRlQLNB.jpeg\" height=\"760\" width=\"760\" alt=\"Jeden z mo\u017cliwych scenariuszy zak\u0142ada przej\u015bcie \u015bnie\u017cyc pod koniec tygodnia przez zachodni\u0105 i p\u00f3\u0142nocn\u0105 Polsk\u0119\" loading=\"lazy\" class=\"ods-c-image__img ods-c-image__img--viewport-width\"\/><\/p>\n<p>Jeden z mo\u017cliwych scenariuszy zak\u0142ada przej\u015bcie \u015bnie\u017cyc pod koniec tygodnia przez zachodni\u0105 i p\u00f3\u0142nocn\u0105 Polsk\u0119meteologix.com<\/p>\n<p class=\"ods-c-paragraph \">Wiele wskazuje na to, \u017ce do ko\u0144ca miesi\u0105ca b\u0119dziemy mieli do czynienia z termicznym przedzimiem. Oznacza to \u015brednie dobowe temperatury kszta\u0142tuj\u0105ce si\u0119 w przedziale ok. 0-5 st. C. Zdarz\u0105 si\u0119 co prawda pojedyncze dni, kiedy s\u0142upki rt\u0119ci wska\u017c\u0105 maksymalnie powy\u017cej 10 st. C, ale nie b\u0119dzie ich wiele i pojawi\u0105 si\u0119 g\u0142\u00f3wnie na po\u0142udniu. Nastawmy si\u0119 te\u017c na mro\u017ane noce. Szczeg\u00f3lnie zimno ma by\u0107 w \u015brodowy i czwartkowy poranek (19 i 20 listopada) na po\u0142udniowym wschodzie. <a href=\"https:\/\/pogoda.onet.pl\/artykuly\/dwucyfrowy-mroz-uderzy-w-polske-na-termometrach-ponizej-10-st-c\/4wnqyse\" id=\"9d0beb28-12e1-4076-90d3-b803f2a2e154\" rel=\"nofollow noopener\" target=\"_blank\">Je\u015bli pojawi\u0105 si\u0119 rozpogodzenia, to spodziewamy si\u0119 tam spadk\u00f3w temperatury do ok. -10 st. C.<\/a><\/p>\n<p>   <img decoding=\"async\" src=\"https:\/\/www.europesays.com\/pl\/wp-content\/uploads\/2025\/11\/BLfk9lBaHR0cHM6Ly9vY2RuLmV1L3B1bHNjbXMvTURBXy84OWU3OTFkNzQ4ZDRmZWIxYmFiY2ExNjU3NjUxYzk2MS5wbmeRlQLNB.jpeg\" height=\"504\" width=\"940\" alt=\"W kolejnych dniach nie wida\u0107 ocieplenia\" loading=\"lazy\" class=\"ods-c-image__img ods-c-image__img--viewport-width\"\/><\/p>\n<p>W kolejnych dniach nie wida\u0107 ociepleniaIMGW-PIB METEO POLSKA<\/p>\n","protected":false},"excerpt":{"rendered":"Dzi\u015b (17 listopada) do Polski dotar\u0142o zapowiadane pogorszenie pogody. Na po\u0142udniu pada deszcz, kt\u00f3ry w kolejnych godzinach zamieni&hellip;\n","protected":false},"author":2,"featured_media":105783,"comment_status":"","ping_status":"","sticky":false,"template":"","format":"standard","meta":{"footnotes":""},"categories":[5],"tags":[32,33,36,37,27,34,35,28,31,48,25,46,42,78,38,40,39,41,47,7312,1652,29,30,26,7441],"class_list":{"0":"post-105782","1":"post","2":"type-post","3":"status-publish","4":"format-standard","5":"has-post-thumbnail","7":"category-naglowki","8":"tag-breaking-news","9":"tag-breakingnews","10":"tag-featured-news","11":"tag-featurednews","12":"tag-headlines","13":"tag-latest-news","14":"tag-latestnews","15":"tag-naglowki","16":"tag-najwazniejsze-artykuly","17":"tag-nat_styl","18":"tag-news","19":"tag-omp","20":"tag-pl","21":"tag-pogoda","22":"tag-poland","23":"tag-polish","24":"tag-polska","25":"tag-polski","26":"tag-screening_general","27":"tag-snieg","28":"tag-temperatura","29":"tag-top-stories","30":"tag-topstories","31":"tag-wiadomosci","32":"tag-zima"},"share_on_mastodon":{"url":"https:\/\/pubeurope.com\/@pl\/115565734642918399","error":""},"_links":{"self":[{"href":"https:\/\/www.europesays.com\/pl\/wp-json\/wp\/v2\/posts\/105782","targetHints":{"allow":["GET"]}}],"collection":[{"href":"https:\/\/www.europesays.com\/pl\/wp-json\/wp\/v2\/posts"}],"about":[{"href":"https:\/\/www.europesays.com\/pl\/wp-json\/wp\/v2\/types\/post"}],"author":[{"embeddable":true,"href":"https:\/\/www.europesays.com\/pl\/wp-json\/wp\/v2\/users\/2"}],"replies":[{"embeddable":true,"href":"https:\/\/www.europesays.com\/pl\/wp-json\/wp\/v2\/comments?post=105782"}],"version-history":[{"count":0,"href":"https:\/\/www.europesays.com\/pl\/wp-json\/wp\/v2\/posts\/105782\/revisions"}],"wp:featuredmedia":[{"embeddable":true,"href":"https:\/\/www.europesays.com\/pl\/wp-json\/wp\/v2\/media\/105783"}],"wp:attachment":[{"href":"https:\/\/www.europesays.com\/pl\/wp-json\/wp\/v2\/media?parent=105782"}],"wp:term":[{"taxonomy":"category","embeddable":true,"href":"https:\/\/www.europesays.com\/pl\/wp-json\/wp\/v2\/categories?post=105782"},{"taxonomy":"post_tag","embeddable":true,"href":"https:\/\/www.europesays.com\/pl\/wp-json\/wp\/v2\/tags?post=105782"}],"curies":[{"name":"wp","href":"https:\/\/api.w.org\/{rel}","templated":true}]}}