{"id":105784,"date":"2025-11-17T15:25:10","date_gmt":"2025-11-17T15:25:10","guid":{"rendered":"https:\/\/www.europesays.com\/pl\/105784\/"},"modified":"2025-11-17T15:25:10","modified_gmt":"2025-11-17T15:25:10","slug":"klub-2-ligi-zawiesil-trenera-powodem-spiecie-z-kibicami-po-meczu","status":"publish","type":"post","link":"https:\/\/www.europesays.com\/pl\/105784\/","title":{"rendered":"Klub 2. ligi zawiesi\u0142 trenera. Powodem spi\u0119cie z kibicami po meczu"},"content":{"rendered":"<p>Po\u00a0sz\u00f3stym z\u00a0rz\u0119du meczu bez\u00a0wygranej nerwy udzieli\u0142y si\u0119 asystentowi trenera klubu 2. ligi. Dosadnie zarzuci\u0142 on\u00a0kibicom jego dru\u017cyny, \u017ce\u00a0nieliczni, ale\u00a0fanatyczni przyjezdni ich zag\u0142uszyli. Pracodawca trenera zareagowa\u0142 na\u00a0te\u00a0s\u0142owa odsuni\u0119ciem go\u00a0od\u00a0zespo\u0142u.<\/p>\n<p>Resovia zn\u00f3w bez\u00a0wygranej<\/p>\n<p>Na\u00a0zako\u0144czenie niepe\u0142nej (ze\u00a0wzgl\u0119du na\u00a0mecze reprezentacyjne nie\u00a0odby\u0142y si\u0119 dwa mecze) 17. kolejki II\u00a0ligi do\u00a0Rzeszowa przyjecha\u0142a znajduj\u0105ca si\u0119 w\u00a0znakomitej formie Warta Pozna\u0144. Zieloni w\u00a0lidze wygrali 9 z\u00a010 poprzednich mecz\u00f3w. Co\u00a0wi\u0119cej, \u017cadnego z\u00a0czternastu poprzednich ligowych spotka\u0144 nie\u00a0przegrali (dziesi\u0119\u0107 wygranych i\u00a0cztery remisy). Najlepsza w\u00a0historii Warty ligowa seria bez\u00a0pora\u017cki zosta\u0142a przed\u0142u\u017cona. Pi\u0142karze Macieja Tokarczyka pokonali Resovi\u0119 2:0. Tu\u017c przed\u00a0przerw\u0105 wynik otworzy\u0142 Szymon Zalewski, a\u00a0w\u00a065. minucie stan rywalizacji ustali\u0142 Kacper Szymanek.<\/p>\n<blockquote class=\"twitter-tweet\">\n<p dir=\"ltr\" lang=\"pl\">PRECYZJA \ud83e\udd0c\ud83c\udffc\ud83c\udfaf <a href=\"https:\/\/twitter.com\/hashtag\/RESWAR?src=hash&amp;ref_src=twsrc%5Etfw\" target=\"_blank\" rel=\"noopener noreferrer nofollow\">#RESWAR<\/a> <a href=\"https:\/\/t.co\/WZDS0vfam7\" target=\"_blank\" rel=\"noopener noreferrer nofollow\">pic.twitter.com\/WZDS0vfam7<\/a><\/p>\n<p>\u2014\u00a0Warta Pozna\u0144 (@WartaPoznan) <a href=\"https:\/\/twitter.com\/WartaPoznan\/status\/1990139471069577629?ref_src=twsrc%5Etfw\" target=\"_blank\" rel=\"noopener noreferrer nofollow\">November 16, 2025<\/a><\/p>\n<\/blockquote>\n<p>Dla Resovii by\u0142 to\u00a0za\u015b ju\u017c sz\u00f3sty z\u00a0rz\u0119du mecz bez\u00a0wygranej. W\u00a0tym czasie przegra\u0142a trzykrotnie, a\u00a0w\u00a0a\u017c\u00a0czterech meczach nie\u00a0zdo\u0142a\u0142a strzeli\u0107 gola. Gorsz\u0105 seri\u0119 w\u00a02. lidze obecnie notuj\u0105 jedynie szoruj\u0105cy po\u00a0dnie tabeli \u0141KS II\u00a0\u0141\u00f3d\u017a i\u00a0GKS Jastrz\u0119bie. O\u00a0co\u00a0teraz bije si\u0119 Resovia? Mo\u017cna \u017cartobliwie odpowiedzie\u0107 \u201etak\u201d, bo\u00a0rzeszowianie maj\u0105 tylko\u00a0trzy punkty straty do\u00a0bara\u017cy o\u00a0awans, ale\u00a0te\u017c zaledwie dwa punkty przewagi nad\u00a0stref\u0105 zagro\u017con\u0105 spadkiem. Najbli\u017cszym rywalem dru\u017cyny Piotra Ko\u0142ca b\u0119dzie s\u0105siaduj\u0105ca z\u00a0ni\u0105 w\u00a0tabeli Chojniczanka, kt\u00f3ra\u00a0ma\u00a0punkt mniej.<\/p>\n<p>Spi\u0119cie trenera z\u00a0kibicami<\/p>\n<p>O\u00a0co\u00a0jednak chodzi\u0142o w\u00a0tej\u00a0ca\u0142ej dramie?<\/p>\n<p>Przygotowania do\u00a0meczu o\u00a0sze\u015b\u0107 punkt\u00f3w w\u00a0Chojnicach trenerowi Ko\u0142cowi mocno utrudni decyzja klubu o\u00a0zawieszeniu jego asystenta. W\u0142adze Resovii \u201eczasowo odsun\u0119\u0142y trenera Aleksandra Adamusa od\u00a0pracy z\u00a0pierwsz\u0105 dru\u017cyn\u0105\u201d w\u00a0wyniku spi\u0119cia z\u00a0kibicami, kt\u00f3re mia\u0142o miejsce tu\u017c po\u00a0pora\u017cce z\u00a0Wart\u0105. Na\u00a0kolejny mecz bez\u00a0wygranej fani reagowali okrzykami w\u00a0kierunku pi\u0142karzy. Takie zachowanie nie\u00a0spodoba\u0142o si\u0119 Adamusowi. Podszed\u0142 on\u00a0do\u00a0kibic\u00f3w i\u00a0zarzuci\u0142 im, \u017ce\u00a0nieliczni, ale\u00a0fanatyczni kibice z\u00a0Poznania byli g\u0142o\u015bniejsi od\u00a0miejscowych.<\/p>\n<p>\u2013 W\u00a0pi\u0119tnastu, k***a, przyjechali i\u00a0bardziej ich s\u0142ycha\u0107 od\u00a0was!<\/p>\n<p>Resovia w\u00a0komunikacie informuj\u0105cym o\u00a0zawieszeniu Adamusa doda\u0142a, \u017ce\u00a0nie\u00a0b\u0119dzie udziela\u0107 dalszych komentarzy w\u00a0tej\u00a0sprawie. 34-latek w\u00a0zespole z\u00a0Rzeszowa pracuje od\u00a0pocz\u0105tku stycznia 2025 roku. Trzy tygodnie wcze\u015bniej klub na\u00a0stanowisku pierwszego trenera zatrudni\u0142 Piotra Ko\u0142ca.<\/p>\n<p>CZYTAJ WI\u0118CEJ NA\u00a0WESZ\u0141O:<\/p>\n<p>fot.\u00a0screen PodkarpacieLive \/ Facebook<\/p>\n<p>                    <script async src=\"https:\/\/platform.twitter.com\/widgets.js\" charset=\"utf-8\"><\/script><\/p>\n","protected":false},"excerpt":{"rendered":"Po\u00a0sz\u00f3stym z\u00a0rz\u0119du meczu bez\u00a0wygranej nerwy udzieli\u0142y si\u0119 asystentowi trenera klubu 2. ligi. Dosadnie zarzuci\u0142 on\u00a0kibicom jego dru\u017cyny, \u017ce\u00a0nieliczni,&hellip;\n","protected":false},"author":2,"featured_media":105785,"comment_status":"","ping_status":"","sticky":false,"template":"","format":"standard","meta":{"footnotes":""},"categories":[24],"tags":[23509,10041,42,38,40,39,41,23510,127,126,9538],"class_list":{"0":"post-105784","1":"post","2":"type-post","3":"status-publish","4":"format-standard","5":"has-post-thumbnail","7":"category-sport","8":"tag-aleksander-adamus","9":"tag-betclic-2-liga","10":"tag-pl","11":"tag-poland","12":"tag-polish","13":"tag-polska","14":"tag-polski","15":"tag-resovia-rzeszow","16":"tag-sport","17":"tag-sports","18":"tag-warta-poznan"},"share_on_mastodon":{"url":"https:\/\/pubeurope.com\/@pl\/115565738398801977","error":""},"_links":{"self":[{"href":"https:\/\/www.europesays.com\/pl\/wp-json\/wp\/v2\/posts\/105784","targetHints":{"allow":["GET"]}}],"collection":[{"href":"https:\/\/www.europesays.com\/pl\/wp-json\/wp\/v2\/posts"}],"about":[{"href":"https:\/\/www.europesays.com\/pl\/wp-json\/wp\/v2\/types\/post"}],"author":[{"embeddable":true,"href":"https:\/\/www.europesays.com\/pl\/wp-json\/wp\/v2\/users\/2"}],"replies":[{"embeddable":true,"href":"https:\/\/www.europesays.com\/pl\/wp-json\/wp\/v2\/comments?post=105784"}],"version-history":[{"count":0,"href":"https:\/\/www.europesays.com\/pl\/wp-json\/wp\/v2\/posts\/105784\/revisions"}],"wp:featuredmedia":[{"embeddable":true,"href":"https:\/\/www.europesays.com\/pl\/wp-json\/wp\/v2\/media\/105785"}],"wp:attachment":[{"href":"https:\/\/www.europesays.com\/pl\/wp-json\/wp\/v2\/media?parent=105784"}],"wp:term":[{"taxonomy":"category","embeddable":true,"href":"https:\/\/www.europesays.com\/pl\/wp-json\/wp\/v2\/categories?post=105784"},{"taxonomy":"post_tag","embeddable":true,"href":"https:\/\/www.europesays.com\/pl\/wp-json\/wp\/v2\/tags?post=105784"}],"curies":[{"name":"wp","href":"https:\/\/api.w.org\/{rel}","templated":true}]}}