{"id":105816,"date":"2025-11-17T15:44:09","date_gmt":"2025-11-17T15:44:09","guid":{"rendered":"https:\/\/www.europesays.com\/pl\/105816\/"},"modified":"2025-11-17T15:44:09","modified_gmt":"2025-11-17T15:44:09","slug":"39-latka-zmarla-po-cesarskim-cieciu-dwoch-lekarzy-z-powaznymi-zarzutami","status":"publish","type":"post","link":"https:\/\/www.europesays.com\/pl\/105816\/","title":{"rendered":"39-latka zmar\u0142a po cesarskim ci\u0119ciu. Dw\u00f3ch lekarzy z powa\u017cnymi zarzutami"},"content":{"rendered":"<p class=\"Paragraph_desktopParagraph__U31Gm\">Zabieg, kt\u00f3ry mia\u0142 by\u0107 rutynowy, zako\u0144czy\u0142 si\u0119 dramatem. Jak poinformowa\u0142 w poniedzia\u0142ek rzecznik bielskiej prokuratury okr\u0119gowej Pawe\u0142 Nikiel, po operacji u pacjentki dosz\u0142o do powa\u017cnych powik\u0142a\u0144. W kluczowym momencie, gdy \u017cycie kobiety by\u0142o zagro\u017cone, na miejscu nie by\u0142o jednak ginekologa, kt\u00f3ry przeprowadzi\u0142 zabieg. Obecny by\u0142 jedynie anestezjolog.<\/p>\n<p class=\"Paragraph_desktopParagraph__U31Gm\">\u015aledczy ustalili, \u017ce konieczny zabieg relaparotomii, maj\u0105cy na celu ratowanie \u017cycia pacjentki, zosta\u0142 przeprowadzony dopiero po kilku godzinach od wyst\u0105pienia powik\u0142a\u0144. Czas okaza\u0142 si\u0119 kluczowy \u2013 stan kobiety gwa\u0142townie si\u0119 pogorszy\u0142. W stanie krytycznym zosta\u0142a przewieziona do Szpitala \u015al\u0105skiego w Cieszynie, gdzie lekarze podj\u0119li desperack\u0105 walk\u0119 o jej \u017cycie. Niestety, mimo wysi\u0142k\u00f3w, pacjentka zmar\u0142a.<\/p>\n<ul class=\"OchatFollowUps_wrapper__1ry7X\">\n<li class=\"OchatFollowUps_item__Dhyly OchatFollowUps_itemDesktop__R6aBv\">Jakie zarzuty postawiono lekarzom?<\/li>\n<li class=\"OchatFollowUps_item__Dhyly OchatFollowUps_itemDesktop__R6aBv\">Gdzie dosz\u0142o do zabiegu cesarskiego ci\u0119cia?<\/li>\n<li class=\"OchatFollowUps_item__Dhyly OchatFollowUps_itemDesktop__R6aBv\">Kiedy pacjentka zmar\u0142a?<\/li>\n<li class=\"OchatFollowUps_item__Dhyly OchatFollowUps_itemDesktop__R6aBv\">Jakie \u015brodki zapobiegawcze zastosowano wobec lekarzy?<\/li>\n<\/ul>\n<p class=\"Paragraph_desktopParagraph__U31Gm\">12 listopada prokuratura postawi\u0142a zarzuty dw\u00f3m lekarzom, kt\u00f3rzy opiekowali si\u0119 39-latk\u0105 \u2013 ginekologowi i anestezjologowi. Odpowiedz\u0105 oni za nara\u017cenie pacjentki na bezpo\u015brednie niebezpiecze\u0144stwo utraty \u017cycia oraz nieumy\u015blne spowodowanie jej \u015bmierci w wyniku licznych zaniedba\u0144.<\/p>\n<p class=\"Paragraph_desktopParagraph__U31Gm\">&#8222;Wobec podejrzanych zastosowano \u015brodki zapobiegawcze w postaci oddania pod doz\u00f3r policji, zakazu kontaktowania si\u0119 ze \u015bwiadkami, por\u0119czenia maj\u0105tkowego, a tak\u017ce zakazu wykonywania zawodu lekarza. Za zarzucany podejrzanym czyn grozi kara od 3 miesi\u0119cy do 5 lat pozbawienia wolno\u015bci&#8221; \u2013 podaje Pawe\u0142 Nikiel, rzecznik prasowy Prokuratury Okr\u0119gowej w Bielsku-Bia\u0142ej.<\/p>\n<p class=\"Paragraph_desktopParagraph__U31Gm\">Zgodnie z polskim prawem, za zarzucane im czyny grozi kara od 3 miesi\u0119cy do 5 lat pozbawienia wolno\u015bci.<\/p>\n","protected":false},"excerpt":{"rendered":"Zabieg, kt\u00f3ry mia\u0142 by\u0107 rutynowy, zako\u0144czy\u0142 si\u0119 dramatem. Jak poinformowa\u0142 w poniedzia\u0142ek rzecznik bielskiej prokuratury okr\u0119gowej Pawe\u0142 Nikiel,&hellip;\n","protected":false},"author":2,"featured_media":105817,"comment_status":"","ping_status":"","sticky":false,"template":"","format":"standard","meta":{"footnotes":""},"categories":[12],"tags":[32,33,23519,36,37,27,34,35,89,28,31,53,25,52,68,51,55,42,38,40,39,41,47,5602,29,30,50,26,253],"class_list":{"0":"post-105816","1":"post","2":"type-post","3":"status-publish","4":"format-standard","5":"has-post-thumbnail","7":"category-polska","8":"tag-breaking-news","9":"tag-breakingnews","10":"tag-cesarskie_ciecie","11":"tag-featured-news","12":"tag-featurednews","13":"tag-headlines","14":"tag-latest-news","15":"tag-latestnews","16":"tag-lekarze","17":"tag-naglowki","18":"tag-najwazniejsze-artykuly","19":"tag-new_header","20":"tag-news","21":"tag-onet3","22":"tag-onet3d","23":"tag-onet3d_2i","24":"tag-phx","25":"tag-pl","26":"tag-poland","27":"tag-polish","28":"tag-polska","29":"tag-polski","30":"tag-screening_general","31":"tag-szpital","32":"tag-top-stories","33":"tag-topstories","34":"tag-v2021","35":"tag-wiadomosci","36":"tag-zdrowie"},"share_on_mastodon":{"url":"https:\/\/pubeurope.com\/@pl\/115565813388832642","error":""},"_links":{"self":[{"href":"https:\/\/www.europesays.com\/pl\/wp-json\/wp\/v2\/posts\/105816","targetHints":{"allow":["GET"]}}],"collection":[{"href":"https:\/\/www.europesays.com\/pl\/wp-json\/wp\/v2\/posts"}],"about":[{"href":"https:\/\/www.europesays.com\/pl\/wp-json\/wp\/v2\/types\/post"}],"author":[{"embeddable":true,"href":"https:\/\/www.europesays.com\/pl\/wp-json\/wp\/v2\/users\/2"}],"replies":[{"embeddable":true,"href":"https:\/\/www.europesays.com\/pl\/wp-json\/wp\/v2\/comments?post=105816"}],"version-history":[{"count":0,"href":"https:\/\/www.europesays.com\/pl\/wp-json\/wp\/v2\/posts\/105816\/revisions"}],"wp:featuredmedia":[{"embeddable":true,"href":"https:\/\/www.europesays.com\/pl\/wp-json\/wp\/v2\/media\/105817"}],"wp:attachment":[{"href":"https:\/\/www.europesays.com\/pl\/wp-json\/wp\/v2\/media?parent=105816"}],"wp:term":[{"taxonomy":"category","embeddable":true,"href":"https:\/\/www.europesays.com\/pl\/wp-json\/wp\/v2\/categories?post=105816"},{"taxonomy":"post_tag","embeddable":true,"href":"https:\/\/www.europesays.com\/pl\/wp-json\/wp\/v2\/tags?post=105816"}],"curies":[{"name":"wp","href":"https:\/\/api.w.org\/{rel}","templated":true}]}}