{"id":105831,"date":"2025-11-17T15:53:10","date_gmt":"2025-11-17T15:53:10","guid":{"rendered":"https:\/\/www.europesays.com\/pl\/105831\/"},"modified":"2025-11-17T15:53:10","modified_gmt":"2025-11-17T15:53:10","slug":"skoki-narciarskie-mico-ahonen-zakonczyl-kariere-grzechy-ojcow-mszcza-sie-na-synach","status":"publish","type":"post","link":"https:\/\/www.europesays.com\/pl\/105831\/","title":{"rendered":"Skoki narciarskie. Mico Ahonen zako\u0144czy\u0142 karier\u0119. \u201eGrzechy ojc\u00f3w mszcz\u0105 si\u0119 na synach\u201d"},"content":{"rendered":"<p style=\"text-align: justify;\">Janne Ahonen na \u0142amach is.fi poinformowa\u0142, \u017ce jego 23-letni syn nie wr\u00f3ci do rywalizacji na skoczniach narciarskich. Mico Ahonen \u2013 po odniesieniu powa\u017cnej kontuzji \u2013 postanowi\u0142 zako\u0144czy\u0107 sportow\u0105 karier\u0119.<\/p>\n<p>                            <a class=\"fancybox\" href=\"https:\/\/www.skijumping.pl\/content\/images\/news\/powieksz\/tm8512_2024-04-10_17-44-37.jpg\" data-fancybox=\"gallery37427\" data-caption=\"Mico Ahonen, fot. Tadeusz Mieczy\u0144ski\" rel=\"nofollow noopener\" target=\"_blank\"><img decoding=\"async\" class=\"img-responsive lazyload\" src=\"https:\/\/www.europesays.com\/pl\/wp-content\/uploads\/2025\/11\/280x190_q80_tm8512_2024-04-10_17-44-37.jpg\" alt=\"Mico Ahonen\" title=\"Mico Ahonen\"\/><\/a>Mico Ahonen<\/p>\n<p style=\"text-align: justify;\">Narciarski rozw\u00f3j Mico Ahonena zosta\u0142 wyhamowany w marcu ubieg\u0142ego roku, kiedy potomek fi\u0144skiej legendy nabawi\u0142 si\u0119 skomplikowanego urazu lewego kolana. Dosz\u0142o do tego w trakcie sesji treningowej na kompleksie Salpausselkae w Lahti, podczas jednej z pr\u00f3b na normalnym obiekcie. Rok po feralnym zdarzeniu skoczek wr\u00f3ci\u0142 do rywalizacji mi\u0119dzynarodowej \u2013 zajmuj\u0105c 35. miejsce w Pucharze Kontynentalnym na du\u017cej skoczni w Lahti \u2013 tu\u017c za Kacprem Tomasiakiem. Jak si\u0119 okaza\u0142o, by\u0142 to jego ostatni wyst\u0119p w zawodach rozgrywanych pod egid\u0105 Mi\u0119dzynarodowej Federacji Narciarskiej i Snowboardowej (FIS). W kwietniu Mico Ahonen wzi\u0105\u0142 jeszcze udzia\u0142 w mistrzostwach Finlandii w Rovaniemi, gdzie wywalczy\u0142 7. pozycj\u0119 w stawce 28 zawodnik\u00f3w.<\/p>\n<p style=\"text-align: justify;\">\u2013 Mico zako\u0144czy\u0142 skakanie na nartach. Chcia\u0142 kontynuowa\u0107 karier\u0119, ale straci\u0142 motywacj\u0119, gdy bezceremonialnie pomini\u0119to go przy wyborze do obu kadr narodowych.\u00a0Pomini\u0119cie go by\u0142o niezrozumia\u0142\u0105 decyzj\u0105. Wiosn\u0105 Mico doszed\u0142 do siebie po powa\u017cnej kontuzji i skaka\u0142 naprawd\u0119 obiecuj\u0105co w kilku konkursach\u00a0\u2013 m\u00f3wi Janne Ahonen w rozmowie z Ilta-Sanomat, pytany o sportow\u0105 przysz\u0142o\u015b\u0107 swojego syna.<\/p>\n<p style=\"text-align: justify;\">W fi\u0144skiej kadrze A na sezon olimpijski znale\u017ali si\u0119 Antti Aalto, Niko Kytosaho, Eetu Nousiainen i Kasperi Valto. Nominacj\u0119 do kadry B otrzymali z kolei Henri Kavilo, Tomas Kuisma, Tuomas Meis, Jarkko Maatta, Vilho Palosaari oraz Paavo Romppainen. Miejsca dla Mico Ahonena zabrak\u0142o.<\/p>\n<p style=\"text-align: justify;\">\u2013 Trudno to zrozumie\u0107.\u00a0Mico skaka\u0142 w wiosennych zawodach lepiej ni\u017c cz\u0119\u015b\u0107 sportowc\u00f3w p\u00f3\u017aniej powo\u0142anych do kadry B. Wygl\u0105da na to, \u017ce grzechy ojc\u00f3w mszcz\u0105 si\u0119 na synach. Z tym samym problemem Mico boryka\u0142 si\u0119 przez ca\u0142\u0105 karier\u0119\u00a0\u2013 komentuje spraw\u0119 rozgoryczony Janne Ahonen.<\/p>\n<p style=\"text-align: justify;\">Na \u0142amach Ilta-Sanomat do w\u0105tku braku powo\u0142ania Mico Ahonena do kt\u00f3rej\u015b z kadr odni\u00f3s\u0142 si\u0119 Igor Medved, s\u0142owe\u0144ski szkoleniowiec reprezentacji Finlandii.<\/p>\n<p data-end=\"2555\" data-start=\"2365\">\u2013 Wyb\u00f3r dru\u017cyn opiera\u0142 si\u0119 g\u0142\u00f3wnie na punktach zdobytych w zesz\u0142ym sezonie w mi\u0119dzynarodowych zawodach FIS. Liczb\u0119 zawodnik\u00f3w ogranicza\u0142y zasoby przyznane na nadchodz\u0105cy sezon. Jestem \u015bwiadomy wcze\u015bniejszej kontuzji Mico. Do dru\u017cyny powo\u0142ano skoczka, kt\u00f3ry dozna\u0142 podobnej kontuzji w podobnym czasie, ale kt\u00f3rego poziom wynik\u00f3w by\u0142 wy\u017cszy. Drzwi s\u0105 nadal otwarte dla wszystkich, kt\u00f3rzy spe\u0142niaj\u0105 wymagane kryteria \u2013 powiedzia\u0142 Medved, cytowany przez is.fi.<\/p>\n<p data-end=\"2555\" data-start=\"2365\">Mico Ahonen w 2019 roku by\u0142 rezerwowym reprezentacji Kraju Tysi\u0105ca Jezior podczas mistrzostw \u015bwiata w narciarstwie klasycznym, kt\u00f3rych gospodarzem by\u0142o Seefeld. W Pucharze \u015awiata swoich si\u0142 pr\u00f3bowa\u0142 tylko w ojczy\u017anie. Do konkursu g\u0142\u00f3wnego dosta\u0142 si\u0119 tylko raz \u2013 w ramach inauguracji sezonu 2023\/24 w Ruce. W zawodach zaj\u0105\u0142 44. pozycj\u0119. Jak informuj\u0105 fi\u0144scy dziennikarze, aktualnie syn Janne Ahonena pracuje w Lahti w firmie zajmuj\u0105cej si\u0119 produkcj\u0105 \u0142adowarek do samochod\u00f3w elektrycznych.<\/p>\n","protected":false},"excerpt":{"rendered":"Janne Ahonen na \u0142amach is.fi poinformowa\u0142, \u017ce jego 23-letni syn nie wr\u00f3ci do rywalizacji na skoczniach narciarskich. Mico&hellip;\n","protected":false},"author":2,"featured_media":105832,"comment_status":"","ping_status":"","sticky":false,"template":"","format":"standard","meta":{"footnotes":""},"categories":[24],"tags":[1574,1546,1557,1558,1561,1573,1571,1563,291,1553,1564,1549,1551,1543,1550,1562,1547,1565,1540,1568,1544,42,38,40,39,41,1554,1359,1567,1560,1559,1566,1556,1569,1539,1538,1555,127,126,1552,1541,1548,1542,1570,1572,645,1545],"class_list":{"0":"post-105831","1":"post","2":"type-post","3":"status-publish","4":"format-standard","5":"has-post-thumbnail","7":"category-sport","8":"tag-4skocznie","9":"tag-adam","10":"tag-adam-malysz","11":"tag-adammalysz","12":"tag-coc","13":"tag-czteryskocznie","14":"tag-fis","15":"tag-fis-cup","16":"tag-historia","17":"tag-horngacher","18":"tag-io","19":"tag-kobayashi","20":"tag-kraft","21":"tag-kuba","22":"tag-kubacki","23":"tag-lotos-cup","24":"tag-malysz","25":"tag-ms","26":"tag-narciarskie","27":"tag-narty","28":"tag-piotrek","29":"tag-pl","30":"tag-poland","31":"tag-polish","32":"tag-polska","33":"tag-polski","34":"tag-polskie","35":"tag-ranking","36":"tag-ski-jumping","37":"tag-skijump","38":"tag-skijumping","39":"tag-skoczkowie","40":"tag-skocznia","41":"tag-skocznie","42":"tag-skoki","43":"tag-skoki-narciarskie","44":"tag-skokinarciarskie","45":"tag-sport","46":"tag-sports","47":"tag-stefan","48":"tag-stoch","49":"tag-wellinger","50":"tag-wolny","51":"tag-zakopane","52":"tag-zawody","53":"tag-zdjecia","54":"tag-zyla"},"share_on_mastodon":{"url":"","error":"Validation failed: Text character limit of 500 exceeded"},"_links":{"self":[{"href":"https:\/\/www.europesays.com\/pl\/wp-json\/wp\/v2\/posts\/105831","targetHints":{"allow":["GET"]}}],"collection":[{"href":"https:\/\/www.europesays.com\/pl\/wp-json\/wp\/v2\/posts"}],"about":[{"href":"https:\/\/www.europesays.com\/pl\/wp-json\/wp\/v2\/types\/post"}],"author":[{"embeddable":true,"href":"https:\/\/www.europesays.com\/pl\/wp-json\/wp\/v2\/users\/2"}],"replies":[{"embeddable":true,"href":"https:\/\/www.europesays.com\/pl\/wp-json\/wp\/v2\/comments?post=105831"}],"version-history":[{"count":0,"href":"https:\/\/www.europesays.com\/pl\/wp-json\/wp\/v2\/posts\/105831\/revisions"}],"wp:featuredmedia":[{"embeddable":true,"href":"https:\/\/www.europesays.com\/pl\/wp-json\/wp\/v2\/media\/105832"}],"wp:attachment":[{"href":"https:\/\/www.europesays.com\/pl\/wp-json\/wp\/v2\/media?parent=105831"}],"wp:term":[{"taxonomy":"category","embeddable":true,"href":"https:\/\/www.europesays.com\/pl\/wp-json\/wp\/v2\/categories?post=105831"},{"taxonomy":"post_tag","embeddable":true,"href":"https:\/\/www.europesays.com\/pl\/wp-json\/wp\/v2\/tags?post=105831"}],"curies":[{"name":"wp","href":"https:\/\/api.w.org\/{rel}","templated":true}]}}