{"id":105856,"date":"2025-11-17T16:13:07","date_gmt":"2025-11-17T16:13:07","guid":{"rendered":"https:\/\/www.europesays.com\/pl\/105856\/"},"modified":"2025-11-17T16:13:07","modified_gmt":"2025-11-17T16:13:07","slug":"pzpn-ukarany-za-wybryki-na-trybunach-a-to-jeszcze-nie-koniec-przeglad-sportowy-onet","status":"publish","type":"post","link":"https:\/\/www.europesays.com\/pl\/105856\/","title":{"rendered":"PZPN ukarany za wybryki na trybunach! A to jeszcze nie koniec &#8211; Przegl\u0105d Sportowy Onet"},"content":{"rendered":"<ol>\n<li><a href=\"https:\/\/news.google.com\/rss\/articles\/CBMizwFBVV95cUxNX3NYSTNfTDJMbmI2bDVVb19FUE8xeGIyWGtCbzZRV1ZFZzNtRWFiX2h3Zm9tWE9ZaXZ6NWl4Mm9JLWQtTUNCNnphbk9MTERTbXFmMWY2YlVzYXR0OEpyclhObzFjVjNKSlI2c2t4TWpucElGWkVqTU1obUhwb0VscTFDMFdzMHg3SEZnTjZjcDRTalJMWEwtXzJKZXFidGduMFVfN3lZS082enV1aExFbEtKdU50TEVaaVFHTzhtRzQwbWZFU2xrMFdQeERaTEk?oc=5\" target=\"_blank\" rel=\"nofollow noopener\">PZPN ukarany za wybryki na trybunach! A to jeszcze nie koniec<\/a>&nbsp;&nbsp;Przegl\u0105d Sportowy Onet<\/li>\n<li><a href=\"https:\/\/news.google.com\/rss\/articles\/CBMinAFBVV95cUxPSDBaNjRNdk9qeUNVYURxV1gxb193ekhJS0swVmYzb2c2ODZnY2QzVFpFc1ZoVDFWZ0Z4SVNGNUItZnlqRGh4cFpQVVNLMUZ2eDFHWm1SZ0NJSmtqRzIwT0RNcWRxZnV4LXRHS1JaQTFsYXBRd01VVFlzbEgtQU1rRjFua1JZS1BONEo0RjJfZm9QNlNjZGlNS3lObmQ?oc=5\" target=\"_blank\" rel=\"nofollow noopener\">PZPN surowo ukarany za wybryki kiboli. Ujawniamy Reprezentacja Polski<\/a>&nbsp;&nbsp;Sport.pl<\/li>\n<li><a href=\"https:\/\/news.google.com\/rss\/articles\/CBMiswFBVV95cUxQajFqcXVUdmFIbnBEMGJJNFJCcjdGb3cxZnBSYlBHNHdSNGtBd2hPMXRUT3RpRlFRV1hMMDdJOENfWmtJNVdDWDMzc1pHYVlDcTVFOTRZY2sxSzdlWnFxVHBsTGkxQ1ZGSEhyNWF5cTk3RlFtVVNhcWVfc05JVDZCR0x4ZlhWSVVubE5ZUGIzS3diWHdseC1uYUt2RTN0RHJEY1VkaWtUb3Z1Y0FkNUQwVVFHSQ?oc=5\" target=\"_blank\" rel=\"nofollow noopener\">By\u0142 na meczu z Holandi\u0105. Jest zirytowany tym, co go spotka\u0142o<\/a>&nbsp;&nbsp;SportoweFakty<\/li>\n<li><a href=\"https:\/\/news.google.com\/rss\/articles\/CBMiswFBVV95cUxNZUFMUl9MVGMyajRwdHNXM2ZaQ2pWeXl1R2RIMFNpMWdMY1k0amwzTEY3eGdiS0tiMDluYUFZbTJmQ0lMOE0xWE1UbDRlR0NLWk12LVFzZ0JCcHY3Z3FaeVFkNkgwNkplQ295bUxVSGViZnpBMkI4SlhkcERMc3lSejhubnlvb0l4cVgzeHFjRTZVLVBXaHE3LV9yZ2NPUWJaTGJEZjJKdGtjRGJCeFlmMS1FVQ?oc=5\" target=\"_blank\" rel=\"nofollow noopener\">Media: PZPN ukarany za zachowanie kibic\u00f3w! Dotkliwa grzywna od FIFA<\/a>&nbsp;&nbsp;Meczyki.pl<\/li>\n<li><a href=\"https:\/\/news.google.com\/rss\/articles\/CBMi0gFBVV95cUxQRU9ZbXlWenlkTlhhemtCU0o5OEhrZGVOdWRydS1QeVd6akJxRERFdGJDLW1xZFlRQVhJSkpxc1Q3ekNhc3FKWXNPSnRoUmN1b19Sc3FTLUtiVHF3WjlPTUd2NVduWmdCVWd0V3RodFhKVUNONjFYS212UG5SbEJlYm5MbGx2ajl0ZUwtMHNNNnppNFBMbGxWblZGNk9CMVotSVFiUFp6cVhTY1BONU5HZl9RaDN1Q2l5UEYwZi0zWjM5c0w0RjExellwOXFtaHNhM1E?oc=5\" target=\"_blank\" rel=\"nofollow noopener\">Hajto nie gryz\u0142 si\u0119 w j\u0119zyk. Posz\u0142o o zachowanie kibic\u00f3w na Narodowym. &#8222;Ze skrajno\u015bci w skrajno\u015b\u0107&#8221;<\/a>&nbsp;&nbsp;Sport w INTERIA.PL<\/li>\n<\/ol>\n","protected":false},"excerpt":{"rendered":"PZPN ukarany za wybryki na trybunach! A to jeszcze nie koniec&nbsp;&nbsp;Przegl\u0105d Sportowy Onet PZPN surowo ukarany za wybryki&hellip;\n","protected":false},"author":2,"featured_media":105857,"comment_status":"","ping_status":"","sticky":false,"template":"","format":"standard","meta":{"footnotes":""},"categories":[5],"tags":[32,33,36,37,1285,27,67,34,35,843,746,28,31,25,42,38,40,39,41,136,128,550,355,47,135,29,30,26,130],"class_list":{"0":"post-105856","1":"post","2":"type-post","3":"status-publish","4":"format-standard","5":"has-post-thumbnail","7":"category-naglowki","8":"tag-breaking-news","9":"tag-breakingnews","10":"tag-featured-news","11":"tag-featurednews","12":"tag-fifa","13":"tag-headlines","14":"tag-intextvideo_splayer","15":"tag-latest-news","16":"tag-latestnews","17":"tag-litwa","18":"tag-lysy","19":"tag-naglowki","20":"tag-najwazniejsze-artykuly","21":"tag-news","22":"tag-pl","23":"tag-poland","24":"tag-polish","25":"tag-polska","26":"tag-polski","27":"tag-ps_detal_new","28":"tag-psv2","29":"tag-pzpn","30":"tag-reprezentacja_polski","31":"tag-screening_general","32":"tag-sport_sport","33":"tag-top-stories","34":"tag-topstories","35":"tag-wiadomosci","36":"tag-wiadomosci_sportowe"},"share_on_mastodon":{"url":"https:\/\/pubeurope.com\/@pl\/115565927213710448","error":""},"_links":{"self":[{"href":"https:\/\/www.europesays.com\/pl\/wp-json\/wp\/v2\/posts\/105856","targetHints":{"allow":["GET"]}}],"collection":[{"href":"https:\/\/www.europesays.com\/pl\/wp-json\/wp\/v2\/posts"}],"about":[{"href":"https:\/\/www.europesays.com\/pl\/wp-json\/wp\/v2\/types\/post"}],"author":[{"embeddable":true,"href":"https:\/\/www.europesays.com\/pl\/wp-json\/wp\/v2\/users\/2"}],"replies":[{"embeddable":true,"href":"https:\/\/www.europesays.com\/pl\/wp-json\/wp\/v2\/comments?post=105856"}],"version-history":[{"count":0,"href":"https:\/\/www.europesays.com\/pl\/wp-json\/wp\/v2\/posts\/105856\/revisions"}],"wp:featuredmedia":[{"embeddable":true,"href":"https:\/\/www.europesays.com\/pl\/wp-json\/wp\/v2\/media\/105857"}],"wp:attachment":[{"href":"https:\/\/www.europesays.com\/pl\/wp-json\/wp\/v2\/media?parent=105856"}],"wp:term":[{"taxonomy":"category","embeddable":true,"href":"https:\/\/www.europesays.com\/pl\/wp-json\/wp\/v2\/categories?post=105856"},{"taxonomy":"post_tag","embeddable":true,"href":"https:\/\/www.europesays.com\/pl\/wp-json\/wp\/v2\/tags?post=105856"}],"curies":[{"name":"wp","href":"https:\/\/api.w.org\/{rel}","templated":true}]}}