{"id":105882,"date":"2025-11-17T16:32:09","date_gmt":"2025-11-17T16:32:09","guid":{"rendered":"https:\/\/www.europesays.com\/pl\/105882\/"},"modified":"2025-11-17T16:32:09","modified_gmt":"2025-11-17T16:32:09","slug":"pozar-w-porcie-izmail-ewakuacja-w-rumunskiej-wiosce","status":"publish","type":"post","link":"https:\/\/www.europesays.com\/pl\/105882\/","title":{"rendered":"Po\u017car w porcie Izmail. Ewakuacja w rumu\u0144skiej wiosce"},"content":{"rendered":"<ul class=\"typography ids-typeset-body ids-typeset-body--preset-large list ids-list ids-list--unordered ids-list--size-large \" datatype=\"disc\">\n<li class=\"ids-list-item\">\n<p>Rosyjski atak na statek z LNG w obwodzie odeskim spowodowa\u0142 ewakuacj\u0119 rumu\u0144skiej przygranicznej wioski Plauru.<\/p>\n<\/li>\n<li class=\"ids-list-item\">\n<p>Rumunia nie wykry\u0142a tego dnia narusze\u0144 swojej przestrzeni powietrznej, ale oskar\u017ca Rosj\u0119 o eskalowanie zagro\u017cenia w regionie.<\/p>\n<\/li>\n<li class=\"ids-list-item\">\n<p>Ataki Moskwy na ukrai\u0144skie porty nad Dunajem od pocz\u0105tku inwazji niepokoj\u0105 s\u0105siedni\u0105 Rumuni\u0119.<\/p>\n<\/li>\n<li class=\"ids-list-item\">Wi\u0119cej wa\u017cnych informacji znajdziesz na <a class=\"ids-undecorated-link link ids-link link\" href=\"https:\/\/www.interia.pl\/#utm_source=wydarzenia&amp;utm_medium=bullet&amp;utm_campaign=powrot_z_wew&amp;iwa_source=bullet\" target=\"_blank\" rel=\"nofollow noopener\">stronie g\u0142\u00f3wnej Interii<\/a><\/li>\n<\/ul>\n<p class=\"typography ids-typeset-body ids-typeset-body--preset-large link paragraph ids-paragraph ids-paragraph--default\">Do niepokoj\u0105cego incydentu dosz\u0142o w nocy z niedzieli na poniedzia\u0142ek, kiedy Rosjanie zaatakowali w obwodzie odeskim. Statek przewo\u017c\u0105cy skroplony gaz ziemny LNG stan\u0105\u0142 w p\u0142omieniach. Incydent by\u0142 na tyle niepokoj\u0105cy, \u017ce <a href=\"https:\/\/wydarzenia.interia.pl\/tematy-rumunia,gsbi,3802\" rel=\"nofollow noopener\" target=\"_blank\">Rumunia<\/a> zarz\u0105dzi\u0142a ewakuacj\u0119 przygranicznej wioski.<\/p>\n<p class=\"typography ids-typeset-body ids-typeset-body--preset-large link paragraph ids-paragraph ids-paragraph--default\">Do sprawy odnios\u0142o si\u0119 tamtejsze Ministerstwo Obrony, informuj\u0105c, \u017ce systemy radarowe wykry\u0142y i \u015bledzi\u0142y obiekty poruszaj\u0105ce si\u0119 w ukrai\u0144skiej przestrzeni powietrznej. W ten spos\u00f3b ustalono, \u017ce Rosjanie obrali sobie za cel ukrai\u0144ski port Izmail. Po przeciwnej stronie Dunaju znajduje si\u0119 niewielka rumu\u0144ska\u00a0miejscowo\u015b\u0107 Plauru.<\/p>\n<p>Ewakuacja rumu\u0144skiej wioski po ataku Rosjan na Ukrain\u0119<\/p>\n<p class=\"typography ids-typeset-body ids-typeset-body--preset-large link paragraph ids-paragraph ids-paragraph--default\">Sygna\u0142y ostrzegawcze dotar\u0142y do Generalnego Inspektoratu ds. Sytuacji Nadzwyczajnych, kt\u00f3ry wys\u0142a\u0142 specjalne alerty do mieszka\u0144c\u00f3w rumu\u0144skiego okr\u0119gu Tulcza. Komunikaty dotar\u0142y do mieszka\u0144c\u00f3w o godz. 2:30.<\/p>\n<p class=\"typography ids-typeset-body ids-typeset-body--preset-large link paragraph ids-paragraph ids-paragraph--default\">Ostatecznie, ze wzgl\u0119du na &#8222;blisko\u015b\u0107 statku do rumu\u0144skiego terytorium i charakter jego \u0142adunku&#8221; w\u0142adze nakaza\u0142y ewakuacj\u0119 wioski Plauru. Z komunikatu rz\u0105dowego nie wynika, ile os\u00f3b musia\u0142o opu\u015bci\u0107 ten teren.<\/p>\n<p class=\"typography ids-typeset-body ids-typeset-body--preset-large link paragraph ids-paragraph ids-paragraph--default\">W rozmowie z rumu\u0144sk\u0105 stacj\u0105 TVR Info szef Inspektoratu ds. Sytuacji Nadzwyczajnych &#8222;DELTA&#8221; (ISU &#8222;Delta&#8221;) Daniel Petrov wskaza\u0142, \u017ce ewakuowano sze\u015b\u0107 rodzin. Dane z Narodowego Urz\u0119du Statystycznego wskazuj\u0105 jednak, \u017ce w 2021 roku miejscowo\u015b\u0107 ta liczy\u0142a zaledwie 32 mieszka\u0144c\u00f3w.<\/p>\n<p class=\"typography ids-typeset-body ids-typeset-body--preset-large link paragraph ids-paragraph ids-paragraph--default\">Nocn\u0105 akcj\u0119 ewakuacyjn\u0105 skomentowa\u0142 minister spraw zagranicznych Ukrainy Andrij Sybiha, kt\u00f3ry oceni\u0142, \u017ce &#8222;brutalna eskalacja terroru przez <a href=\"https:\/\/wydarzenia.interia.pl\/tematy-rosja,gsbi,3125\" rel=\"nofollow noopener\" target=\"_blank\">Rosj\u0119<\/a> zagra\u017ca nie tylko <a href=\"https:\/\/wydarzenia.interia.pl\/tematy-ukraina,gsbi,3144\" rel=\"nofollow noopener\" target=\"_blank\">Ukrainie<\/a>&#8222;, ale tak\u017ce s\u0105siadom. &#8222;To podkre\u015bla konieczno\u015b\u0107 zbiorowej presji na Moskw\u0119, aby zako\u0144czy\u0142a wojn\u0119&#8221; &#8211; podsumowa\u0142.<\/p>\n<p>Rumunia monitoruje dzia\u0142ania Rosjan w Ukrainie<\/p>\n<p class=\"typography ids-typeset-body ids-typeset-body--preset-large link paragraph ids-paragraph ids-paragraph--default\">Rumu\u0144skie ministerstwo wskaza\u0142o, \u017ce nocy z niedzieli na poniedzia\u0142ek nie wykryto \u017cadnych &#8222;nieautoryzowanych narusze\u0144 krajowej przestrzeni powietrznej&#8221;. W ten spos\u00f3b nawi\u0105zano do sytuacji z 10 na 11 listopada, kiedy w odleg\u0142o\u015bci pi\u0119ciu kilometr\u00f3w od granicy Rumunii znaleziono fragmenty rosyjskiego drona.<\/p>\n<p class=\"typography ids-typeset-body ids-typeset-body--preset-large link paragraph ids-paragraph ids-paragraph--default\">W komunikacie zaznaczono, \u017ce Rumunia stanowczo pot\u0119pia ataki przeprowadzane przez Federacj\u0119 Rosyjsk\u0105 przeciwko ukrai\u0144skim celom cywilnym i elementom infrastruktury. Wskazano, \u017ce s\u0105 one nieuzasadnione i powa\u017cnie naruszaj\u0105 normy prawa mi\u0119dzynarodowego.<\/p>\n<p class=\"typography ids-typeset-body ids-typeset-body--preset-large link paragraph ids-paragraph ids-paragraph--default\">Ukrai\u0144ska gazeta &#8222;Kiyv Post&#8221;, kt\u00f3ra opisa\u0142a spraw\u0119, przekaza\u0142a, \u017ce od 24 lutego 2022 roku, kiedy rozpocz\u0119\u0142a si\u0119 pe\u0142noskalowa inwazja Rosji na Ukrain\u0119, <a href=\"https:\/\/wydarzenia.interia.pl\/tematy-moskwa,gsbi,4412\" rel=\"nofollow noopener\" target=\"_blank\">Moskwa<\/a> wielokrotnie atakowa\u0142a ukrai\u0144skie porty w regionie <a href=\"https:\/\/wydarzenia.interia.pl\/tematy-dunaj,gsbi,5821\" rel=\"nofollow noopener\" target=\"_blank\">Dunaju<\/a>, wywo\u0142uj\u0105c zaniepokojenie w s\u0105siedniej Rumunii.<\/p>\n<p class=\"typography ids-typeset-body ids-typeset-body--preset-large link paragraph ids-paragraph ids-paragraph--default\">\u0179r\u00f3d\u0142a: Kyiv Post, TVR Info, Ministerstwo Obrony Rumunii<\/p>\n<p>&#8222;\u015aniadanie Rymanowskiego&#8221;. Przydacz o ambasadorze Niemiec: Straci\u0142 okazj\u0119, by zamilkn\u0105\u0107Polsat NewsPolsat News<\/p>\n<p><a class=\"ids-undecorated-link source ids-page-info--source__link\" href=\"https:\/\/www.interia.pl\" rel=\"nofollow noopener\" target=\"_blank\"><img decoding=\"async\" class=\"ids-image-holder__img\" loading=\"lazy\" alt=\"\" title=\"\" height=\"24px\" src=\"https:\/\/www.europesays.com\/pl\/wp-content\/uploads\/2025\/11\/1763129291_425_0009A60QQ5I2TYF7-C202-F4.webp.webp\"\/><\/a><\/p>\n<p>Masz sugestie, uwagi albo widzisz b\u0142\u0105d? Napisz do nas<\/p>\n","protected":false},"excerpt":{"rendered":"Rosyjski atak na statek z LNG w obwodzie odeskim spowodowa\u0142 ewakuacj\u0119 rumu\u0144skiej przygranicznej wioski Plauru. Rumunia nie wykry\u0142a&hellip;\n","protected":false},"author":2,"featured_media":105883,"comment_status":"","ping_status":"","sticky":false,"template":"","format":"standard","meta":{"footnotes":""},"categories":[14],"tags":[32,33,27,34,35,28,31,25,40,41,80,29,30,26,82,83,84],"class_list":{"0":"post-105882","1":"post","2":"type-post","3":"status-publish","4":"format-standard","5":"has-post-thumbnail","7":"category-swiat","8":"tag-breaking-news","9":"tag-breakingnews","10":"tag-headlines","11":"tag-latest-news","12":"tag-latestnews","13":"tag-naglowki","14":"tag-najwazniejsze-artykuly","15":"tag-news","16":"tag-polish","17":"tag-polski","18":"tag-swiat","19":"tag-top-stories","20":"tag-topstories","21":"tag-wiadomosci","22":"tag-world","23":"tag-world-news","24":"tag-worldnews"},"share_on_mastodon":{"url":"https:\/\/pubeurope.com\/@pl\/115566001741157979","error":""},"_links":{"self":[{"href":"https:\/\/www.europesays.com\/pl\/wp-json\/wp\/v2\/posts\/105882","targetHints":{"allow":["GET"]}}],"collection":[{"href":"https:\/\/www.europesays.com\/pl\/wp-json\/wp\/v2\/posts"}],"about":[{"href":"https:\/\/www.europesays.com\/pl\/wp-json\/wp\/v2\/types\/post"}],"author":[{"embeddable":true,"href":"https:\/\/www.europesays.com\/pl\/wp-json\/wp\/v2\/users\/2"}],"replies":[{"embeddable":true,"href":"https:\/\/www.europesays.com\/pl\/wp-json\/wp\/v2\/comments?post=105882"}],"version-history":[{"count":0,"href":"https:\/\/www.europesays.com\/pl\/wp-json\/wp\/v2\/posts\/105882\/revisions"}],"wp:featuredmedia":[{"embeddable":true,"href":"https:\/\/www.europesays.com\/pl\/wp-json\/wp\/v2\/media\/105883"}],"wp:attachment":[{"href":"https:\/\/www.europesays.com\/pl\/wp-json\/wp\/v2\/media?parent=105882"}],"wp:term":[{"taxonomy":"category","embeddable":true,"href":"https:\/\/www.europesays.com\/pl\/wp-json\/wp\/v2\/categories?post=105882"},{"taxonomy":"post_tag","embeddable":true,"href":"https:\/\/www.europesays.com\/pl\/wp-json\/wp\/v2\/tags?post=105882"}],"curies":[{"name":"wp","href":"https:\/\/api.w.org\/{rel}","templated":true}]}}