{"id":105971,"date":"2025-11-17T17:32:10","date_gmt":"2025-11-17T17:32:10","guid":{"rendered":"https:\/\/www.europesays.com\/pl\/105971\/"},"modified":"2025-11-17T17:32:10","modified_gmt":"2025-11-17T17:32:10","slug":"zapadl-wyrok-w-sprawie-rozwodu-kaczorowskiej-i-peli-sad-podjal-decyzje","status":"publish","type":"post","link":"https:\/\/www.europesays.com\/pl\/105971\/","title":{"rendered":"Zapad\u0142 wyrok w sprawie rozwodu Kaczorowskiej i Peli. S\u0105d podj\u0105\u0142 decyzj\u0119"},"content":{"rendered":"<p class=\"article-p\" data-section=\"detail-body\">Jeszcze zanim trafi\u0142 do s\u0105du pozew rozwodowy, Agnieszka Kaczorowska i Maciej Pela pr\u00f3bowali doj\u015b\u0107 do porozumienia. Spotkanie z udzia\u0142em ich prawnik\u00f3w odby\u0142o si\u0119 tu\u017c po Wielkanocy 2025 r. i trwa\u0142o blisko cztery godziny. Niestety, rozmowy nie zako\u0144czy\u0142y si\u0119 sukcesem, a 7 lipca 2025 r. pozew trafi\u0142 do s\u0105du.<\/p>\n<p>        Rozw\u00f3d Agnieszki Kaczorowskiej i Macieja Peli. Ma\u0142\u017conkowie unikali kontaktu<\/p>\n<p class=\"article-p\" data-section=\"detail-body\">Pierwsza rozprawa rozwodowa rozpocz\u0119\u0142a si\u0119 3 listopada 2025 r. Zar\u00f3wno Agnieszka Kaczorowska, jak i Maciej Pela pojawili si\u0119 w s\u0105dzie w towarzystwie swoich pe\u0142nomocnik\u00f3w. Przywitali si\u0119, wymienili kr\u00f3tkie &#8222;cze\u015b\u0107&#8221; i podali sobie d\u0142onie.<\/p>\n<p class=\"article-p\" data-section=\"detail-body\">Na sali s\u0105dowej jako \u015bwiadkowie pojawi\u0142y si\u0119 r\u00f3wnie\u017c matki obojga ma\u0142\u017conk\u00f3w. Posiedzenie przeci\u0105gn\u0119\u0142o si\u0119 i trwa\u0142o prawie dwie godziny. Agnieszka Kaczorowska rozmawia\u0142a z mam\u0105 i prawniczk\u0105, u\u015bmiechaj\u0105c si\u0119 szeroko. Z kolei Maciej Pela r\u00f3wnie\u017c wygl\u0105da\u0142 na zadowolonego.<\/p>\n<p class=\"article-p\" data-section=\"detail-body\">Je\u015bli strony zdo\u0142a\u0142y doj\u015b\u0107 do porozumienia w kwestiach dotycz\u0105cych maj\u0105tku i opieki nad dzie\u0107mi, rozw\u00f3d m\u00f3g\u0142 zosta\u0107 orzeczony ju\u017c na pierwszej rozprawie.<\/p>\n<p class=\"article-p\" data-section=\"detail-body\">Tak w\u0142a\u015bnie si\u0119 sta\u0142o. Agnieszka Kaczorowska nie komentowa\u0142a decyzji s\u0105du, jednak jej szeroki u\u015bmiech zdradza\u0142, \u017ce wyrok by\u0142 dla niej korzystny. Prawniczka tancerki w rozmowie z reporterk\u0105 &#8222;Faktu&#8221; potwierdzi\u0142a, \u017ce wyrok zostanie og\u0142oszony 17 listopada. Tego dnia Agnieszka Kaczorowska i Maciej Pela przestali by\u0107 ma\u0142\u017ce\u0144stwem.<\/p>\n<p>        To dzia\u0142o si\u0119 w s\u0105dzie. Agnieszka Kaczorowska i Maciej Pela nie s\u0105 ju\u017c ma\u0142\u017ce\u0144stwem<\/p>\n<p class=\"article-p\" data-section=\"detail-body\">W poniedzia\u0142ek 17 listopada na og\u0142oszeniu wyroku zabrak\u0142o zar\u00f3wno Agnieszki Kaczorowskiej, jak i Macieja Peli. W s\u0105dzie pojawi\u0142y si\u0119 tylko prawniczki obu stron. Po godz. 15.20 og\u0142oszono rozw\u00f3d bez orzekania o winie. S\u0105d nie ustali\u0142 odpowiedzialno\u015bci za rozpad ma\u0142\u017ce\u0144stwa. Oboje maj\u0105 w\u0142adz\u0119 rodzicielsk\u0105, b\u0119d\u0105 pe\u0142ni\u0107 piecz\u0119 naprzemienn\u0105. <\/p>\n<p class=\"article-p\" data-section=\"detail-body\"><a href=\"https:\/\/ludzie.fakt.pl\/agnieszka-kaczorowska-po-rozprawie-rozwodowej-ekspertka-wyjasnia-odroczenie\/3ykx9s4\" id=\"feadab6a-e135-4721-8023-5ce31925c299\" rel=\"nofollow noopener\" target=\"_blank\">Wiadomo, sk\u0105d takie op\u00f3\u017anienie og\u0142oszenia rozwodu Kaczorowskiej. Pojawi\u0142 si\u0119 element sporny?!<\/a><\/p>\n<p class=\"article-p\" data-section=\"detail-body\"><a href=\"https:\/\/ludzie.fakt.pl\/rozwod-kaczorowskiej-i-peli-ten-szczegol-mowi-wszystko-o-ich-relacji\/hv6q2cj\" id=\"39126338-df01-4ecd-a0ca-984b64a1c125\" rel=\"nofollow noopener\" target=\"_blank\">Rozw\u00f3d Kaczorowskiej i Peli. Ten szczeg\u00f3\u0142 m\u00f3wi wszystko o ich relacji<\/a><\/p>\n<p class=\"article-p\" data-section=\"detail-body\"><a href=\"https:\/\/ludzie.fakt.pl\/rozwod-agnieszki-kaczorowskiej-i-macieja-peli-wiemy-jaki-zapadl-wyrok\/tgtp6d9\" id=\"ad7dc47d-5edc-4bed-b6c6-36fb0feab2c1\" rel=\"nofollow noopener\" target=\"_blank\">Rozprawa Kaczorowskiej i Peli si\u0119 zako\u0144czy\u0142a. Mina tancerki po wyj\u015bciu z sali m\u00f3wi wszystko<\/a><\/p>\n","protected":false},"excerpt":{"rendered":"Jeszcze zanim trafi\u0142 do s\u0105du pozew rozwodowy, Agnieszka Kaczorowska i Maciej Pela pr\u00f3bowali doj\u015b\u0107 do porozumienia. Spotkanie z&hellip;\n","protected":false},"author":2,"featured_media":105767,"comment_status":"","ping_status":"","sticky":false,"template":"","format":"standard","meta":{"footnotes":""},"categories":[22],"tags":[122,42,38,40,39,41,123],"class_list":{"0":"post-105971","1":"post","2":"type-post","3":"status-publish","4":"format-standard","5":"has-post-thumbnail","7":"category-rozrywka","8":"tag-entertainment","9":"tag-pl","10":"tag-poland","11":"tag-polish","12":"tag-polska","13":"tag-polski","14":"tag-rozrywka"},"share_on_mastodon":{"url":"https:\/\/pubeurope.com\/@pl\/115566237863971822","error":""},"_links":{"self":[{"href":"https:\/\/www.europesays.com\/pl\/wp-json\/wp\/v2\/posts\/105971","targetHints":{"allow":["GET"]}}],"collection":[{"href":"https:\/\/www.europesays.com\/pl\/wp-json\/wp\/v2\/posts"}],"about":[{"href":"https:\/\/www.europesays.com\/pl\/wp-json\/wp\/v2\/types\/post"}],"author":[{"embeddable":true,"href":"https:\/\/www.europesays.com\/pl\/wp-json\/wp\/v2\/users\/2"}],"replies":[{"embeddable":true,"href":"https:\/\/www.europesays.com\/pl\/wp-json\/wp\/v2\/comments?post=105971"}],"version-history":[{"count":0,"href":"https:\/\/www.europesays.com\/pl\/wp-json\/wp\/v2\/posts\/105971\/revisions"}],"wp:featuredmedia":[{"embeddable":true,"href":"https:\/\/www.europesays.com\/pl\/wp-json\/wp\/v2\/media\/105767"}],"wp:attachment":[{"href":"https:\/\/www.europesays.com\/pl\/wp-json\/wp\/v2\/media?parent=105971"}],"wp:term":[{"taxonomy":"category","embeddable":true,"href":"https:\/\/www.europesays.com\/pl\/wp-json\/wp\/v2\/categories?post=105971"},{"taxonomy":"post_tag","embeddable":true,"href":"https:\/\/www.europesays.com\/pl\/wp-json\/wp\/v2\/tags?post=105971"}],"curies":[{"name":"wp","href":"https:\/\/api.w.org\/{rel}","templated":true}]}}