{"id":105978,"date":"2025-11-17T17:37:14","date_gmt":"2025-11-17T17:37:14","guid":{"rendered":"https:\/\/www.europesays.com\/pl\/105978\/"},"modified":"2025-11-17T17:37:14","modified_gmt":"2025-11-17T17:37:14","slug":"celt-przekroczyl-granice-mina-swiatek-mowi-wszystko-tenis","status":"publish","type":"post","link":"https:\/\/www.europesays.com\/pl\/105978\/","title":{"rendered":"Celt przekroczy\u0142 granice. Mina \u015awi\u0105tek m\u00f3wi wszystko Tenis"},"content":{"rendered":"<p class=\"art_paragraph\">Polki rozpocz\u0119\u0142y rywalizacj\u0119 w kwalifikacjach do <a href=\"https:\/\/www.sport.pl\/tenis\/7,64987,30022805,swiatek-wygrala-z-dawna-soba-przedwczesny-final-zawiodl-ale.html#anchorLink\" rel=\"nofollow noopener\" target=\"_blank\">fina\u0142\u00f3w<\/a> Billie Jean King Cup od triumfu 3:0 z Now\u0105 Zelandi\u0105. Iga \u015awi\u0105tek rozprawi\u0142a si\u0119 w\u00f3wczas z Elys\u0105 Tse 2:0. W niedziel\u0119 Bia\u0142o-Czerwone star\u0142y si\u0119 z Rumunkami. Na korcie ponownie pojawi\u0142a si\u0119 druga rakieta \u015bwiata. Tym razem mierzy\u0142a si\u0119 z Gabriel\u0105 Lee 6:2, 6:0.<\/p>\n<p>\n    Zobacz wideo Szef \u015awiatowej Agencji Antydopingowej: Przypadek Igi \u015awi\u0105tek by\u0142 szczeg\u00f3lny. Nauka dla sportowc\u00f3w: zbierajcie paragony\n  <\/p>\n<p> Wymowna reakcja \u015awi\u0105tek na s\u0142owa Celta<\/p>\n<p class=\"art_paragraph\">Po <a href=\"https:\/\/www.sport.pl\/euro\/7,154862,31079522,kto-dzis-gra-na-euro-2024-jakie-mecze-dzisiaj-piatek-21-czerwca.html#anchorLink\" rel=\"nofollow noopener\" target=\"_blank\">meczu<\/a> z Rumuni\u0105 dosz\u0142o do nietypowej konwersacji mi\u0119dzy Ig\u0105 \u015awi\u0105tek a kapitanem reprezentacji Polski &#8211; Dawidem Celtem. Ten podszed\u0142 do niej i szepn\u0105\u0142 na ucho: &#8211; Zjad\u0142em tw\u00f3j kawa\u0142ek pizzy &#8211; wypali\u0142.<\/p>\n<p class=\"art_paragraph\">Po tym stwierdzeniu Iga \u015awi\u0105tek rzuci\u0142a powa\u017cne spojrzenie w kierunku 39-latka. Celt na odchodne podkre\u015bli\u0142, \u017ce zjad\u0142 &#8222;tylko jeden&#8221;.<\/p>\n<p class=\"art_paragraph\">Zobacz te\u017c: <a href=\"https:\/\/www.sport.pl\/tenis\/7,64987,32402390,znamy-rywali-polski-w-united-cup.html\" class=\"art_link\" rel=\"dofollow noopener\" target=\"_blank\">\u015awi\u0105tek ju\u017c wie! Oto rywale Polski w United Cup<\/a><\/p>\n<p class=\"art_paragraph\">Nagranie udost\u0119pni\u0142 oficjalny profil Polsatu Sport. Ten udost\u0119pni\u0142 z kolei Dawid Celt, kt\u00f3ry napisa\u0142 kr\u00f3tko: &#8222;Szczera prawda&#8221;.<\/p>\n<p class=\"art_paragraph\">Nagranie w serwisie X udost\u0119pni\u0142 tak\u017ce profil &#8222;Z kortu &#8211; informacje tenisowe&#8221;. W komentarzach Marek Furjan napisa\u0142: &#8222;No to po podca\u015bcie&#8221;. Dziennikarz wraz z Dawidem Celtem prowadz\u0105 podcast &#8222;Break Point&#8221;, na kt\u00f3rym tematami przewodnimi s\u0105 <a href=\"https:\/\/www.sport.pl\/tenis\/0,0.html#anchorLink\" rel=\"nofollow noopener\" target=\"_blank\">tenis<\/a> i ludzie.<\/p>\n<p class=\"art_paragraph\">Ostatecznie Iga \u015awi\u0105tek otrzyma\u0142a sw\u00f3j upragniony kawa\u0142ek pizzy, czym pochwali\u0142a si\u0119 na swoim Instagramie. &#8222;Dzi\u0119kuj\u0119 Wam za wspania\u0142y doping w Gorzowie Wielkopolskim! Dzi\u0119kuj\u0119 ca\u0142emu zespo\u0142owi za \u015bwietny tydzie\u0144 pe\u0142en energii i \u015bmiechu. Cel osi\u0105gni\u0119ty&#8221; &#8211; napisa\u0142a w po\u015bcie.<\/p>\n<p>   <img decoding=\"async\" src=\"https:\/\/www.europesays.com\/pl\/wp-content\/uploads\/2025\/11\/z32402895IH,Iga-Swiatek.jpg\" class=\"article-related-photo-picture__img\" loading=\"lazy\" alt=\"Iga \u015awi\u0105tek\" style=\"aspect-ratio: 1080 \/ 1080\"\/><\/p>\n<p>   Iga \u015awi\u0105tekScreen &#8211; https:\/\/www.instagram.com\/p\/DRIyvNUAhIR\/?hl=pl&amp;img_index=2<\/p>\n<p><script async src=\"\/\/www.instagram.com\/embed.js\"><\/script><\/p>\n","protected":false},"excerpt":{"rendered":"Polki rozpocz\u0119\u0142y rywalizacj\u0119 w kwalifikacjach do fina\u0142\u00f3w Billie Jean King Cup od triumfu 3:0 z Now\u0105 Zelandi\u0105. Iga&hellip;\n","protected":false},"author":2,"featured_media":105979,"comment_status":"","ping_status":"","sticky":false,"template":"","format":"standard","meta":{"footnotes":""},"categories":[5],"tags":[32,33,36,37,27,34,35,28,31,25,42,38,40,39,41,29,30,26],"class_list":{"0":"post-105978","1":"post","2":"type-post","3":"status-publish","4":"format-standard","5":"has-post-thumbnail","7":"category-naglowki","8":"tag-breaking-news","9":"tag-breakingnews","10":"tag-featured-news","11":"tag-featurednews","12":"tag-headlines","13":"tag-latest-news","14":"tag-latestnews","15":"tag-naglowki","16":"tag-najwazniejsze-artykuly","17":"tag-news","18":"tag-pl","19":"tag-poland","20":"tag-polish","21":"tag-polska","22":"tag-polski","23":"tag-top-stories","24":"tag-topstories","25":"tag-wiadomosci"},"share_on_mastodon":{"url":"https:\/\/pubeurope.com\/@pl\/115566257567369863","error":""},"_links":{"self":[{"href":"https:\/\/www.europesays.com\/pl\/wp-json\/wp\/v2\/posts\/105978","targetHints":{"allow":["GET"]}}],"collection":[{"href":"https:\/\/www.europesays.com\/pl\/wp-json\/wp\/v2\/posts"}],"about":[{"href":"https:\/\/www.europesays.com\/pl\/wp-json\/wp\/v2\/types\/post"}],"author":[{"embeddable":true,"href":"https:\/\/www.europesays.com\/pl\/wp-json\/wp\/v2\/users\/2"}],"replies":[{"embeddable":true,"href":"https:\/\/www.europesays.com\/pl\/wp-json\/wp\/v2\/comments?post=105978"}],"version-history":[{"count":0,"href":"https:\/\/www.europesays.com\/pl\/wp-json\/wp\/v2\/posts\/105978\/revisions"}],"wp:featuredmedia":[{"embeddable":true,"href":"https:\/\/www.europesays.com\/pl\/wp-json\/wp\/v2\/media\/105979"}],"wp:attachment":[{"href":"https:\/\/www.europesays.com\/pl\/wp-json\/wp\/v2\/media?parent=105978"}],"wp:term":[{"taxonomy":"category","embeddable":true,"href":"https:\/\/www.europesays.com\/pl\/wp-json\/wp\/v2\/categories?post=105978"},{"taxonomy":"post_tag","embeddable":true,"href":"https:\/\/www.europesays.com\/pl\/wp-json\/wp\/v2\/tags?post=105978"}],"curies":[{"name":"wp","href":"https:\/\/api.w.org\/{rel}","templated":true}]}}