{"id":106021,"date":"2025-11-17T18:06:12","date_gmt":"2025-11-17T18:06:12","guid":{"rendered":"https:\/\/www.europesays.com\/pl\/106021\/"},"modified":"2025-11-17T18:06:12","modified_gmt":"2025-11-17T18:06:12","slug":"alvarez-de-mon-nfl-zaplacila-10-milionow-euro-za-wykorzystanie-bernabeu","status":"publish","type":"post","link":"https:\/\/www.europesays.com\/pl\/106021\/","title":{"rendered":"\u00c1lvarez de Mon: NFL zap\u0142aci\u0142a 10 milion\u00f3w euro za wykorzystanie Bernab\u00e9u"},"content":{"rendered":"<p>Ram\u00f3n \u00c1lvarez de Mon zaprosi\u0142 na sw\u00f3j kana\u0142 na YouTubie Aitora Manzano, hiszpa\u0144skiego dziennikarza zajmuj\u0105cego si\u0119 NFL. Obaj skomentowali rozegranie meczu tej ligi na Bernab\u00e9u, na kt\u00f3rym byli obecni osobi\u015bcie. Na starcie podkre\u015blili, \u017ce obiekt wygl\u0105da\u0142 zupe\u0142nie inaczej ni\u017c w meczu pi\u0142karskim i udowodni\u0142, \u017ce po przebudowie faktycznie potrafi przyj\u0105\u0107 r\u00f3\u017cnego rodzaju wydarzenia.<\/p>\n<p>Manzano przekaza\u0142, \u017ce ameryka\u0144scy dziennikarze zajmuj\u0105cy si\u0119 NFL podkre\u015blali, \u017ce nie widz\u0105 r\u00f3\u017cnicy pod wzgl\u0119dem organizacji na stadionie wzgl\u0119dem Super Bowl, czyli fina\u0142owego meczu rozgrywek. Dzia\u0142acze NFL te\u017c mieli by\u0107 zadowoleni z warunk\u00f3w, jakie zastali na stadionie, a tak\u017ce w mie\u015bcie na czele z o\u015brodkiem w Valdebebas, kt\u00f3ry r\u00f3wnie\u017c zosta\u0142 udost\u0119pniony lidze.<\/p>\n<p>\u00c1lvarez de Mon podkre\u015bli\u0142, \u017ce na stadionie trudno by\u0142o dostrzec informacje, \u017ce gra tam Real Madryt, bo ca\u0142y jego wystr\u00f3j dostosowano pod NFL. W\u015br\u00f3d minus\u00f3w i skarg, bo takie te\u017c si\u0119 pojawi\u0142y, wskazano problemy z wej\u015bciem na obiekt (t\u0142umaczono to wysokim poziomem zabezpiecze\u0144 i potraktowaniem spotkania jako tego o bardzo du\u017cym ryzyku, u\u017cyto por\u00f3wnania do fina\u0142u Ligi Mistrz\u00f3w). Na socialach pojawi\u0142y si\u0119 te\u017c skargi na jako\u015b\u0107 us\u0142ug cateringowych.<\/p>\n<p>Co do spraw finansowych, w programie podano, \u017ce NFL zap\u0142aci\u0142a Realowi za wypo\u017cyczenie ca\u0142ego stadionu 10 milion\u00f3w euro. To kwota tylko za prawo do wykorzystania Bernab\u00e9u. Do tego dochodz\u0105 procenty z przychod\u00f3w uzyskanych w sklepie NFL stworzonym na obiekcie, a tak\u017ce z us\u0142ug cateringowych. Nie poinformowano, o jakich procentach i kwotach mowa w tym przypadku. Podkre\u015blono r\u00f3wnie\u017c, \u017ce nie ma informacji, czy NFL p\u0142aci\u0142a za korzystanie z infrastruktury w Valdebebas.<\/p>\n<p>Manzano stwierdzi\u0142, \u017ce zaskoczy\u0142a go du\u017ca obecno\u015b\u0107 Amerykan\u00f3w i Meksykan\u00f3w, kt\u00f3rzy w tych dniach tworzyli wi\u0119kszo\u015b\u0107 w\u015br\u00f3d go\u015bci odwiedzaj\u0105cych stadion. Ten dziennikarz doda\u0142, \u017ce wiele klub\u00f3w La Ligi zg\u0142osi\u0142o si\u0119 do NFL z ch\u0119ci\u0105 nawi\u0105zania wsp\u00f3\u0142pracy nawet poza przyj\u0119ciem takiego meczu.<\/p>\n","protected":false},"excerpt":{"rendered":"Ram\u00f3n \u00c1lvarez de Mon zaprosi\u0142 na sw\u00f3j kana\u0142 na YouTubie Aitora Manzano, hiszpa\u0144skiego dziennikarza zajmuj\u0105cego si\u0119 NFL. Obaj&hellip;\n","protected":false},"author":2,"featured_media":106022,"comment_status":"","ping_status":"","sticky":false,"template":"","format":"standard","meta":{"footnotes":""},"categories":[24],"tags":[42,38,40,39,41,127,126],"class_list":{"0":"post-106021","1":"post","2":"type-post","3":"status-publish","4":"format-standard","5":"has-post-thumbnail","7":"category-sport","8":"tag-pl","9":"tag-poland","10":"tag-polish","11":"tag-polska","12":"tag-polski","13":"tag-sport","14":"tag-sports"},"share_on_mastodon":{"url":"https:\/\/pubeurope.com\/@pl\/115566371493554215","error":""},"_links":{"self":[{"href":"https:\/\/www.europesays.com\/pl\/wp-json\/wp\/v2\/posts\/106021","targetHints":{"allow":["GET"]}}],"collection":[{"href":"https:\/\/www.europesays.com\/pl\/wp-json\/wp\/v2\/posts"}],"about":[{"href":"https:\/\/www.europesays.com\/pl\/wp-json\/wp\/v2\/types\/post"}],"author":[{"embeddable":true,"href":"https:\/\/www.europesays.com\/pl\/wp-json\/wp\/v2\/users\/2"}],"replies":[{"embeddable":true,"href":"https:\/\/www.europesays.com\/pl\/wp-json\/wp\/v2\/comments?post=106021"}],"version-history":[{"count":0,"href":"https:\/\/www.europesays.com\/pl\/wp-json\/wp\/v2\/posts\/106021\/revisions"}],"wp:featuredmedia":[{"embeddable":true,"href":"https:\/\/www.europesays.com\/pl\/wp-json\/wp\/v2\/media\/106022"}],"wp:attachment":[{"href":"https:\/\/www.europesays.com\/pl\/wp-json\/wp\/v2\/media?parent=106021"}],"wp:term":[{"taxonomy":"category","embeddable":true,"href":"https:\/\/www.europesays.com\/pl\/wp-json\/wp\/v2\/categories?post=106021"},{"taxonomy":"post_tag","embeddable":true,"href":"https:\/\/www.europesays.com\/pl\/wp-json\/wp\/v2\/tags?post=106021"}],"curies":[{"name":"wp","href":"https:\/\/api.w.org\/{rel}","templated":true}]}}