{"id":106036,"date":"2025-11-17T18:19:14","date_gmt":"2025-11-17T18:19:14","guid":{"rendered":"https:\/\/www.europesays.com\/pl\/106036\/"},"modified":"2025-11-17T18:19:14","modified_gmt":"2025-11-17T18:19:14","slug":"oglosila-rozstanie-z-katarzyna-zillmann-tuz-po-tancu-z-gwiazdami-tak-mowily-o-slubie","status":"publish","type":"post","link":"https:\/\/www.europesays.com\/pl\/106036\/","title":{"rendered":"Og\u0142osi\u0142a rozstanie z Katarzyn\u0105 Zillmann tu\u017c po &#8222;Ta\u0144cu z gwiazdami&#8221;. Tak m\u00f3wi\u0142y o \u015blubie"},"content":{"rendered":"<p class=\"ods-c-paragraph \">Katarzyna Zillmann to jedna z najbardziej utytu\u0142owanych polskich wio\u015blarek ostatnich lat. Startuj\u0105c w czw\u00f3rce podw\u00f3jnej, wsp\u00f3lnie z kole\u017cankami z osady, zdoby\u0142a trzy medale mistrzostw \u015bwiata \u2014 w tym jeden z\u0142oty \u2014 a tak\u017ce tytu\u0142 mistrzyni Europy i srebro igrzysk olimpijskich w 2021 r.<\/p>\n<p>Dalszy ci\u0105g artyku\u0142u pod materia\u0142em wideo<\/p>\n<p> Kiedy Julia Walczak og\u0142osi\u0142a rozstanie z Katarzyn\u0105 Zillmann? <\/p>\n<p> Jakie medale zdoby\u0142a Katarzyna Zillmann? <\/p>\n<p> Jakie wydarzenia dokumentowa\u0142y zwi\u0105zek Zillmann i Walczak? <\/p>\n<p> Czym zajmuje si\u0119 Julia Walczak poza wio\u015blarstwem? <\/p>\n<p>  Julia Walczak og\u0142osi\u0142a rozstanie z Katarzyn\u0105 Zillmann<\/p>\n<p class=\"ods-c-paragraph \">To w\u0142a\u015bnie podczas olimpijskich zmaga\u0144 w Tokio po raz pierwszy zrobi\u0142o si\u0119 g\u0142o\u015bno o jej \u017cyciu prywatnym Katarzyny Zillmann. Tu\u017c po zdobyciu kr\u0105\u017cka, na antenie Telewizji Polskiej, sportsmenka spontanicznie podzi\u0119kowa\u0142a swojej \u00f3wczesnej dziewczynie \u2014 Julii Walczak. Jej s\u0142owa odbi\u0142y si\u0119 szerokim echem, szczeg\u00f3lnie \u017ce \u00f3wczesne kierownictwo publicznego nadawcy nie s\u0142yn\u0119\u0142o z przychylnego podej\u015bcia do os\u00f3b LGBT+.<\/p>\n<p class=\"ods-c-paragraph \">&#8222;Bardzo si\u0119 jednak ciesz\u0119, \u017ce reakcje by\u0142y w ogromnej wi\u0119kszo\u015bci pozytywne. I to by\u0142o dla mnie wzruszaj\u0105ce. Nie lubi\u0119 jednak m\u00f3wi\u0107 o tej sprawie, bo moim zdaniem dotyczy rzeczy, kt\u00f3re nie powinny by\u0107 przedmiotem dyskusji. Nie musz\u0119 si\u0119 t\u0142umaczy\u0107 z tego, \u017ce chc\u0119 \u017cy\u0107 po swojemu i mam odwag\u0119 to robi\u0107. To nie powinien by\u0107 akt odwagi, tylko normalno\u015b\u0107&#8221; \u2014 przyzna\u0142a wio\u015blarka w wywiadzie dla Sportowych Fakt\u00f3w.<\/p>\n<p class=\"ods-c-paragraph \">Kilka miesi\u0119cy p\u00f3\u017aniej temat powr\u00f3ci\u0142, gdy obie wyst\u0105pi\u0142y wsp\u00f3lnie w kampanii reklamowej marki bi\u017cuteryjnej. Spot, w kt\u00f3rym znalaz\u0142a si\u0119 subtelna scena poca\u0142unku, nie zosta\u0142 jednak wyemitowany przez TVP. Decyzja ta wywo\u0142a\u0142a fal\u0119 komentarzy i szerok\u0105 dyskusj\u0119 w mediach. &#8222;\u017byjemy w kraju, w kt\u00f3rym homofobia jest zinstytucjonalizowana&#8221; \u2014 m\u00f3wi\u0142a w\u00f3wczas Zillmann w rozmowie z Wirtualnymi Mediami.<\/p>\n<p><img decoding=\"async\" src=\"https:\/\/www.europesays.com\/pl\/wp-content\/uploads\/2025\/11\/jYTk9lBaHR0cHM6Ly9vY2RuLmV1L3B1bHNjbXMvTURBXy9hZjFiY2NlMmI0OTJlNWYzYTQ3MGY1Y2EzYzY3MTEyMS5qcGeSlQMAA.jpeg\" height=\"529\" width=\"940\" alt=\"Julia Walczak i Katarzyna Zillmann\" loading=\"lazy\" class=\"ods-c-image__img ods-c-image__img--vertical\"\/><\/p>\n<p>Julia Walczak i Katarzyna ZillmannPiotr Andrzejczak \/ MW Media<\/p>\n<p class=\"ods-c-paragraph \">Katarzyn\u0119 Zillmann i Juli\u0119 Walczak po\u0142\u0105czy\u0142a tak\u017ce wsp\u00f3lna pasja do sportu. Wybranka wicemistrzyni olimpijskiej r\u00f3wnie\u017c zwi\u0105zana jest z torem regatowym \u2014 tyle \u017ce jako kajakarka. 24-latka ma na swoim koncie m.in. wicemistrzostwo \u015bwiata w konkurencji czw\u00f3rek i br\u0105zowy medal mistrzostw Starego Kontynentu w rywalizacji dw\u00f3jek, wywalczony wsp\u00f3lnie z Sylwi\u0105 Szczerbi\u0144sk\u0105.<\/p>\n<p>   <img decoding=\"async\" src=\"https:\/\/www.europesays.com\/pl\/wp-content\/uploads\/2025\/11\/2Gzk9lBaHR0cHM6Ly9vY2RuLmV1L3B1bHNjbXMvTURBXy9kNGUxOGVmNGQwYWMwZWYzOGIyMmNkY2Q5NGUyNzJhZC5qcGeRlQLNA.jpeg\" height=\"529\" width=\"940\" alt=\"Julia Walczak i Katarzyna Zillmann\" loading=\"lazy\" class=\"ods-c-image__img ods-c-image__img--vertical\"\/><\/p>\n<p>Julia Walczak i Katarzyna ZillmannAndras Szilagyi \/ MW Media<\/p>\n<p> Katarzyna Zillmann o zwi\u0105zkach partnerskich. &#8222;Zmiana, kt\u00f3ra daje mi spok\u00f3j w g\u0142owie&#8221;<\/p>\n<p class=\"ods-c-paragraph \">Cho\u0107 ich zwi\u0105zek bywa\u0142 celem nieprzychylnych komentarzy w mediach spo\u0142eczno\u015bciowych, Katarzyna Zillmann i Julia Walczak regularnie publikowa\u0142y wsp\u00f3lne zdj\u0119cia i pojawia\u0142y si\u0119 na bran\u017cowych wydarzeniach. Podczas Balu Fundacji TVN nie szcz\u0119dzi\u0142y sobie czu\u0142o\u015bci, a fotoreporterzy uchwycili je r\u00f3wnie\u017c na premierze filmu &#8222;Diuna: Cz\u0119\u015b\u0107 druga&#8221; czy Gali Mistrz\u00f3w Sportu.<\/p>\n<p><img decoding=\"async\" src=\"https:\/\/www.europesays.com\/pl\/wp-content\/uploads\/2025\/11\/Xzlk9lBaHR0cHM6Ly9vY2RuLmV1L3B1bHNjbXMvTURBXy85Mzg0NjA0NDgzMWY1YmZkZTE5NDE4NDMxMzE5ZTc0NC5qcGeRlQLNA.jpeg\" height=\"529\" width=\"940\" alt=\"Katarzyna Zillmann i Julia Walczak\" loading=\"lazy\" class=\"ods-c-image__img ods-c-image__img--vertical\"\/><\/p>\n<p>Katarzyna Zillmann i Julia WalczakJAROSLAW ANTONIAK\/MWMEDIA WARSZAWA \/ MW Media<\/p>\n<p class=\"ods-c-paragraph \">W wywiadzie udzielonym Plejadzie na pocz\u0105tku 2024 r. <a href=\"https:\/\/plejada.pl\/newsy\/katarzyna-zillmann-o-zwiazkach-partnerskich-nie-bede-musiala-wyjezdzac\/mczzknx\" id=\"e0327b0b-1825-4fbb-aa9b-1633e64f8d62\" rel=\"nofollow noopener\" target=\"_blank\">Zillmann nie kry\u0142a, \u017ce kwestie zwi\u0105zk\u00f3w partnerskich s\u0105 dla niej wyj\u0105tkowo istotne.<\/a> Podkre\u015bli\u0142a, \u017ce pojawiaj\u0105ce si\u0119 zapowiedzi zmian prawnych daj\u0105 jej realn\u0105 nadziej\u0119 na przysz\u0142o\u015b\u0107 w Polsce.<\/p>\n<blockquote class=\"ods-o-quota\">\n<p class=\"ods-o-quota__paragraph\">To jest dla mnie najwa\u017cniejsza zmiana, kt\u00f3ra daje mi spok\u00f3j w g\u0142owie i my\u015bl, \u017ce faktycznie nie b\u0119d\u0119 musia\u0142a wyje\u017cd\u017ca\u0107<\/p>\n<\/blockquote>\n<p class=\"ods-c-paragraph \">\u2014 zaznaczy\u0142a. Wielokrotnie m\u00f3wi\u0142y na temat potencjalnego \u015blubu. &#8222;Ci\u0119\u017cko porywa\u0107 si\u0119 z motyk\u0105 na s\u0142o\u0144ce, p\u00f3ki nastroje w kraju s\u0105, jakie s\u0105&#8221; \u2014 m\u00f3wi\u0142a Zillmann w rozmowie z &#8222;Faktem&#8221;. Z tego powodu planowa\u0142y zabezpieczy\u0107 si\u0119 notarialnie.<\/p>\n<p>   <img decoding=\"async\" src=\"https:\/\/www.europesays.com\/pl\/wp-content\/uploads\/2025\/11\/yoLk9lBaHR0cHM6Ly9vY2RuLmV1L3B1bHNjbXMvTURBXy81MmUyYTZjYWQ5NmM3NzhiODI1ZTJjOThjOTA1MzViZi5qcGeRlQLNA.jpeg\" height=\"529\" width=\"940\" alt=\"Katarzyna Zillmann\" loading=\"lazy\" class=\"ods-c-image__img ods-c-image__img--vertical\"\/><\/p>\n<p>Katarzyna ZillmannAndras Szilagyi \/ MW Media<\/p>\n<p class=\"ods-c-paragraph \">Tej jesieni Katarzyna Zillmann wzi\u0119\u0142a udzia\u0142 w jubileuszowej, 30. edycji &#8222;Ta\u0144ca z gwiazdami&#8221;, gdzie jej partnerk\u0105 by\u0142a Janja Lesar. Para nie szcz\u0119dzi\u0142a sobie czu\u0142o\u015bci \u2014 podczas jednego z wyst\u0119p\u00f3w wielokrotnie si\u0119 ca\u0142owa\u0142y, a podobna sytuacja mia\u0142a miejsce w finale, gdy poca\u0142owa\u0142y si\u0119 nad Kryszta\u0142ow\u0105 Kul\u0105, przechodz\u0105c wok\u00f3\u0142 nagrody.<a href=\"https:\/\/plejada.pl\/newsy\/partnerka-katarzyny-zillmann-potwierdza-rozstanie-z-ukochana-nieaktualne-jak-cos\/xk5vr40\" id=\"4f1c9844-0cf7-41d4-882d-54d4385ba9e6\" rel=\"nofollow noopener\" target=\"_blank\"> Dzie\u0144 po finale Julia Walczak potwierdzi\u0142a rozstanie z wio\u015blark\u0105<\/a>.<\/p>\n<blockquote class=\"ods-o-quota\"><\/blockquote>\n<p class=\"ods-c-paragraph \">\u2014 napisa\u0142a Walczak pod wsp\u00f3lnym nagraniem z Zillmann.<\/p>\n<p><img decoding=\"async\" src=\"https:\/\/www.europesays.com\/pl\/wp-content\/uploads\/2025\/11\/MPkk9lBaHR0cHM6Ly9vY2RuLmV1L3B1bHNjbXMvTURBXy81Y2UwMzBhNzdmZjVhOWU3NWYwNWRkM2ExODk3Zjk5MS5qcGeRlQLNA.jpeg\" height=\"529\" width=\"940\" alt=\"Bal Fundacji TVN 2024: Katarzyna Zillmann i Julia Walczak\" loading=\"lazy\" class=\"ods-c-image__img ods-c-image__img--vertical\"\/><\/p>\n<p>Bal Fundacji TVN 2024: Katarzyna Zillmann i Julia WalczakMW Media<\/p>\n<p class=\"ods-c-paragraph \">Dzi\u0119kujemy, \u017ce przeczyta\u0142a\u015b\/e\u015b nasz artyku\u0142 do ko\u0144ca. W serwisie Plejada.pl ka\u017cdego dnia piszemy o najwa\u017cniejszych wydarzeniach show-biznesowych. B\u0105d\u017a na bie\u017c\u0105co! <a rel=\"nofollow noopener\" href=\"https:\/\/news.google.com\/publications\/CAAiEF0PeAlb7W1llpV_mwV2rL4qFAgKIhBdD3gJW-1tZZaVf5sFdqy-?hl=pl&amp;gl=PL&amp;ceid=PL%3Apl\" id=\"41963224-3df3-4dc5-8fe5-92c8328e3b07\" target=\"_blank\">Obserwuj<\/a> Plejad\u0119 w Wiadomo\u015bciach Google. Odwied\u017a nas tak\u017ce na <a rel=\"nofollow noopener\" href=\"https:\/\/www.facebook.com\/plejadapl\" id=\"1d9b93e7-b8bd-48ae-96c4-b7f2fdfcf4ac\" target=\"_blank\">Facebooku<\/a>, <a rel=\"nofollow noopener\" href=\"https:\/\/www.instagram.com\/plejadapl\/\" id=\"597a6ff5-4925-4db2-aea6-fb090b61b2d3\" target=\"_blank\">Instagramie<\/a>, <a rel=\"nofollow noopener\" href=\"https:\/\/www.youtube.com\/c\/plejada\" id=\"345c4974-e451-4aff-a9e9-dd0445fcf9fa\" target=\"_blank\">YouTubie<\/a> oraz <a rel=\"nofollow noopener\" href=\"https:\/\/www.tiktok.com\/@plejada_pl\" id=\"cb1442ab-90a6-43f8-968c-ae8b06a49717\" target=\"_blank\">TikToku<\/a>.<\/p>\n<p class=\"ods-c-paragraph \">Chcesz podzieli\u0107 si\u0119 ciekawym newsem lub zaproponowa\u0107 temat? Skontaktuj si\u0119 z nami, pisz\u0105c maila na adres: <a rel=\"nofollow noopener\" href=\"https:\/\/plejada.pl\/newsy\/oglosila-rozstanie-z-katarzyna-zillmann-tuz-po-tancu-z-gwiazdami-tak-mowily-o-slubie\/mailto:plejada@redakcjaonet.pl\" id=\"4ff4edcc-20e0-4662-b9c6-3a42171acdb9\" target=\"_blank\">plejada@redakcjaon<\/a><a rel=\"nofollow noopener\" href=\"https:\/\/et.pl\/\" id=\"f6d2f70c-dbaf-4a78-b686-f3f3d49a0f16\" target=\"_blank\">et.pl<\/a>.<\/p>\n<p><script async src=\"\/\/www.instagram.com\/embed.js\"><\/script><script async src=\"\/\/www.tiktok.com\/embed.js\"><\/script><\/p>\n","protected":false},"excerpt":{"rendered":"Katarzyna Zillmann to jedna z najbardziej utytu\u0142owanych polskich wio\u015blarek ostatnich lat. Startuj\u0105c w czw\u00f3rce podw\u00f3jnej, wsp\u00f3lnie z kole\u017cankami&hellip;\n","protected":false},"author":2,"featured_media":106037,"comment_status":"","ping_status":"","sticky":false,"template":"","format":"standard","meta":{"footnotes":""},"categories":[5],"tags":[32,33,36,37,27,34,35,28,31,48,25,125,46,42,38,40,39,41,20729,47,1884,29,30,26],"class_list":{"0":"post-106036","1":"post","2":"type-post","3":"status-publish","4":"format-standard","5":"has-post-thumbnail","7":"category-naglowki","8":"tag-breaking-news","9":"tag-breakingnews","10":"tag-featured-news","11":"tag-featurednews","12":"tag-headlines","13":"tag-latest-news","14":"tag-latestnews","15":"tag-naglowki","16":"tag-najwazniejsze-artykuly","17":"tag-nat_styl","18":"tag-news","19":"tag-newsy","20":"tag-omp","21":"tag-pl","22":"tag-poland","23":"tag-polish","24":"tag-polska","25":"tag-polski","26":"tag-rewquiz_tst1","27":"tag-screening_general","28":"tag-taniec_z_gwiazdami","29":"tag-top-stories","30":"tag-topstories","31":"tag-wiadomosci"},"share_on_mastodon":{"url":"https:\/\/pubeurope.com\/@pl\/115566422993673535","error":""},"_links":{"self":[{"href":"https:\/\/www.europesays.com\/pl\/wp-json\/wp\/v2\/posts\/106036","targetHints":{"allow":["GET"]}}],"collection":[{"href":"https:\/\/www.europesays.com\/pl\/wp-json\/wp\/v2\/posts"}],"about":[{"href":"https:\/\/www.europesays.com\/pl\/wp-json\/wp\/v2\/types\/post"}],"author":[{"embeddable":true,"href":"https:\/\/www.europesays.com\/pl\/wp-json\/wp\/v2\/users\/2"}],"replies":[{"embeddable":true,"href":"https:\/\/www.europesays.com\/pl\/wp-json\/wp\/v2\/comments?post=106036"}],"version-history":[{"count":0,"href":"https:\/\/www.europesays.com\/pl\/wp-json\/wp\/v2\/posts\/106036\/revisions"}],"wp:featuredmedia":[{"embeddable":true,"href":"https:\/\/www.europesays.com\/pl\/wp-json\/wp\/v2\/media\/106037"}],"wp:attachment":[{"href":"https:\/\/www.europesays.com\/pl\/wp-json\/wp\/v2\/media?parent=106036"}],"wp:term":[{"taxonomy":"category","embeddable":true,"href":"https:\/\/www.europesays.com\/pl\/wp-json\/wp\/v2\/categories?post=106036"},{"taxonomy":"post_tag","embeddable":true,"href":"https:\/\/www.europesays.com\/pl\/wp-json\/wp\/v2\/tags?post=106036"}],"curies":[{"name":"wp","href":"https:\/\/api.w.org\/{rel}","templated":true}]}}