{"id":106066,"date":"2025-11-17T18:45:09","date_gmt":"2025-11-17T18:45:09","guid":{"rendered":"https:\/\/www.europesays.com\/pl\/106066\/"},"modified":"2025-11-17T18:45:09","modified_gmt":"2025-11-17T18:45:09","slug":"tragiczny-final-wakacji-w-turcji-zmarl-ostatni-czlonek-rodziny","status":"publish","type":"post","link":"https:\/\/www.europesays.com\/pl\/106066\/","title":{"rendered":"Tragiczny fina\u0142 wakacji w Turcji. Zmar\u0142 ostatni cz\u0142onek rodziny"},"content":{"rendered":"<p class=\"Paragraph_desktopParagraph__U31Gm\">O \u015bmierci m\u0119\u017cczyzny poinformowa\u0142 w poniedzia\u0142ek &#8222;Bild&#8221;, opieraj\u0105c si\u0119 o wpis na serwisie X szefa Dyrekcji Zdrowia w Stambule Abdullaha Emre Gunera. Jak przekaza\u0142, Servet B., ojciec rodziny, do ostatnich chwil przebywa\u0142 na oddziale intensywnej terapii w szpitalu Cemil Tasc\u0131oglu. Stan zdrowia by\u0142 jednak zbyt ci\u0119\u017cki. Jego \u017cycia nie uda\u0142o si\u0119 uratowa\u0107.<\/p>\n<p class=\"Paragraph_desktopParagraph__U31Gm\">Rodzina z Hamburga trafi\u0142a na ostry dy\u017cur w ubieg\u0142ym tygodniu, skar\u017c\u0105c si\u0119 na powa\u017cne objawy zatrucia: nudno\u015bci, wymioty i zawroty g\u0142owy. Po wst\u0119pnym leczeniu w dw\u00f3ch stambulskich klinikach nie zdecydowano si\u0119 jednak na hospitalizacj\u0119 rodzic\u00f3w i dzieci. Rodzina wr\u00f3ci\u0142a do hotelu, co rozpocz\u0119\u0142o rodzinny horror. Najpierw zmar\u0142y dzieci, p\u00f3\u017aniej ich matka. <\/p>\n<ul class=\"OchatFollowUps_wrapper__1ry7X\">\n<li class=\"OchatFollowUps_item__Dhyly OchatFollowUps_itemDesktop__R6aBv\">Jakie objawy mia\u0142a rodzina z Niemiec?<\/li>\n<li class=\"OchatFollowUps_item__Dhyly OchatFollowUps_itemDesktop__R6aBv\">Gdzie przebywa\u0142a rodzina przed \u015bmierci\u0105?<\/li>\n<li class=\"OchatFollowUps_item__Dhyly OchatFollowUps_itemDesktop__R6aBv\">Jakie hipotezy dotycz\u0105ce \u017ar\u00f3d\u0142a zatrucia s\u0105 badane?<\/li>\n<li class=\"OchatFollowUps_item__Dhyly OchatFollowUps_itemDesktop__R6aBv\">Kiedy zmar\u0142 ostatni cz\u0142onek rodziny?<\/li>\n<\/ul>\n<p class=\"Paragraph_desktopParagraph__U31Gm\">Okoliczno\u015bci \u015bmierci rodziny wci\u0105\u017c pozostaj\u0105 niejasne. \u015aledczy badaj\u0105 r\u00f3\u017cne hipotezy dotycz\u0105ce \u017ar\u00f3d\u0142a zatrucia. Jedna z teorii zak\u0142ada, \u017ce rodzina mog\u0142a zatru\u0107 si\u0119 jedzeniem, w tym spo\u017cytymi wcze\u015bniej ma\u0142\u017cami lub posi\u0142kiem w restauracji. Inna wersja wskazuje na mo\u017cliwe zatrucie chemikaliami u\u017cywanymi przez hotelow\u0105 firm\u0119 zajmuj\u0105c\u0105 si\u0119 zwalczaniem szkodnik\u00f3w. Hotel zosta\u0142 w sobot\u0119 ewakuowany i zamkni\u0119ty.<\/p>\n<p class=\"Paragraph_desktopParagraph__U31Gm\">W sobot\u0119 informowali\u015bmy r\u00f3wnie\u017c o kolejnych turystach, kt\u00f3rzy zacz\u0119li zg\u0142asza\u0107 si\u0119 do tureckich szpitali z podobnymi objawami.<\/p>\n<p class=\"Paragraph_desktopParagraph__U31Gm\">W ramach \u015bledztwa aresztowano kilka os\u00f3b, w tym sprzedawc\u00f3w \u017cywno\u015bci oraz pracownik\u00f3w hotelu, w kt\u00f3rym zatrzyma\u0142a si\u0119 rodzina. Obecnie prowadzone s\u0105 szczeg\u00f3\u0142owe badania toksykologiczne pr\u00f3bek, kt\u00f3re maj\u0105 pom\u00f3c w ustaleniu przyczyny zatrucia.<\/p>\n","protected":false},"excerpt":{"rendered":"O \u015bmierci m\u0119\u017cczyzny poinformowa\u0142 w poniedzia\u0142ek &#8222;Bild&#8221;, opieraj\u0105c si\u0119 o wpis na serwisie X szefa Dyrekcji Zdrowia w&hellip;\n","protected":false},"author":2,"featured_media":106067,"comment_status":"","ping_status":"","sticky":false,"template":"","format":"standard","meta":{"footnotes":""},"categories":[14],"tags":[32,33,27,34,35,28,31,53,25,52,68,51,55,40,41,47,8472,80,29,30,4372,50,26,82,83,84],"class_list":{"0":"post-106066","1":"post","2":"type-post","3":"status-publish","4":"format-standard","5":"has-post-thumbnail","7":"category-swiat","8":"tag-breaking-news","9":"tag-breakingnews","10":"tag-headlines","11":"tag-latest-news","12":"tag-latestnews","13":"tag-naglowki","14":"tag-najwazniejsze-artykuly","15":"tag-new_header","16":"tag-news","17":"tag-onet3","18":"tag-onet3d","19":"tag-onet3d_2i","20":"tag-phx","21":"tag-polish","22":"tag-polski","23":"tag-screening_general","24":"tag-stambul","25":"tag-swiat","26":"tag-top-stories","27":"tag-topstories","28":"tag-turcja_kraj","29":"tag-v2021","30":"tag-wiadomosci","31":"tag-world","32":"tag-world-news","33":"tag-worldnews"},"share_on_mastodon":{"url":"https:\/\/pubeurope.com\/@pl\/115566524624527672","error":""},"_links":{"self":[{"href":"https:\/\/www.europesays.com\/pl\/wp-json\/wp\/v2\/posts\/106066","targetHints":{"allow":["GET"]}}],"collection":[{"href":"https:\/\/www.europesays.com\/pl\/wp-json\/wp\/v2\/posts"}],"about":[{"href":"https:\/\/www.europesays.com\/pl\/wp-json\/wp\/v2\/types\/post"}],"author":[{"embeddable":true,"href":"https:\/\/www.europesays.com\/pl\/wp-json\/wp\/v2\/users\/2"}],"replies":[{"embeddable":true,"href":"https:\/\/www.europesays.com\/pl\/wp-json\/wp\/v2\/comments?post=106066"}],"version-history":[{"count":0,"href":"https:\/\/www.europesays.com\/pl\/wp-json\/wp\/v2\/posts\/106066\/revisions"}],"wp:featuredmedia":[{"embeddable":true,"href":"https:\/\/www.europesays.com\/pl\/wp-json\/wp\/v2\/media\/106067"}],"wp:attachment":[{"href":"https:\/\/www.europesays.com\/pl\/wp-json\/wp\/v2\/media?parent=106066"}],"wp:term":[{"taxonomy":"category","embeddable":true,"href":"https:\/\/www.europesays.com\/pl\/wp-json\/wp\/v2\/categories?post=106066"},{"taxonomy":"post_tag","embeddable":true,"href":"https:\/\/www.europesays.com\/pl\/wp-json\/wp\/v2\/tags?post=106066"}],"curies":[{"name":"wp","href":"https:\/\/api.w.org\/{rel}","templated":true}]}}