{"id":106120,"date":"2025-11-17T19:18:11","date_gmt":"2025-11-17T19:18:11","guid":{"rendered":"https:\/\/www.europesays.com\/pl\/106120\/"},"modified":"2025-11-17T19:18:11","modified_gmt":"2025-11-17T19:18:11","slug":"to-jedyne-serum-jakiego-potrzebuje-60-latka-usuwa-wszystkie-oznaki-starzenia","status":"publish","type":"post","link":"https:\/\/www.europesays.com\/pl\/106120\/","title":{"rendered":"To jedyne serum, jakiego potrzebuje 60-latka. Usuwa wszystkie oznaki starzenia"},"content":{"rendered":"<p data-section=\"article-paragraph-block\">P\u00f3\u0142ki w twojej \u0142azience uginaj\u0105 si\u0119 pod ci\u0119\u017carem dziesi\u0105tek kosmetyk\u00f3w, a efekt\u00f3w brak? Czasami liczy si\u0119 jako\u015b\u0107, nie ilo\u015b\u0107. Zamiast stale wypr\u00f3bowywa\u0107 nowe cuda wypatrzone na kolejnej promocji, warto zainwestowa\u0107 w porz\u0105dny produkt z wy\u017cszej p\u00f3\u0142ki, taki kt\u00f3ry dzia\u0142a kompleksowo. My mamy ju\u017c swojego faworyta.<\/p>\n<p class=\"font-roboto italic py-2 text-base text-gray-900\">W tek\u015bcie i na zdj\u0119ciach umieszczono linki reklamowe naszego partnera.<\/p>\n<p>60-latki masowo wykupuj\u0105 to serum<\/p>\n<p data-section=\"article-paragraph-block\" class=\"[&amp;&gt;a]:underline [&amp;&gt;a]:text-amaranth font-roboto text-base text-gray-900 my-2\"><a href=\"https:\/\/lamoda.pl\/uroda\/damskie\/pielegnacja-twarzy\/serum-do-twarzy\" id=\"2d9d0108-7c1c-499c-af87-755d18054c8d\" rel=\"nofollow noopener\" target=\"_blank\">Serum<\/a> Liftactiv Collagen Specialist marki Vichy to prawdziwa rewolucja w piel\u0119gnacji dojrza\u0142ej cery. Jego sekret? U\u017cycie nowoczesnej technologii scalania kolagen\u00f3w Co-Bonding &#8211; w czerwonej buteleczce zamkni\u0119to trzy pot\u0119\u017cne sk\u0142adniki aktywne (peptydy, ramnoz\u0119 i maitake), kt\u00f3re razem wzmacniaj\u0105 i \u0142\u0105cz\u0105 r\u00f3\u017cne typy kolagenu, tym samym usuwaj\u0105c a\u017c 16 oznak starzenia. <\/p>\n<p data-section=\"article-paragraph-block\" class=\"[&amp;&gt;a]:underline [&amp;&gt;a]:text-amaranth font-roboto text-base text-gray-900 my-2\">Podczas bada\u0144 klinicznych trwaj\u0105cych 12 tygodni, a\u017c 84 proc. kobiet zauwa\u017cy\u0142o redukcj\u0119 zmarszczek, a kolejne informuj\u0105 nas w opiniach pod produktem, \u017ce pierwsze efekty widzia\u0142y ju\u017c po 2 tygodniach regularnego stosowania serum. Ale wype\u0142nienie zmarszczek to dopiero pocz\u0105tek! Liftactiv Collagen Specialist poprawia tak\u017ce koloryt sk\u00f3ry, jej struktur\u0119, g\u0119sto\u015b\u0107 i spr\u0119\u017cysto\u015b\u0107, &#8222;prasuje&#8221; drobne linie, uj\u0119drnia, niweluje wiotko\u015b\u0107, wyg\u0142adza cer\u0119, wzmacnia, regeneruje, przywraca blask i mi\u0119kko\u015b\u0107, nawil\u017ca i uelastycznia. Tak kompleksowa kuracja to prawdziwy zastrzyk m\u0142odo\u015bci. Nic dziwnego, \u017ce 60-latki oszala\u0142y na jej punkcie. <\/p>\n<p data-section=\"article-paragraph-block\" class=\"[&amp;&gt;a]:underline [&amp;&gt;a]:text-amaranth font-roboto text-base text-gray-900 my-2\">Sprawd\u017a te\u017c: <a href=\"https:\/\/lamoda.pl\/trendy\/uroda\/ten-krem-za-9-zl-sciera-plamki-starcze-z-dloni-pachnie-jak-francuskie-perfumy\/hd3xjxb\" id=\"603c1e45-d7bb-4fb2-9da7-8925c436d538\" rel=\"nofollow noopener\" target=\"_blank\">Ten krem za 9 z\u0142 &#8222;\u015bciera&#8221; plamki starcze z d\u0142oni. Pachnie jak francuskie perfumy<\/a><\/p>\n<p><img decoding=\"async\" src=\"https:\/\/www.europesays.com\/pl\/wp-content\/uploads\/2025\/11\/bWTktkpTURBXy84MjJiMTE5NWU3MGMxZWNiY2IxYWY1ZWI5MjlkYjU3ZS5qcGeRkwXNBLDNA4Q.jpeg\" class=\"w-full\"\/><\/p>\n<p>Foto: Superpharm<\/p>\n<p>Dlaczego kolagen jest tak istotny i jak wspiera\u0107 jego produkcj\u0119?<\/p>\n<p data-section=\"article-paragraph-block\" class=\"[&amp;&gt;a]:underline [&amp;&gt;a]:text-amaranth font-roboto text-base text-gray-900 my-2\">Kolagen to kluczowe bia\u0142ko odpowiedzialne za j\u0119drno\u015b\u0107, elastyczno\u015b\u0107 i g\u0142adko\u015b\u0107 naszej sk\u00f3ry \u2013 to w\u0142a\u015bnie on tworzy swoiste \u201erusztowanie\u201d podtrzymuj\u0105ce cer\u0119. Z wiekiem jego naturalna produkcja stopniowo spada, co prowadzi do utraty napi\u0119cia, pojawienia si\u0119 zmarszczek i zmian w strukturze sk\u00f3ry. Dlatego tak wa\u017cne jest wspieranie proces\u00f3w, kt\u00f3re pobudzaj\u0105 sk\u00f3r\u0119 do odnowy. Syntez\u0119 kolagenu mo\u017cna pobudza\u0107 na wiele sposob\u00f3w \u2013 jednym z najskuteczniejszych jest stosowanie sk\u0142adnik\u00f3w aktywnych, takich jak retinoidy, witamina C czy peptydy, kt\u00f3re aktywuj\u0105 fibroblasty do intensywniejszej pracy. Istotn\u0105 rol\u0119 odgrywa tak\u017ce ochrona przed promieniowaniem UV, poniewa\u017c s\u0142o\u0144ce przyspiesza degradacj\u0119 w\u0142\u00f3kien kolagenowych. Warto r\u00f3wnie\u017c pami\u0119ta\u0107 o dobrze dobranej diecie bogatej w antyoksydanty i aminokwasy, odpowiednim nawodnieniu oraz zabiegach kosmetologicznych, takich jak laseroterapia czy mikronak\u0142uwanie, kt\u00f3re dodatkowo stymuluj\u0105 sk\u00f3r\u0119 do regeneracji. Dzi\u0119ki tak kompleksowemu podej\u015bciu mo\u017cliwe jest utrzymanie cery w dobrej kondycji na d\u0142u\u017cej.<\/p>\n<p data-section=\"article-paragraph-block\" class=\"[&amp;&gt;a]:underline [&amp;&gt;a]:text-amaranth font-roboto text-base text-gray-900 my-2\">To te\u017c mo\u017ce ci\u0119 zainteresowa\u0107: <a href=\"https:\/\/lamoda.pl\/trendy\/uroda\/ten-krem-sciera-cienie-i-zmarszczki-wokol-oczu-jak-gumka-moje-wory-pod-oczami\/0w9bx8w\" id=\"b1fea934-4ce9-4477-9de7-5358e9df1265\" rel=\"nofollow noopener\" target=\"_blank\">Ten krem \u015bciera cienie i zmarszczki wok\u00f3\u0142 oczu jak gumka. &#8222;Moje wory pod oczami znikn\u0119\u0142y!&#8221;<\/a><\/p>\n<p class=\"font-roboto italic py-2 text-base text-gray-900\">W tek\u015bcie i na zdj\u0119ciach umieszczono linki reklamowe naszego partnera.<\/p>\n<p class=\"whitespace-pre-line font-roboto text-gray-900 text-lg italic pb-4\">Dzi\u0119kujemy, \u017ce przeczyta\u0142a\u015b\/e\u015b nasz artyku\u0142 do ko\u0144ca.<br \/>\nB\u0105d\u017a na bie\u017c\u0105co! <a class=\"text-primary-500 underline hover:decoration-2\" rel=\"nofollow noopener\" href=\"https:\/\/news.google.com\/publications\/CAAqBwgKMK2rxgsw0MbdAw?hl=pl&amp;gl=PL&amp;ceid=PL%3Apl\" target=\"_blank\">Obserwuj<\/a> nas w Wiadomo\u015bciach Google.<\/p>\n","protected":false},"excerpt":{"rendered":"P\u00f3\u0142ki w twojej \u0142azience uginaj\u0105 si\u0119 pod ci\u0119\u017carem dziesi\u0105tek kosmetyk\u00f3w, a efekt\u00f3w brak? Czasami liczy si\u0119 jako\u015b\u0107, nie&hellip;\n","protected":false},"author":2,"featured_media":106121,"comment_status":"","ping_status":"","sticky":false,"template":"","format":"standard","meta":{"footnotes":""},"categories":[20],"tags":[120,118,119,42,38,40,39,41,116,114,115,121,117,1323],"class_list":{"0":"post-106120","1":"post","2":"type-post","3":"status-publish","4":"format-standard","5":"has-post-thumbnail","7":"category-nauka-i-technika","8":"tag-nauka","9":"tag-nauka-i-technika","10":"tag-naukatechnika","11":"tag-pl","12":"tag-poland","13":"tag-polish","14":"tag-polska","15":"tag-polski","16":"tag-science","17":"tag-science-and-technology","18":"tag-sciencetechnology","19":"tag-technika","20":"tag-technology","21":"tag-uroda"},"share_on_mastodon":{"url":"https:\/\/pubeurope.com\/@pl\/115566655152807474","error":""},"_links":{"self":[{"href":"https:\/\/www.europesays.com\/pl\/wp-json\/wp\/v2\/posts\/106120","targetHints":{"allow":["GET"]}}],"collection":[{"href":"https:\/\/www.europesays.com\/pl\/wp-json\/wp\/v2\/posts"}],"about":[{"href":"https:\/\/www.europesays.com\/pl\/wp-json\/wp\/v2\/types\/post"}],"author":[{"embeddable":true,"href":"https:\/\/www.europesays.com\/pl\/wp-json\/wp\/v2\/users\/2"}],"replies":[{"embeddable":true,"href":"https:\/\/www.europesays.com\/pl\/wp-json\/wp\/v2\/comments?post=106120"}],"version-history":[{"count":0,"href":"https:\/\/www.europesays.com\/pl\/wp-json\/wp\/v2\/posts\/106120\/revisions"}],"wp:featuredmedia":[{"embeddable":true,"href":"https:\/\/www.europesays.com\/pl\/wp-json\/wp\/v2\/media\/106121"}],"wp:attachment":[{"href":"https:\/\/www.europesays.com\/pl\/wp-json\/wp\/v2\/media?parent=106120"}],"wp:term":[{"taxonomy":"category","embeddable":true,"href":"https:\/\/www.europesays.com\/pl\/wp-json\/wp\/v2\/categories?post=106120"},{"taxonomy":"post_tag","embeddable":true,"href":"https:\/\/www.europesays.com\/pl\/wp-json\/wp\/v2\/tags?post=106120"}],"curies":[{"name":"wp","href":"https:\/\/api.w.org\/{rel}","templated":true}]}}