{"id":106122,"date":"2025-11-17T19:19:12","date_gmt":"2025-11-17T19:19:12","guid":{"rendered":"https:\/\/www.europesays.com\/pl\/106122\/"},"modified":"2025-11-17T19:19:12","modified_gmt":"2025-11-17T19:19:12","slug":"co-drugi-klient-wybiera-ten-model-ruch-w-salonach-coraz-wiekszy","status":"publish","type":"post","link":"https:\/\/www.europesays.com\/pl\/106122\/","title":{"rendered":"Co drugi klient wybiera ten model. Ruch w salonach coraz wi\u0119kszy"},"content":{"rendered":"<p>    Rynek aut elektrycznych ro\u015bnie<\/p>\n<p class=\"hyphenate \" data-text-len=\"619\" data-scroll=\"paragraph_3\"><a href=\"https:\/\/www.dziennik.pl\/tagi\/audi\" id=\"6fc5cbd4-cfb8-49bf-a21c-139fe144d21d\" title=\"Audi\" rel=\"nofollow noopener\" target=\"_blank\">Audi<\/a> i Polskie Stowarzyszenie Nowej Mobilno\u015bci o kondycji rynku aut elektrycznych w Polsce. Najnowszy raport zosta\u0142 zaprezentowany w Audi City Warszawa. Zielonych tablic na drogach stale przybywa, ale samochody BEV (Battery Electric Vehicles) to niejedyne oblicze elektromobilno\u015bci. Opr\u00f3cz elektryk\u00f3w, popularno\u015b\u0107 zdobywaj\u0105 hybrydy plug-in. Spalinowe modele, kt\u00f3re daj\u0105 mo\u017cliwo\u015b\u0107 jazdy w trybie elektrycznym to bezpieczna przysta\u0144 dla tych, kt\u00f3rzy wci\u0105\u017c nie s\u0105 gotowi, by przesi\u0105\u015b\u0107 si\u0119 do elektryka.<\/p>\n<p class=\"hyphenate \" data-text-len=\"503\" data-scroll=\"paragraph_4\">Program dop\u0142at &#8222;NaszEauto&#8221; zdecydowanie o\u017cywi\u0142 rynek. Jak podaje PSNM w comiesi\u0119cznym raporcie PEVO Index, na koniec wrze\u015bnia 2025 r. \u0142\u0105czna liczba zarejestrowanych w Polsce samochod\u00f3w ca\u0142kowicie elektrycznych (BEV) wynosi\u0142a 112 286 szt. Udzia\u0142 BEV na rynku nowych samochod\u00f3w osobowych wyni\u00f3s\u0142 z kolei rekordowe 8,9%. Coraz wi\u0119cej aut na pr\u0105d i perspektywy dalszego rozw\u00f3j tego rynku poci\u0105gn\u0119\u0142y za sob\u0105 r\u00f3wnie\u017c zmiany w kwestii infrastruktury. Jak idzie budowa stacji i hub\u00f3w \u0142adowania?<\/p>\n<p class=\"hyphenate \" data-text-len=\"356\" data-scroll=\"paragraph_5\">Wystarczy por\u00f3wna\u0107 dane rok do roku, by zobaczy\u0107, jak szybko przybywa \u0142adowarek przy polskich drogach. Na koniec wrze\u015bnia 2025 r. w Polsce funkcjonowa\u0142y 11 173 (+40% r\/r) og\u00f3lnodost\u0119pne punkty \u0142adowania, w tym 7278 AC (+30% r\/r) oraz 3895 DC (+65% r\/r). Wzd\u0142u\u017c sieci TEN-T by\u0142o dost\u0119pne 1146 punkt\u00f3w \u0142adowania, czyli o 43% wi\u0119cej ni\u017c we wrze\u015bniu 2025 roku.<\/p>\n<p>                            <img loading=\"lazy\" decoding=\"async\" data-image=\"copyrightNote\" data-run-module=\"local\/lazyLoading.hybridLazyLoading\" data-original=\"https:\/\/ocdn.eu\/pulscms-transforms\/1\/-6Nk9kuTURBXy82NzVlODQ0ZS0yZDg1LTQ3NjktOWMxNi1mODY3YTVjODc1MzQuanBlZ5GVAs0DJQDCw94AAaEwAQ\" data-original-retina=\"https:\/\/ocdn.eu\/pulscms-transforms\/1\/K7Nk9kuTURBXy82NzVlODQ0ZS0yZDg1LTQ3NjktOWMxNi1mODY3YTVjODc1MzQuanBlZ5GVAs0GSgDCw94AAaEwAQ\" data-original-webp=\"https:\/\/ocdn.eu\/pulscms-transforms\/1\/LhSk9kuTURBXy82NzVlODQ0ZS0yZDg1LTQ3NjktOWMxNi1mODY3YTVjODc1MzQuanBlZ5GVAs0DJQDCw94AAaEwBQ\" data-original-webp-retina=\"https:\/\/ocdn.eu\/pulscms-transforms\/1\/p2Hk9kuTURBXy82NzVlODQ0ZS0yZDg1LTQ3NjktOWMxNi1mODY3YTVjODc1MzQuanBlZ5GVAs0GSgDCw94AAaEwBQ\" src=\"data:image\/gif;base64,R0lGODlhAQABAPABAP\/\/\/wAAACH5BAEKAAAALAAAAAABAAEAAAICRAEAOw%3D%3D\" alt=\"Audi S e-tron GT\" width=\"805\" height=\"536\"\/><\/p>\n<p>                          Audi S e-tron GT<\/p>\n<p>                          \/<\/p>\n<p>                            dziennik.pl<\/p>\n<p>                          \/<\/p>\n<p>                          Maciej Lubczy\u0144ski<\/p>\n<p>    Audi stawia na elektromobilno\u015b\u0107<\/p>\n<p class=\"hyphenate \" data-text-len=\"374\" data-scroll=\"paragraph_8\">Swoimi wyliczeniami dzieli si\u0119 te\u017c Audi. Na spotkaniu w Audi City <a href=\"https:\/\/www.dziennik.pl\/tagi\/warszawa\" id=\"577b7bae-5841-4195-9204-a989b079be5d\" title=\"Warszawa\" rel=\"nofollow noopener\" target=\"_blank\">Warszawa<\/a>, statystyki prezentowa\u0142 \u0141ukasz Zadworny, dyrektor marki w Polsce. Jeden model z gamy cieszy si\u0119 szczeg\u00f3lnym &#8222;wzi\u0119ciem&#8221;. Jakie auta wybieraj\u0105 kierowcy, kt\u00f3rzy kieruj\u0105 kroki do salon\u00f3w Audi?<\/p>\n<p class=\"hyphenate \" data-text-len=\"592\" data-scroll=\"paragraph_9\">W\u015br\u00f3d BEV najwi\u0119ksz\u0105 popularno\u015bci\u0105 w gamie Audi cieszy si\u0119 Q4 e-tron, kt\u00f3re odpowiada za ponad po\u0142ow\u0119 sprzeda\u017cy elektrycznych modeli marki w Polsce. W okresie od stycznia do ko\u0144ca wrze\u015bnia 2025 zarejestrowano w Polsce 1285 samochod\u00f3w elektrycznych marki z Ingolstadt &#8211; to przyrost wzgl\u0119dem analogicznego okresu z 2024 roku a\u017c o 58 procent. Katalogowa cena modelu opartego o platform\u0119 MEB wynosi dzi\u015b 213 500 PLN. Dzi\u0119ki takiej cenie, Q4 e-tron mo\u017ce by\u0107 obj\u0119ty dotacj\u0105, co w praktyce pozwala kierowcom cieszy\u0107 si\u0119 znacznie ni\u017csz\u0105 rat\u0105 w leasingu b\u0105d\u017a wynajmie d\u0142ugoterminowym.<\/p>\n<p>                            <img loading=\"lazy\" decoding=\"async\" data-image=\"copyrightNote\" data-run-module=\"local\/lazyLoading.hybridLazyLoading\" data-original=\"https:\/\/ocdn.eu\/pulscms-transforms\/1\/Dnvk9kuTURBXy9hYjQ0ZjQxOC1iYjA0LTRjYWMtOGIzMy0yMzcxOTBkNGRhOGUuanBlZ5GVAs0DJQDCw94AAaEwAQ\" data-original-retina=\"https:\/\/ocdn.eu\/pulscms-transforms\/1\/52mk9kuTURBXy9hYjQ0ZjQxOC1iYjA0LTRjYWMtOGIzMy0yMzcxOTBkNGRhOGUuanBlZ5GVAs0GSgDCw94AAaEwAQ\" data-original-webp=\"https:\/\/ocdn.eu\/pulscms-transforms\/1\/iEFk9kuTURBXy9hYjQ0ZjQxOC1iYjA0LTRjYWMtOGIzMy0yMzcxOTBkNGRhOGUuanBlZ5GVAs0DJQDCw94AAaEwBQ\" data-original-webp-retina=\"https:\/\/ocdn.eu\/pulscms-transforms\/1\/3Btk9kuTURBXy9hYjQ0ZjQxOC1iYjA0LTRjYWMtOGIzMy0yMzcxOTBkNGRhOGUuanBlZ5GVAs0GSgDCw94AAaEwBQ\" src=\"data:image\/gif;base64,R0lGODlhAQABAPABAP\/\/\/wAAACH5BAEKAAAALAAAAAABAAEAAAICRAEAOw%3D%3D\" alt=\"Test Audi Q4 e-tron\" width=\"805\" height=\"537\"\/><\/p>\n<p>                          Test: Audi Q4 e-tron \u2013 elektryk, kt\u00f3rego naprawd\u0119 da si\u0119 lubi\u0107<\/p>\n<p>                          \/<\/p>\n<p>                            nieznane<\/p>\n<p>                          \/<\/p>\n<p>                          Kuba Brzezi\u0144ski<\/p>\n<p class=\"hyphenate \" data-text-len=\"315\" data-scroll=\"paragraph_11\">\u2013 Klienci coraz rzadziej pytaj\u0105 \u201eczy elektryk da sobie rad\u0119?\u201d, a cz\u0119\u015bciej \u2013 \u201ekt\u00f3ry model b\u0119dzie lepiej dopasowany do mojego stylu jazdy\u201d. Naszym atutem jest oferowanie modeli elektrycznych w r\u00f3\u017cnych segmentach i bardzo atrakcyjnej ofercie finansowej \u2013 zauwa\u017ca \u0141ukasz Zadworny, dyrektor marki Audi w Polsce.<\/p>\n<p>    Takie elektryki kupuj\u0105 klienci<\/p>\n<p class=\"hyphenate \" data-text-len=\"359\" data-scroll=\"paragraph_13\">Z danych marki Audi wynika, \u017ce wi\u0119kszo\u015b\u0107 sprzedanych w Polsce samochod\u00f3w elektrycznych marki mie\u015bci si\u0119 w przedziale cen katalogowych na poziomie 250\u2013400 tys. z\u0142. Kierowcy ch\u0119tnie doposa\u017caj\u0105 zamawiane samochody w dodatkowe pakiety. Najdro\u017csze sprzedane auto elektryczne w omawianym okresie to Audi RS e-tron GT w katalogowej cenie 957 320 z\u0142.<\/p>\n<p class=\"hyphenate \" data-text-len=\"307\" data-scroll=\"paragraph_14\">Q4 e-tron to niekwestionowany hit, kt\u00f3ry odpowiada za 52 procent sprzeda\u017cy modeli BEV z gamy Audi. Jakie samochody uplasowa\u0142y si\u0119 na dalszych lokatach? Numerem dwa okaza\u0142o si\u0119 Audi Q6 e-tron (co czwarty kupuj\u0105cy), na na trzecim miejscu &#8211; Audi A6 e-tron (co pi\u0105ty kupuj\u0105cy).<\/p>\n<p>                            <img loading=\"lazy\" decoding=\"async\" data-image=\"copyrightNote\" data-run-module=\"local\/lazyLoading.hybridLazyLoading\" data-original=\"https:\/\/ocdn.eu\/pulscms-transforms\/1\/0ROk9kuTURBXy9kNTc2YTZkOC0yNjZhLTRlNjAtYjBkNy1lM2VhNGFmNTNkOTkuanBlZ5GVAs0DJQDCw94AAaEwAQ\" data-original-retina=\"https:\/\/ocdn.eu\/pulscms-transforms\/1\/qVwk9kuTURBXy9kNTc2YTZkOC0yNjZhLTRlNjAtYjBkNy1lM2VhNGFmNTNkOTkuanBlZ5GVAs0GSgDCw94AAaEwAQ\" data-original-webp=\"https:\/\/ocdn.eu\/pulscms-transforms\/1\/ywVk9kuTURBXy9kNTc2YTZkOC0yNjZhLTRlNjAtYjBkNy1lM2VhNGFmNTNkOTkuanBlZ5GVAs0DJQDCw94AAaEwBQ\" data-original-webp-retina=\"https:\/\/ocdn.eu\/pulscms-transforms\/1\/CK4k9kuTURBXy9kNTc2YTZkOC0yNjZhLTRlNjAtYjBkNy1lM2VhNGFmNTNkOTkuanBlZ5GVAs0GSgDCw94AAaEwBQ\" src=\"data:image\/gif;base64,R0lGODlhAQABAPABAP\/\/\/wAAACH5BAEKAAAALAAAAAABAAEAAAICRAEAOw%3D%3D\" alt=\"Audi S e-tron GT\" width=\"805\" height=\"536\"\/><\/p>\n<p>                          Audi S e-tron GT<\/p>\n<p>                          \/<\/p>\n<p>                            dziennik.pl<\/p>\n<p>                          \/<\/p>\n<p>                          Maciej Lubczy\u0144ski<\/p>\n<p>    Hybrydy plug-in coraz popularniejsze<\/p>\n<p class=\"hyphenate \" data-text-len=\"201\" data-scroll=\"paragraph_17\">Audi zapewnia, \u017ce mimo rosn\u0105cego udzia\u0142u aut BEV, hybrydy plug-in pozostaj\u0105 wa\u017cnym elementem w portfolio produktowym marki Audi. Najcz\u0119\u015bciej wybierane modele PHEV to SUV-y z rodziny Q.<\/p>\n<p class=\"hyphenate \" data-text-len=\"290\" data-scroll=\"paragraph_18\">\u2013Nie ka\u017cdy kierowca jest jeszcze gotowy na w pe\u0142ni elektryczny nap\u0119d w swoim samochodzie. Hybrydy plug-in wype\u0142niaj\u0105 t\u0119 przestrze\u0144 \u2013 to w dzisiejszych realiach realistyczne rozwi\u0105zanie dla kierowc\u00f3w chc\u0105cych zrobi\u0107 pierwszy krok w kierunku elektromobilno\u015bci \u2013 podsumowuje Zadworny.<\/p>\n<p class=\"hyphenate \" data-text-len=\"189\" data-scroll=\"paragraph_19\">Sprzeda\u017c hybryd plug-in z gamy Audi wzros\u0142a o 19% rok do roku. Dla por\u00f3wnania, w pe\u0142ni elektryczne modele e-tron ciesz\u0105 si\u0119 sprzeda\u017c\u0105 o 58% wi\u0119ksz\u0105 w por\u00f3wnaniu z analogicznym okresem 2024.<\/p>\n<p>                            <img loading=\"lazy\" decoding=\"async\" data-image=\"copyrightNote\" data-run-module=\"local\/lazyLoading.hybridLazyLoading\" data-original=\"https:\/\/ocdn.eu\/pulscms-transforms\/1\/z7Ak9kuTURBXy8zOThjYmEwYS0yNTJjLTRkYmYtOTcyNi1kYWQ2NTM5YjlkZDMuanBlZ5GVAs0DJQDCw94AAaEwAQ\" data-original-retina=\"https:\/\/ocdn.eu\/pulscms-transforms\/1\/Aagk9kuTURBXy8zOThjYmEwYS0yNTJjLTRkYmYtOTcyNi1kYWQ2NTM5YjlkZDMuanBlZ5GVAs0GSgDCw94AAaEwAQ\" data-original-webp=\"https:\/\/ocdn.eu\/pulscms-transforms\/1\/8pJk9kuTURBXy8zOThjYmEwYS0yNTJjLTRkYmYtOTcyNi1kYWQ2NTM5YjlkZDMuanBlZ5GVAs0DJQDCw94AAaEwBQ\" data-original-webp-retina=\"https:\/\/ocdn.eu\/pulscms-transforms\/1\/0y2k9kuTURBXy8zOThjYmEwYS0yNTJjLTRkYmYtOTcyNi1kYWQ2NTM5YjlkZDMuanBlZ5GVAs0GSgDCw94AAaEwBQ\" src=\"data:image\/gif;base64,R0lGODlhAQABAPABAP\/\/\/wAAACH5BAEKAAAALAAAAAABAAEAAAICRAEAOw%3D%3D\" alt=\"Hybrydy plug-in Audi\" width=\"805\" height=\"537\"\/><\/p>\n<p>                          Hybrydy plug-in Audi<\/p>\n<p>                          \/<\/p>\n<p>                            Audi<\/p>\n<p>                          \/<\/p>\n<p>                          Materia\u0142y prasowe<\/p>\n","protected":false},"excerpt":{"rendered":"Rynek aut elektrycznych ro\u015bnie Audi i Polskie Stowarzyszenie Nowej Mobilno\u015bci o kondycji rynku aut elektrycznych w Polsce. Najnowszy&hellip;\n","protected":false},"author":2,"featured_media":106123,"comment_status":"","ping_status":"","sticky":false,"template":"","format":"standard","meta":{"footnotes":""},"categories":[16],"tags":[113,112,42,38,40,39,41],"class_list":{"0":"post-106122","1":"post","2":"type-post","3":"status-publish","4":"format-standard","5":"has-post-thumbnail","7":"category-biznes","8":"tag-biznes","9":"tag-business","10":"tag-pl","11":"tag-poland","12":"tag-polish","13":"tag-polska","14":"tag-polski"},"share_on_mastodon":{"url":"https:\/\/pubeurope.com\/@pl\/115566658493898893","error":""},"_links":{"self":[{"href":"https:\/\/www.europesays.com\/pl\/wp-json\/wp\/v2\/posts\/106122","targetHints":{"allow":["GET"]}}],"collection":[{"href":"https:\/\/www.europesays.com\/pl\/wp-json\/wp\/v2\/posts"}],"about":[{"href":"https:\/\/www.europesays.com\/pl\/wp-json\/wp\/v2\/types\/post"}],"author":[{"embeddable":true,"href":"https:\/\/www.europesays.com\/pl\/wp-json\/wp\/v2\/users\/2"}],"replies":[{"embeddable":true,"href":"https:\/\/www.europesays.com\/pl\/wp-json\/wp\/v2\/comments?post=106122"}],"version-history":[{"count":0,"href":"https:\/\/www.europesays.com\/pl\/wp-json\/wp\/v2\/posts\/106122\/revisions"}],"wp:featuredmedia":[{"embeddable":true,"href":"https:\/\/www.europesays.com\/pl\/wp-json\/wp\/v2\/media\/106123"}],"wp:attachment":[{"href":"https:\/\/www.europesays.com\/pl\/wp-json\/wp\/v2\/media?parent=106122"}],"wp:term":[{"taxonomy":"category","embeddable":true,"href":"https:\/\/www.europesays.com\/pl\/wp-json\/wp\/v2\/categories?post=106122"},{"taxonomy":"post_tag","embeddable":true,"href":"https:\/\/www.europesays.com\/pl\/wp-json\/wp\/v2\/tags?post=106122"}],"curies":[{"name":"wp","href":"https:\/\/api.w.org\/{rel}","templated":true}]}}