{"id":106132,"date":"2025-11-17T19:25:16","date_gmt":"2025-11-17T19:25:16","guid":{"rendered":"https:\/\/www.europesays.com\/pl\/106132\/"},"modified":"2025-11-17T19:25:16","modified_gmt":"2025-11-17T19:25:16","slug":"apple-mowi-profesjonalistom-jak-maja-zyc-ta-decyzja-wielu-sie-nie-spodoba","status":"publish","type":"post","link":"https:\/\/www.europesays.com\/pl\/106132\/","title":{"rendered":"Apple m\u00f3wi profesjonalistom jak maj\u0105 \u017cy\u0107. Ta decyzja wielu si\u0119 nie spodoba"},"content":{"rendered":"\n<p class=\"text-lg md:text-xl mb-6 leading-8 md:leading-9 font-inter px-4 md:px-0 relative z-1\" data-v-de169c3e=\"\">Profesjonali\u015bci korzystaj\u0105cy ze sprz\u0119tu Apple nie b\u0119d\u0105 zachwyceni. Firma postanowi\u0142a nieco zmieni\u0107 swoje podej\u015bcie do rozwoju narz\u0119dzi dla najbardziej wymagaj\u0105cych. I ucierpi na tym przede wszystkim model Pro.<\/p>\n<p>Jak wynika z <a href=\"https:\/\/www.bloomberg.com\/account\/newsletters\/power-on\" rel=\"nofollow noopener\" target=\"_blank\">najnowszych informacji,<\/a> Apple ma zaprzesta\u0107 rozwoju komputer\u00f3w Mac Pro i postawi\u0107 na Mac Studio. Komputer typu &#8222;tower&#8221; mia\u0142 trafi\u0107 na boczny tor, a przysz\u0142o\u015b\u0107 w kwestii profesjonalnych desktop\u00f3w Apple ma koncentrowa\u0107 si\u0119 na kompaktowej stacji roboczej. Raporty sugeruj\u0105, \u017ce projekt M4 Ultra zosta\u0142 anulowany, a planowany pod niego od\u015bwie\u017cony Mac Pro &#8222;zosta\u0142 skre\u015blony&#8221;, wi\u0119c kolejny topowy uk\u0142ad w linii ma by\u0107 dopiero M5 Ultra. Przy czym na ten moment przypisywany jest on wy\u0142\u0105cznie Makowi Studio. To oznacza, \u017ce w przysz\u0142ym roku nie ma co oczekiwa\u0107 znacz\u0105cej aktualizacji dla komputer\u00f3w z serii Mac Pro, cho\u0107 ca\u0142kowite porzucenie modelu nie jest jeszcze przes\u0105dzone. Na t\u0119 chwil\u0119 m\u00f3wi si\u0119 raczej o &#8222;pauzie&#8221; i przeniesieniu zasob\u00f3w na modele z serii Studio.<\/p>\n<p>    Dlaczego Apple stawia na Mac Studio? <\/p>\n<p>Mac Studio jest ta\u0144szy w produkcji, prostszy w integracji z uk\u0142adami Ultra i lepiej skaluje si\u0119 popytowo ni\u017c niszowy Mac Pro, kt\u00f3ry po przej\u015bciu na Apple Silicon straci\u0142 kluczowy atut rozbudowy PCIe i modularno\u015bci znanej z czas\u00f3w intelowskich. W praktyce wi\u0119kszo\u015b\u0107 profesjonalist\u00f3w (monta\u017cyst\u00f3w wideo, rze\u017abiarzy 3D, programist\u00f3w) skorzysta bardziej na szybkim cyklu chip\u00f3w w Studio ni\u017c na rzadkich, drogich, iteracjach Pro. Dodatkowo: brak prac nad M4 Ultra sugeruje, \u017ce Apple chce przeskoczy\u0107 bezpo\u015brednio do klastra M5 Ultra, optymalizuj\u0105c nak\u0142ady R&amp;D i okno marketingowe.<\/p>\n<p>Z obecnych informacji wynika, \u017ce Apple w du\u017cej mierze spisa\u0142o Maka Pro na straty, ale nie m\u00f3wi jeszcze &#8222;stop&#8221;. Dlatego te\u017c mo\u017cliwy jest powr\u00f3t dopiero przy M5 Ultra, je\u015bli analiza rynku i produkcja uk\u0142ad\u00f3w uzasadni powr\u00f3t klasycznego towera od Apple. Harmonogram ten wyklucza wi\u0119ksz\u0105 aktualizacj\u0119 w 2026 roku, co dla studi\u00f3w postprodukcyjnych oznacza przewidywaln\u0105 \u015bcie\u017ck\u0119 zakupow\u0105: i\u015b\u0107 w Mac Studio jako &#8222;nowe maksimum&#8221; w desktopach Apple. W mi\u0119dzyczasie przewodniki zakupowe coraz cz\u0119\u015bciej wskazuj\u0105 Studio jako domy\u015blne rozwi\u0105zanie dla profesjonalist\u00f3w, wype\u0142niaj\u0105ce przestrze\u0144, jak\u0105 kiedy\u015b okupowa\u0142 Pro.<\/p>\n<p>Przesuni\u0119cie ci\u0119\u017caru na Mac Studio spina si\u0119 z trendem mniejszych, cichszych, stacji roboczych, kt\u00f3re zapewniaj\u0105 wydajno\u015b\u0107 klasy Ultra bez dodatkowych koszt\u00f3w, gabarytu i niewykorzystanej rozbudowy Pro. Dla zespo\u0142\u00f3w IT oznacza to prostsz\u0105 standaryzacj\u0119, a dla tw\u00f3rc\u00f3w: kr\u00f3tsze cykle od\u015bwie\u017ce\u0144 i szybszy dost\u0119p do nowych generacji Apple Silicon. Jednocze\u015bnie rynek akcesori\u00f3w i PCIe po stronie macOS b\u0119dzie si\u0119 dalej kurczy\u0107, co jeszcze bardziej wzmacnia Studio jako nowy dom dla najwy\u017cszej wydajno\u015bci w ekosystemie Apple.<\/p>\n<p>Czytaj dalej poni\u017cej <a href=\"https:\/\/antyweb.pl\/dni-tima-cooka-w-apple-sa-policzone-kto-go-zastapi\" aria-label=\"Dni Tima Cooka w Apple s\u0105 policzone. Kto go zast\u0105pi?\" data-v-34dfeb02=\"\" rel=\"nofollow noopener\" target=\"_blank\"> <img src=\"https:\/\/www.europesays.com\/pl\/wp-content\/uploads\/2025\/11\/1763394492_406_tim-cook-apple-ceo.jpg\" alt=\"Dni Tima Cooka w Apple s\u0105 policzone. Kto go zast\u0105pi?\" width=\"294\" height=\"166\" loading=\"lazy\" decoding=\"async\" class=\"placeholder__image\" data-v-7665aa9d=\"\"\/><\/a> <a href=\"https:\/\/antyweb.pl\/apple-tv-messi-abonament-przepustka-mls\" aria-label=\"Messi trafi do Apple TV. Start ju\u017c w 2026\" data-v-34dfeb02=\"\" rel=\"nofollow noopener\" target=\"_blank\"> <img src=\"https:\/\/www.europesays.com\/pl\/wp-content\/uploads\/2025\/11\/messi-apple-mls.jpg\" alt=\"Messi trafi do Apple TV. Start ju\u017c w 2026\" width=\"294\" height=\"166\" loading=\"lazy\" decoding=\"async\" class=\"placeholder__image\" data-v-7665aa9d=\"\"\/><\/a>    Zmiany rynkowe widoczne go\u0142ym okiem. Nie ka\u017cdemu przypadn\u0105 do gustu <\/p>\n<p>Je\u015bli potrzebujesz maksymalnej mocy i macOS: to w najbli\u017cszych miesi\u0105cach najbardziej rozs\u0105dnym wyborem pozostaje Mac Studio, bo to on ma otrzyma\u0107 kolejn\u0105 iteracj\u0119 topowych uk\u0142ad\u00f3w, podczas gdy Mac Pro, w najlepszym razie, czeka na odleg\u0142\u0105 rewizj\u0119 przy M5 Ultra. Dlatego te\u017c inwestycja w Maca Pro powinna by\u0107 dzi\u015b wyj\u0105tkowo dobrze uzasadniona specyfik\u0105 systemu pracy, a dla wi\u0119kszo\u015bci profesjonalist\u00f3w bezpieczniejsz\u0105, bardziej przysz\u0142o\u015bciow\u0105, \u015bcie\u017ck\u0105 pozostaje jednak Mac Studio. I bez w\u0105tpienia jest to zmiana, kt\u00f3ra dla wielu nie mie\u015bci si\u0119 w g\u0142owie. Brak opcji rozbudowy brzmi dla nich jak &#8222;ma\u0142o profesjonalne&#8221; i &#8222;ma\u0142o powa\u017cne&#8221;, ale Apple ma na to nieco inne spojrzenie.<\/p>\n","protected":false},"excerpt":{"rendered":"Profesjonali\u015bci korzystaj\u0105cy ze sprz\u0119tu Apple nie b\u0119d\u0105 zachwyceni. Firma postanowi\u0142a nieco zmieni\u0107 swoje podej\u015bcie do rozwoju narz\u0119dzi dla&hellip;\n","protected":false},"author":2,"featured_media":106133,"comment_status":"","ping_status":"","sticky":false,"template":"","format":"standard","meta":{"footnotes":""},"categories":[20],"tags":[120,118,119,42,38,40,39,41,116,114,115,121,117],"class_list":{"0":"post-106132","1":"post","2":"type-post","3":"status-publish","4":"format-standard","5":"has-post-thumbnail","7":"category-nauka-i-technika","8":"tag-nauka","9":"tag-nauka-i-technika","10":"tag-naukatechnika","11":"tag-pl","12":"tag-poland","13":"tag-polish","14":"tag-polska","15":"tag-polski","16":"tag-science","17":"tag-science-and-technology","18":"tag-sciencetechnology","19":"tag-technika","20":"tag-technology"},"share_on_mastodon":{"url":"https:\/\/pubeurope.com\/@pl\/115566682800748133","error":""},"_links":{"self":[{"href":"https:\/\/www.europesays.com\/pl\/wp-json\/wp\/v2\/posts\/106132","targetHints":{"allow":["GET"]}}],"collection":[{"href":"https:\/\/www.europesays.com\/pl\/wp-json\/wp\/v2\/posts"}],"about":[{"href":"https:\/\/www.europesays.com\/pl\/wp-json\/wp\/v2\/types\/post"}],"author":[{"embeddable":true,"href":"https:\/\/www.europesays.com\/pl\/wp-json\/wp\/v2\/users\/2"}],"replies":[{"embeddable":true,"href":"https:\/\/www.europesays.com\/pl\/wp-json\/wp\/v2\/comments?post=106132"}],"version-history":[{"count":0,"href":"https:\/\/www.europesays.com\/pl\/wp-json\/wp\/v2\/posts\/106132\/revisions"}],"wp:featuredmedia":[{"embeddable":true,"href":"https:\/\/www.europesays.com\/pl\/wp-json\/wp\/v2\/media\/106133"}],"wp:attachment":[{"href":"https:\/\/www.europesays.com\/pl\/wp-json\/wp\/v2\/media?parent=106132"}],"wp:term":[{"taxonomy":"category","embeddable":true,"href":"https:\/\/www.europesays.com\/pl\/wp-json\/wp\/v2\/categories?post=106132"},{"taxonomy":"post_tag","embeddable":true,"href":"https:\/\/www.europesays.com\/pl\/wp-json\/wp\/v2\/tags?post=106132"}],"curies":[{"name":"wp","href":"https:\/\/api.w.org\/{rel}","templated":true}]}}