{"id":106137,"date":"2025-11-17T19:30:22","date_gmt":"2025-11-17T19:30:22","guid":{"rendered":"https:\/\/www.europesays.com\/pl\/106137\/"},"modified":"2025-11-17T19:30:22","modified_gmt":"2025-11-17T19:30:22","slug":"nie-moze-sie-nachwalic-urbana-i-nagle-takie-slowa-wypada-zalowac","status":"publish","type":"post","link":"https:\/\/www.europesays.com\/pl\/106137\/","title":{"rendered":"Nie mo\u017ce si\u0119 nachwali\u0107 Urbana. I nagle takie s\u0142owa. &#8222;Wypada \u017ca\u0142owa\u0107&#8221;"},"content":{"rendered":"\n<p class=\"contentpart contentpart--default contentpart--text\" data-position=\"1\"><a href=\"https:\/\/sportowefakty.wp.pl\/pilka-nozna\/adam-matysek\" rel=\"nofollow noopener\" target=\"_blank\">Adam Matysek<\/a>\u00a0w rozmowie z Polsk\u0105 Agencj\u0105 Prasow\u0105 wysoko oceni\u0142 gr\u0119 Bia\u0142o-Czerwonych w starciu z Holandi\u0105. Spotkanie rozegrane w Warszawie zako\u0144czy\u0142o si\u0119 remisem 1:1. Zdaniem by\u0142ego reprezentanta Polski dru\u017cyna prowadzona przez <a href=\"https:\/\/sportowefakty.wp.pl\/pilka-nozna\/jan-urban\" rel=\"nofollow noopener\" target=\"_blank\">Jana Urbana<\/a>\u00a0zagra\u0142a odwa\u017cnie i z wyra\u017anym planem taktycznym.<\/p>\n<p class=\"contentpart contentpart--default contentpart--text\" data-position=\"2\">&#8211; Nie uda\u0142o si\u0119 wygra\u0107, ale to by\u0142 kolejny pozytywny wyst\u0119p naszej reprezentacji. Holandia kontrolowa\u0142a mecz, prowadzi\u0142a gr\u0119, ale wida\u0107 by\u0142o, \u017ce my mamy te\u017c pomys\u0142 na to spotkanie &#8211; zaznaczy\u0142 w wywiadzie z PAP, m\u00f3wi\u0105c, \u017ce gdyby Nicola Zalewski wykorzysta\u0142 sytuacj\u0119 z pocz\u0105tku starcia to mecz m\u00f3g\u0142by by\u0107 jeszcze ciekawszy.<\/p>\n<p> <img role=\"presentation\" src=\"https:\/\/std.wpcdn.pl\/images\/adv\/placeholder_wp.svg\" loading=\"lazy\" alt=\"\" decoding=\"async\"\/>  <\/p>\n<p class=\"contentpart contentpart--default contentpart--text\" data-position=\"3\">ZOBACZ WIDEO: Lewandowski zachwycony po meczu kadry. &#8222;Ciarki na ca\u0142ym ciele&#8221;<\/p>\n<p class=\"contentpart contentpart--default contentpart--text\" data-position=\"5\">Polska wysz\u0142a na prowadzenie po golu Jakuba Kami\u0144skiego, a Holandia wyr\u00f3wna\u0142a po trafieniu Memphisa Depaya. Matysek zwr\u00f3ci\u0142 uwag\u0119 nie tylko na form\u0119 strzelca, ale i wk\u0142ad Roberta Lewandowskiego.\u00a0By\u0142y bramkarz pochwali\u0142 te\u017c defensyw\u0119.<\/p>\n<p class=\"contentpart contentpart--default contentpart--text\" data-position=\"6\">Nie mog\u0142o zabrakn\u0105\u0107 te\u017c mi\u0142ych s\u0142\u00f3w skierowanych w stron\u0119 Jana Urbana. Wed\u0142ug rozm\u00f3wcy Polskiej Agencji Prasowej, selekcjoner tchn\u0105\u0142 w kadr\u0119 nowe \u017cycie.<\/p>\n<p class=\"contentpart contentpart--default contentpart--text\" data-position=\"7\">&#8211;\u00a0Wiele ju\u017c zosta\u0142o na ten temat powiedziane i napisane. Nie chce si\u0119 powtarza\u0107, ale wida\u0107, co znaczy odpowiedni cz\u0142owiek na odpowiednim miejscu &#8211; zaznaczy\u0142 Matysek, dodaj\u0105c, \u017ce szkoleniowiec umia\u0142 dotrze\u0107 do zawodnik\u00f3w i przekona\u0107 ich do swojej koncepcji.<\/p>\n<p> <img role=\"presentation\" src=\"https:\/\/std.wpcdn.pl\/images\/adv\/placeholder_wp.svg\" loading=\"lazy\" alt=\"\" decoding=\"async\"\/>  <\/p>\n<p class=\"contentpart contentpart--default contentpart--text\" data-position=\"8\">&#8211;\u00a0Nie robi zmian dla robienia zmian, jak to by\u0142o wcze\u015bniej. Wypada tylko si\u0119 cieszy\u0107, ale te\u017c \u017ca\u0142owa\u0107, \u017ce musia\u0142o wydarzy\u0107 si\u0119 wiele z\u0142ego, aby dokona\u0107 s\u0142usznego wyboru &#8211; zako\u0144czy\u0142 w\u0105tek by\u0142y kadrowicz.<\/p>\n<p class=\"contentpart contentpart--default contentpart--text\" data-position=\"9\">Ostatnim rywalem Bia\u0142o-Czerwonych w eliminacjach do mistrzostw \u015bwiata b\u0119dzie Malta. Spotkanie odb\u0119dzie si\u0119 w poniedzia\u0142ek (17 listopada) o godzinie 20:45.<\/p>\n","protected":false},"excerpt":{"rendered":"Adam Matysek\u00a0w rozmowie z Polsk\u0105 Agencj\u0105 Prasow\u0105 wysoko oceni\u0142 gr\u0119 Bia\u0142o-Czerwonych w starciu z Holandi\u0105. Spotkanie rozegrane w&hellip;\n","protected":false},"author":2,"featured_media":106138,"comment_status":"","ping_status":"","sticky":false,"template":"","format":"standard","meta":{"footnotes":""},"categories":[24],"tags":[23600,467,2745,541,269,42,38,40,39,41,537,539,127,126],"class_list":{"0":"post-106137","1":"post","2":"type-post","3":"status-publish","4":"format-standard","5":"has-post-thumbnail","7":"category-sport","8":"tag-adam-matysek","9":"tag-eliminacje-ms-2026","10":"tag-jan-urban","11":"tag-kadra-polski","12":"tag-pilka-nozna","13":"tag-pl","14":"tag-poland","15":"tag-polish","16":"tag-polska","17":"tag-polski","18":"tag-reprezentacja-polski","19":"tag-reprezentacje","20":"tag-sport","21":"tag-sports"},"share_on_mastodon":{"url":"https:\/\/pubeurope.com\/@pl\/115566702441218239","error":""},"_links":{"self":[{"href":"https:\/\/www.europesays.com\/pl\/wp-json\/wp\/v2\/posts\/106137","targetHints":{"allow":["GET"]}}],"collection":[{"href":"https:\/\/www.europesays.com\/pl\/wp-json\/wp\/v2\/posts"}],"about":[{"href":"https:\/\/www.europesays.com\/pl\/wp-json\/wp\/v2\/types\/post"}],"author":[{"embeddable":true,"href":"https:\/\/www.europesays.com\/pl\/wp-json\/wp\/v2\/users\/2"}],"replies":[{"embeddable":true,"href":"https:\/\/www.europesays.com\/pl\/wp-json\/wp\/v2\/comments?post=106137"}],"version-history":[{"count":0,"href":"https:\/\/www.europesays.com\/pl\/wp-json\/wp\/v2\/posts\/106137\/revisions"}],"wp:featuredmedia":[{"embeddable":true,"href":"https:\/\/www.europesays.com\/pl\/wp-json\/wp\/v2\/media\/106138"}],"wp:attachment":[{"href":"https:\/\/www.europesays.com\/pl\/wp-json\/wp\/v2\/media?parent=106137"}],"wp:term":[{"taxonomy":"category","embeddable":true,"href":"https:\/\/www.europesays.com\/pl\/wp-json\/wp\/v2\/categories?post=106137"},{"taxonomy":"post_tag","embeddable":true,"href":"https:\/\/www.europesays.com\/pl\/wp-json\/wp\/v2\/tags?post=106137"}],"curies":[{"name":"wp","href":"https:\/\/api.w.org\/{rel}","templated":true}]}}