{"id":106143,"date":"2025-11-17T19:37:16","date_gmt":"2025-11-17T19:37:16","guid":{"rendered":"https:\/\/www.europesays.com\/pl\/106143\/"},"modified":"2025-11-17T19:37:16","modified_gmt":"2025-11-17T19:37:16","slug":"kamieniami-w-polskich-pilkarzy-kibicow-sprowokowali-smolarek-i-sedzia-sport-tvp-pl","status":"publish","type":"post","link":"https:\/\/www.europesays.com\/pl\/106143\/","title":{"rendered":"Kamieniami w polskich pi\u0142karzy. &quot;Kibic\u00f3w sprowokowali Smolarek i s\u0119dzia!&quot; &#8211; sport.tvp.pl"},"content":{"rendered":"<ol>\n<li><a href=\"https:\/\/news.google.com\/rss\/articles\/CBMivgFBVV95cUxQdHJkN2dpZVJBMjdRdmhGOGVab1ppSllxbUhnVlFwcVdfTVBFZXVhbjRYb3k5RGMzWlJUZlkwb0w5bjNPdHBmRHZ6a1Y2UGtZQXZzQWlZUk96NnRwZWZ0SWxJS3A4Wk1ybmswR3RRNDBGOEp4N0dtLVlwT3NQd2QyeVpvR0RSQnk2SzQtYkN6SFV2UWtucjNQdFdEbDJsRURZMWxUVFFNN1EtOVBDaDczR0UzQzNld0R1cUJ0VGF30gHDAUFVX3lxTFByQ2M3ZG1rRS1qZVIwVHhtNWhpZ05jelBrVEhsMVBtZVVKSkRfdHl5aFE0UmdxdHdyaGtJNDdCVGltWEVPSno2akdFTnhzRkVPUDg2UkpzNnFyY0g4d3ppQnNyVHlEa1FBV08zMGh3eHpBTWMyYXowYTd3TDJieHB3Zks3dHBIOU41SnpIci1POVZLY1RUYW1wcWxkVUxVUWdyYWZJVTRVT0hiREp6ZFlzUm5YdE85OWhsb3VZcWtpVTBtVQ?oc=5\" target=\"_blank\" rel=\"nofollow noopener\">Kamieniami w polskich pi\u0142karzy. &#8222;Kibic\u00f3w sprowokowali Smolarek i s\u0119dzia!&#8221;<\/a>&nbsp;&nbsp;sport.tvp.pl<\/li>\n<li><a href=\"https:\/\/news.google.com\/rss\/articles\/CBMiowFBVV95cUxPUzhyZFFPX2xidUs5SHRSZnVSUF85dUpKQVpqNGhMS05sNU9QMlhWOXhCZFEtOWxTZ1ZwS3RJOTVta3RYMUZIQlRnMXNTcjZCSENmbFFLTFE1cGlJT1N5M2M2bFV3cnNZQnJhTkJOQ1lqeW1FTmlpUlJNQXN2QlkyenpHenRTTHprbUFVamVhNW5MTHMyU0dtN0t5U1BGUUJVQ1Bv?oc=5\" target=\"_blank\" rel=\"nofollow noopener\">&#8222;Sodoma i Gomora&#8221;. Przed laty Polak\u00f3w obrzucono kamieniami na Malcie<\/a>&nbsp;&nbsp;SportoweFakty<\/li>\n<li><a href=\"https:\/\/news.google.com\/rss\/articles\/CBMi0gFBVV95cUxQdmV1YkhrQVNnRGJCNXdqNHJHY1Y2VDQ0TTM2cnJyT1doQ2pZSVkycFFfRGRGUHg1TUFCMjE5QmdkWE05Y18zZ2UtWVp0cHhOdTV6Y0FESDE2SlZNQjBnLVRZNklteWFxZlFkSFhtWFFPN2JLN1hPdGdvaGF1MFVwYjJ6NENHd3hVVFhNRHJQbGVuTEJya1F2ZVNqTndfbkwwMUNhVUJTMk5SYlRqVUtlNTBuR0dxR1V6Ul9Rd0trbF9TOVRDZ1dqSFV6SWtKOVJNWnc?oc=5\" target=\"_blank\" rel=\"nofollow noopener\">Dramatyczne godziny w Vallecie. Polacy i s\u0119dziowie pod ostrza\u0142em kibic\u00f3w<\/a>&nbsp;&nbsp;Sport w INTERIA.PL<\/li>\n<li><a href=\"https:\/\/news.google.com\/rss\/articles\/CBMiuwFBVV95cUxNUGpTc1VXb1pqWkpMTDN6ZGREbFBqamhsOGFJLXlabmwyNnExbTE2MWgtaXRNQ0JtcEFKbEtTR2RhUlhSRnQ0NzBnMlI3OEdLcU1Bd1pyUHljZGc5Z3dDb2drZFh4d1FwRWVVTVNCaW9NNExCUllBajdxWFl1YnU2aUhqZHdCamRRM0lwQ1pIelJMcy1nUG1MaF9KR0R2VDEwZVplMlRKN21Kb1o3MXNZRGpabVFlbkc5TVlj?oc=5\" target=\"_blank\" rel=\"nofollow noopener\">Afera alkoholowa przed wylotem na Malt\u0119. &#8222;Najdziwniejszy wyjazd kadry w historii&#8221;<\/a>&nbsp;&nbsp;Meczyki.pl<\/li>\n<li><a href=\"https:\/\/news.google.com\/rss\/articles\/CBMimgFBVV95cUxPTUlMbVlFOWlTc2U3VDFvRDZ5WFNkdGJMeFJyT1QyYVFhNnU5anlUbGxtQ0tHU2puYWhJckl0eDhXWmlBRHBUQktNekxHOWdCSFo5V04yZjl2aXNDTDVxNnlFOV93Qlo3NFZEVkEybXVaWklodkE2MERjVHZsZXU2WUw5c0NjVnB1U3Q4WXpaeVBGR25fNUhwSnRn?oc=5\" target=\"_blank\" rel=\"nofollow noopener\">Malta\u0144czycy obrzucili Polak\u00f3w kamieniami. 'Apele trafi\u0142y w pr\u00f3\u017cni\u0119&#8217; Reprezentacja Polski<\/a>&nbsp;&nbsp;Sport.pl<\/li>\n<\/ol>\n","protected":false},"excerpt":{"rendered":"Kamieniami w polskich pi\u0142karzy. &#8222;Kibic\u00f3w sprowokowali Smolarek i s\u0119dzia!&#8221;&nbsp;&nbsp;sport.tvp.pl &#8222;Sodoma i Gomora&#8221;. Przed laty Polak\u00f3w obrzucono kamieniami na&hellip;\n","protected":false},"author":2,"featured_media":106144,"comment_status":"","ping_status":"","sticky":false,"template":"","format":"standard","meta":{"footnotes":""},"categories":[24],"tags":[23604,23605,8534,23601,23607,23606,42,38,40,39,41,127,334,126,23602,23603],"class_list":{"0":"post-106143","1":"post","2":"type-post","3":"status-publish","4":"format-standard","5":"has-post-thumbnail","7":"category-sport","8":"tag-ernest-spiteri-gonzi","9":"tag-kamienie","10":"tag-malta","11":"tag-malta-polska","12":"tag-malta-polska-kamienie","13":"tag-malta-polska-walkower","14":"tag-pl","15":"tag-poland","16":"tag-polish","17":"tag-polska","18":"tag-polski","19":"tag-sport","20":"tag-sport-tvp-pl","21":"tag-sports","22":"tag-walkower","23":"tag-wlodzimierz-smolarek"},"share_on_mastodon":{"url":"https:\/\/pubeurope.com\/@pl\/115566729167644935","error":""},"_links":{"self":[{"href":"https:\/\/www.europesays.com\/pl\/wp-json\/wp\/v2\/posts\/106143","targetHints":{"allow":["GET"]}}],"collection":[{"href":"https:\/\/www.europesays.com\/pl\/wp-json\/wp\/v2\/posts"}],"about":[{"href":"https:\/\/www.europesays.com\/pl\/wp-json\/wp\/v2\/types\/post"}],"author":[{"embeddable":true,"href":"https:\/\/www.europesays.com\/pl\/wp-json\/wp\/v2\/users\/2"}],"replies":[{"embeddable":true,"href":"https:\/\/www.europesays.com\/pl\/wp-json\/wp\/v2\/comments?post=106143"}],"version-history":[{"count":0,"href":"https:\/\/www.europesays.com\/pl\/wp-json\/wp\/v2\/posts\/106143\/revisions"}],"wp:featuredmedia":[{"embeddable":true,"href":"https:\/\/www.europesays.com\/pl\/wp-json\/wp\/v2\/media\/106144"}],"wp:attachment":[{"href":"https:\/\/www.europesays.com\/pl\/wp-json\/wp\/v2\/media?parent=106143"}],"wp:term":[{"taxonomy":"category","embeddable":true,"href":"https:\/\/www.europesays.com\/pl\/wp-json\/wp\/v2\/categories?post=106143"},{"taxonomy":"post_tag","embeddable":true,"href":"https:\/\/www.europesays.com\/pl\/wp-json\/wp\/v2\/tags?post=106143"}],"curies":[{"name":"wp","href":"https:\/\/api.w.org\/{rel}","templated":true}]}}